{"id":56568,"date":"2025-05-15T09:04:38","date_gmt":"2025-05-15T09:04:38","guid":{"rendered":"https:\/\/dekkbi.com\/?p=56568"},"modified":"2025-05-15T09:04:38","modified_gmt":"2025-05-15T09:04:38","slug":"le-communique-du-conseil-des-ministres-du-mercredi-14-mai-2025","status":"publish","type":"post","link":"https:\/\/dekkbi.com\/?p=56568","title":{"rendered":"Le communiqu\u00e9 du Conseil des ministres du mercredi 14 mai 2025"},"content":{"rendered":"\n<p>Dakar, 14 mai (APS) \u2013 Le Chef de l\u2019Etat, Son Excellence, Monsieur Bassirou Diomaye Diakhar FAYE a pr\u00e9sid\u00e9, ce mercredi 14 mai 2025, la r\u00e9union hebdomadaire du Conseil des Ministres, au Palais de la R\u00e9publique.<\/p>\n\n\n\n<p>A l\u2019entame de sa communication, le Pr\u00e9sident de la R\u00e9publique a pr\u00e9sent\u00e9 ses chaleureuses f\u00e9licitations \u00e0 la communaut\u00e9 catholique suite \u00e0 l\u2019\u00e9lection du nouveau Souverain pontife, le Pape L\u00e9on XIV, un homme de foi et d\u2019ouverture qui place sa mission sacerdotale sous le sceau du dialogue, de la solidarit\u00e9 et de l\u2019unit\u00e9 entre les peuples afin d\u2019asseoir un monde de paix, de stabilit\u00e9 et de justice.<\/p>\n\n\n\n<p>Dans cet \u00e9lan, il a invit\u00e9 le Gouvernement \u00e0 prendre toutes les mesures requises et les dispositions idoines pour un bon d\u00e9roulement, les 07,08 et 09 juin 2025, de la 137\u00e8me \u00e9dition du P\u00e8lerinage marial de Popenguine.<\/p>\n\n\n\n<p>Le Chef de l\u2019Etat est revenu sur la probl\u00e9matique du contr\u00f4le syst\u00e9matique et la r\u00e9gulation des constructions des b\u00e2timents et travaux publics. En effet, il est constat\u00e9 ces derni\u00e8res ann\u00e9es, la multiplication des effondrements de b\u00e2timents, notamment en p\u00e9riode d\u2019hivernage. C\u2019est dire que la qualit\u00e9, la durabilit\u00e9 et la s\u00e9curit\u00e9 des constructions selon les normes doivent rester des priorit\u00e9s dans la mise en oeuvre de la politique en mati\u00e8re de construction et d\u2019habitat.<\/p>\n\n\n\n<p>Ainsi, le Pr\u00e9sident de la R\u00e9publique a invit\u00e9 le Gouvernement \u00e0 accentuer le contr\u00f4le des constructions afin d\u2019\u00e9tablir une cartographie nationale de la situation int\u00e9grant des mesures sp\u00e9cifiques \u00e0 appliquer \u00e0 chaque cas identifi\u00e9, allant des correctifs \u00e0 apporter pour le respect des plans initialement autoris\u00e9s \u00e0 la d\u00e9molition des b\u00e2timents en ruine ou menac\u00e9s d\u2019effondrement.<\/p>\n\n\n\n<p>Il a demand\u00e9 au Ministre en charge de l\u2019Urbanisme et de la Construction et au Ministre de l\u2019Int\u00e9rieur et de la S\u00e9curit\u00e9 publique de veiller en relation avec les Maires et les services de la protection civile au d\u00e9ploiement d\u2019une campagne nationale de sensibilisation des populations sur les r\u00e8gles d\u2019urbanisme et les dispositions du Code de la construction dont l\u2019application int\u00e9grale ne doit souffrir d\u2019aucune entrave.<\/p>\n\n\n\n<p>Il a soulign\u00e9 l\u2019imp\u00e9ratif d\u2019une homologation des mat\u00e9riaux de construction en commercialisation mais \u00e9galement d\u2019un contr\u00f4le rigoureux des travaux de construction avec des inspections r\u00e9guli\u00e8res des services comp\u00e9tents de l\u2019Etat et l\u2019\u00e9tablissement des attestations de conformit\u00e9 selon des permis de construire d\u00fbment valid\u00e9s apr\u00e8s avis syst\u00e9matique des responsables techniques et administratifs impliqu\u00e9s.<\/p>\n\n\n\n<p>Dans cette dynamique, le Chef de l\u2019Etat a rappel\u00e9 au Gouvernement, conform\u00e9ment \u00e0 ses directives en Conseil des Ministres du 18 d\u00e9cembre 2024, l\u2019urgence d\u2019accentuer la mont\u00e9e en puissance des activit\u00e9s du Laboratoire national de R\u00e9f\u00e9rence des B\u00e2timents et Travaux publics (LNR \u2013 BTP), cr\u00e9\u00e9 par la loi n\u00b0 2023- 12 du 21 juin 2023.<\/p>\n\n\n\n<p>Le d\u00e9cret d\u2019application n\u00b0 2023-1780 du 29 ao\u00fbt 2023 pr\u00e9cise notamment les missions de cette&nbsp;entit\u00e9 particuli\u00e8re en mati\u00e8re d\u2019agr\u00e9ment des laboratoires d\u2019\u00e9tudes et d\u2019essais, d\u2019homologation des mat\u00e9riaux et produits utilis\u00e9s dans les b\u00e2timents et travaux publics, de contr\u00f4le des \u00e9tudes g\u00e9otechniques ainsi que de pr\u00e9vention des risques naturels et environnementaux.<\/p>\n\n\n\n<p>Il a \u00e9galement signal\u00e9 l\u2019urgence, pour chaque Minist\u00e8re, de faire le point sur l\u2019\u00e9tat et la s\u00e9curit\u00e9 civile des b\u00e2timents abritant les services administratifs conform\u00e9ment \u00e0 ses directives en Conseil des Ministres du 9 avril 2025. Il a, par ailleurs, soulign\u00e9 la n\u00e9cessit\u00e9 de d\u00e9ployer, en rapport avec l\u2019Ordre des architectes, une strat\u00e9gie pr\u00e9ventive d\u2019harmonisation et de contr\u00f4le des constructions et de l\u2019architecture des diff\u00e9rentes villes et communes du S\u00e9n\u00e9gal.<\/p>\n\n\n\n<p>Le Chef de l\u2019Etat a \u00e9voqu\u00e9 la question du d\u00e9veloppement de l\u2019entreprenariat des jeunes et des femmes pour soutenir la cr\u00e9ation d\u2019emplois. Il a f\u00e9licit\u00e9 le Premier Ministre pour le succ\u00e8s du lancement, le jeudi 08 mai 2025, de la nouvelle phase du Projet d\u2019Appui et de Valorisation des Initiatives entrepreneuriales des femmes et des jeunes (PAVIE 2) dot\u00e9 de 107,2 milliards de FCFA.<\/p>\n\n\n\n<p>Il a insist\u00e9 sur la n\u00e9cessit\u00e9 de soutenir davantage l\u2019entreprenariat des jeunes et des femmes par l\u2019acc\u00e9l\u00e9ration de la territorialisation des dispositifs d\u2019encadrement et de financement, ainsi que l\u2019optimisation des interventions publiques aupr\u00e8s des cibles.<\/p>\n\n\n\n<p>Ce qui devrait accentuer la transformation durable des secteurs \u00e0 fort potentiel de croissance et de cr\u00e9ation d\u2019emplois comme l\u2019agriculture, l\u2019\u00e9levage, la p\u00eache, l\u2019artisanat et le num\u00e9rique. Il a demand\u00e9 au Premier Ministre de veiller \u00e0 une r\u00e9partition \u00e9quitable des financements dans toutes les localit\u00e9s du pays en favorisant les projets \u00e0 fort impact sur la transformation de la production agricole et la souverainet\u00e9 alimentaire.<\/p>\n\n\n\n<p>Le Chef de l\u2019Etat a \u00e9galement indiqu\u00e9 au Premier Ministre la n\u00e9cessit\u00e9 d\u2019orienter, en priorit\u00e9, les financements du PAVIE vers l\u2019ancrage durable de l\u2019autonomisation \u00e9conomique des femmes, notamment les femmes rurales, d\u2019o\u00f9 l\u2019importance de l\u2019adoption prochaine du projet de loi d\u2019orientation relative \u00e0 l\u2019autonomisation \u00e9conomique des femmes.<\/p>\n\n\n\n<p>Le Pr\u00e9sident de la R\u00e9publique a insist\u00e9 sur le consensus dans la mise en oeuvre de la strat\u00e9gie nationale de gestion des ressources en hydrocarbures. Il a f\u00e9licit\u00e9 le Gouvernement, notamment le Ministre charg\u00e9 de l\u2019Energie et du P\u00e9trole et l\u2019ensemble des acteurs nationaux publics et priv\u00e9s qui participent au dynamisme et \u00e0 la gouvernance de ce secteur \u00e9conomique hautement strat\u00e9gique dont la gestion est plac\u00e9e sous le double sceau de la transparence et de la redevabilit\u00e9.<\/p>\n\n\n\n<p>Dans cette phase cruciale de reprise en main de nos ressources naturelles, mini\u00e8res, p\u00e9troli\u00e8res et gazi\u00e8res en particulier et de basculement progressif de certaines centrales de SENELEC vers le gaz, il a demand\u00e9 au Premier Ministre de veiller \u00e0 la bonne ex\u00e9cution des contrats sign\u00e9s avec nos partenaires mais \u00e9galement d\u2019assurer une gouvernance optimale du secteur avec l\u2019implication de toutes les parties prenantes publiques comme priv\u00e9es.<\/p>\n\n\n\n<p>Le Chef de l\u2019Etat a, par ailleurs, r\u00e9affirm\u00e9 son attachement au d\u00e9veloppement du contenu local avec l\u2019accompagnement de l\u2019Etat pour la promotion de champions nationaux dans le secteur p\u00e9trolier et gazier. Il a, en outre, signal\u00e9 l\u2019imp\u00e9ratif de dresser le bilan du Fonds de stabilisation et du Fonds interg\u00e9n\u00e9rationnel dont la gestion est confi\u00e9e par mandat au FONSIS.<\/p>\n\n\n\n<p>En d\u00e9finitive, il a demand\u00e9 au Ministre en charge de l\u2019Energie et du P\u00e9trole, au Ministre des Finances et du Budget, au Ministre de l\u2019Economie, du Plan et de la Coop\u00e9ration&nbsp;et au Secr\u00e9tariat permanent du Comit\u00e9 d\u2019Orientation Strat\u00e9gique du P\u00e9trole et du Gaz (COS-PETROGAZ) de pr\u00e9parer, sous la supervision du Premier Ministre, la premi\u00e8re r\u00e9union de l\u2019organe, sous son magist\u00e8re, avant fin juillet 2025, en pr\u00e9sence des membres d\u00e9sign\u00e9s et de toutes les repr\u00e9sentations du secteur priv\u00e9 national.<\/p>\n\n\n\n<p>La relance de l\u2019enseignement de nos langues nationales et des programmes d\u2019alphab\u00e9tisation et de consolidation des Daara dans le syst\u00e8me \u00e9ducatif reste une des pr\u00e9occupations du Pr\u00e9sident de la R\u00e9publique. Il a demand\u00e9 au Ministre de l\u2019Education nationale et au Ministre charg\u00e9 de l\u2019Alphab\u00e9tisation, d\u2019engager avec les acteurs, une \u00e9valuation concert\u00e9e et une redynamisation soutenue des politiques d\u2019alphab\u00e9tisation et de promotion de l\u2019enseignement des langues nationales. En effet, l\u2019alphab\u00e9tisation dans nos langues nationales est un facteur essentiel de consolidation de notre souverainet\u00e9.<\/p>\n\n\n\n<p>A ce titre, il a indiqu\u00e9 au Ministre de l\u2019Education nationale la n\u00e9cessit\u00e9 de faire le point sur l\u2019enseignement des langues nationales codifi\u00e9es et la promotion de leur usage courant (lecture et \u00e9criture) dans tous les secteurs de la vie institutionnelle,&nbsp; administrative, acad\u00e9mique, \u00e9conomique et sociale. Par ailleurs, il s\u2019est f\u00e9licit\u00e9 du lancement, hier, des travaux des Assises nationales des Daara. Ces concertations inclusives permettront la mise en oeuvre consensuelle de plans d\u2019action multisectoriels afin de mieux int\u00e9grer les Daara dans les syst\u00e8mes \u00e9ducatif et \u00e9conomique de notre pays.<\/p>\n\n\n\n<p>Enfin, au titre de son agenda diplomatique, le Pr\u00e9sident de la R\u00e9publique a fait le point sur sa participation, le 12 mai 2025 \u00e0 Abidjan, \u00e0 l\u2019\u00e9dition 2025 de l\u2019Africa CEO Forum o\u00f9 il a rencontr\u00e9 plusieurs investisseurs internationaux qui souhaitent d\u00e9velopper des projets et des partenariats gagnant- gagnant avec le S\u00e9n\u00e9gal dans le cadre de la mise en oeuvre de l\u2019Agenda national de Transformation \u00ab Vision S\u00e9n\u00e9gal 2050 \u00bb.<\/p>\n\n\n\n<p>Dans sa communication, le Premier Ministre s\u2019est appesanti sur la prise en charge des entreprises en difficult\u00e9 et la modernisation de l\u2019administration publique.<\/p>\n\n\n\n<p>Concernant la prise en charge des entreprises en difficult\u00e9, le Premier Ministre, apr\u00e8s avoir soulign\u00e9 le r\u00f4le central des entreprises du secteur parapublic dans le renforcement de la comp\u00e9titivit\u00e9 de l\u2019\u00e9conomie nationale et de la cr\u00e9ation des emplois, s\u2019est pench\u00e9 sur leurs difficult\u00e9s dont les causes sont li\u00e9es \u00e0 la mauvaise gouvernance et \u00e0 des choix strat\u00e9giques hasardeux les pla\u00e7ant en dehors de toute dynamique de performance.<\/p>\n\n\n\n<p>Le Premier Ministre a rappel\u00e9 l\u2019adoption d\u2019un plan d\u2019action destin\u00e9 \u00e0 assurer la sauvegarde et la relance des deux principaux op\u00e9rateurs publics des Transports a\u00e9riens que sont AIBD SA et Air S\u00e9n\u00e9gal SA, \u00e0 travers les d\u00e9cisions issues du Conseil interminist\u00e9riel du jeudi 03 avril 2025. Le Premier Ministre a instruit les d\u00e9partements minist\u00e9riels concern\u00e9s de s\u2019assurer d\u2019un suivi r\u00e9gulier desdites d\u00e9cisions en vue d\u2019une gestion rigoureuse et performante du processus de relance de ces entit\u00e9s.<\/p>\n\n\n\n<p>Le Premier Ministre a \u00e9galement demand\u00e9 au Ministre, Secr\u00e9taire g\u00e9n\u00e9ral du Gouvernement et au Ministre des Finances et du Budget de proc\u00e9der \u00e0 la relance du Comit\u00e9 interminist\u00e9riel de Suivi et de Restructuration des entreprises publiques et parapubliques et la mise en place du Fonds de Relance pour la restructuration des soci\u00e9t\u00e9s publiques et des soci\u00e9t\u00e9s&nbsp;\u00e0 participation publique majoritaire. Le Premier Ministre a, enfin, insist\u00e9 sur la n\u00e9cessit\u00e9 d\u2019adopter une nouvelle politique en rupture avec les modes de gestion du pass\u00e9.<\/p>\n\n\n\n<p>S\u2019agissant de la modernisation de l\u2019administration publique, le Premier Ministre a rappel\u00e9 que celle-ci constitue le principal levier de mise en oeuvre de la Vision S\u00e9n\u00e9gal 2050 d\u00e9clin\u00e9e dans l\u2019Agenda national de Transformation. A cet \u00e9gard, sa transformation et sa modernisation sont d\u00e9terminantes pour l\u2019av\u00e8nement d\u2019un service public efficient. Pour ce faire, le Premier Ministre a indiqu\u00e9 les mesures \u00e0 prendre en vue d\u2019acc\u00e9l\u00e9rer la digitalisation et l\u2019optimisation des proc\u00e9dures et la professionnalisation des ressources humaines de l\u2019Etat, notamment des gestionnaires et managers publics.<\/p>\n\n\n\n<p>Le Premier Ministre a enfin insist\u00e9 sur le renforcement de capacit\u00e9s portant sur la conduite du changement, l\u2019efficacit\u00e9 administrative, la d\u00e9ontologie et la conscience professionnelle afin de construire une v\u00e9ritable administration de d\u00e9veloppement, disposant des piliers n\u00e9cessaires \u00e0 la r\u00e9alisation de la Vision S\u00e9n\u00e9gal 2050.<\/p>\n\n\n\n<p>AU TITRE DES COMMUNICATIONS DES MINISTRES :<\/p>\n\n\n\n<p>\u2013 le Ministre de l\u2019Environnement et de la Transition \u00e9cologique a fait une communication sur l\u2019organisation du Congr\u00e8s mondial des aires marines prot\u00e9g\u00e9es pr\u00e9vu en 2027 \u00e0 Dakar ;<\/p>\n\n\n\n<p>\u2013 le Ministre de la Jeunesse, des Sports et de la Culture a fait le point sur la situation des conventions de partenariat pour la livraison des Jeux olympiques de la Jeunesse (JOJ).<\/p>\n\n\n\n<p>AU TITRE DES TEXTES LEGISLATIFS ET REGLEMENTAIRES,<\/p>\n\n\n\n<p>Le Conseil a examin\u00e9 et adopt\u00e9 :<\/p>\n\n\n\n<p>\u2013 le Projet de loi autorisant le Pr\u00e9sident de la R\u00e9publique \u00e0 ratifier les protocoles portant amendement des articles 50 alin\u00e9a a et 56 de la convention relative \u00e0 l\u2019aviation civile internationale sign\u00e9s \u00e0 Montr\u00e9al le 06 octobre 2016.<\/p>\n\n\n\n<p>AU TITRES DES MESURES INDIVIDUELLES,<\/p>\n\n\n\n<p>Le Pr\u00e9sident de la R\u00e9publique a pris les d\u00e9cisions suivantes :<\/p>\n\n\n\n<p>Au titre de la Pr\u00e9sidence de la R\u00e9publique<\/p>\n\n\n\n<p>\u2013 Colonel Aly MIME, Chef de corps du Bataillon des transmissions d\u2019infrastructure, est nomm\u00e9 Directeur g\u00e9n\u00e9ral du Chiffre et de la S\u00e9curit\u00e9 des Syst\u00e8mes d\u2019Information, en remplacement de Monsieur Babacar NDAO, admis \u00e0 faire valoir ses droits \u00e0 une pension de retraite ;<\/p>\n\n\n\n<p>\u2013 Monsieur El Hadji Bouya AMAR, Administrateur civil en service au Minist\u00e8re de l\u2019Int\u00e9rieur et de la S\u00e9curit\u00e9 publique, matricule 604 454 H, est nomm\u00e9 Secr\u00e9taire g\u00e9n\u00e9ral de l\u2019\u00c9cole nationale de Cybers\u00e9curit\u00e9, poste vacant.<\/p>\n\n\n\n<p>Au titre du Minist\u00e8re de l\u2019Agriculture, de la Souverainet\u00e9 alimentaire et de l\u2019\u00c9levage<\/p>\n\n\n\n<p>\u2013 Monsieur Cheikh Tidiane MBODJI Colonel (er), pr\u00e9c\u00e9demment Ministre-Conseiller \u00e0 la Pr\u00e9sidence de la R\u00e9publique, est nomm\u00e9 Pr\u00e9sident du Conseil d\u2019Administration (PCA) du Haras national, poste vacant.<\/p>\n\n\n\n<p>Au titre du Minist\u00e8re de l\u2019Enseignement sup\u00e9rieur, de la Recherche et de l\u2019innovation<\/p>\n\n\n\n<p>\u2013 Monsieur Mamadou SARR, Professeur titulaire des Universit\u00e9s, est nomm\u00e9 Directeur G\u00e9n\u00e9ral de l\u2019Universit\u00e9 Rose Dieng France-S\u00e9n\u00e9gal (Ex Campus Franco-S\u00e9n\u00e9galais) en remplacement de Magueye GUEYE, admis \u00e0 faire valoir ses droits \u00e0 une pension de retraite ;<\/p>\n\n\n\n<p>\u2013 Monsieur Fran\u00e7ois Joseph CABRAL, Professeur titulaire des Universit\u00e9s, est nomm\u00e9 Coordonnateur de l\u2019Universit\u00e9 du S\u00e9n\u00e9gal oriental en remplacement de Kandioura NOBA, admis \u00e0 faire valoir ses droits \u00e0 une pension de retraite ;<\/p>\n\n\n\n<p>\u2013 Monsieur Mamadou Mactar Mback\u00e9 LEYE, Professeur titulaire des Universit\u00e9s, est nomm\u00e9 Directeur de l\u2019\u00c9cole Nationale de D\u00e9veloppement Sanitaire et Social (ENDSS) en remplacement de Monsieur Daouda FAYE ;<\/p>\n\n\n\n<p>\u2013 Madame Tiguida WAGU\u00c9, pr\u00e9fet du d\u00e9partement de Mbirkilane est nomm\u00e9e Secr\u00e9taire g\u00e9n\u00e9ral de l\u2019Universit\u00e9 Assane SECK de Ziguinchor, poste vacant.<\/p>\n\n\n\n<p>Au titre du Minist\u00e8re des Finances et du Budget<\/p>\n\n\n\n<p>\u2013 Monsieur Amadou Lamine GUISSE, Administrateur civil, matricule 616 316 C, est nomm\u00e9 Secr\u00e9taire g\u00e9n\u00e9ral de la Caisse des D\u00e9p\u00f4ts et Consignations (CDC), en remplacement de Monsieur Cheikh D\u00e9thialaw SECK.<\/p>\n\n\n\n<p>Au titre du Minist\u00e8re de la Communication, des T\u00e9l\u00e9communications et du Num\u00e9rique<\/p>\n\n\n\n<p>\u2013 Monsieur Oumar Di\u00e8ne SAKHO, Expert en R\u00e9gulation \u00e9conomique des secteurs num\u00e9rique et postal, est nomm\u00e9 Pr\u00e9sident du Coll\u00e8ge de l\u2019Autorit\u00e9 de R\u00e9gulation des T\u00e9l\u00e9communications et des Postes (ARTP) ;<\/p>\n\n\n\n<p>\u2013 Monsieur Malick NDIAYE, Expert senior en politique et R\u00e9gulation du num\u00e9rique, est nomm\u00e9 membre du Coll\u00e8ge de l\u2019Autorit\u00e9 de R\u00e9gulation des T\u00e9l\u00e9communications et des Postes (ARTP) ;<\/p>\n\n\n\n<p>\u2013 Monsieur Mor NDIAYE, Expert en Innovation et Transformation num\u00e9rique, est nomm\u00e9 membre du Coll\u00e8ge de l\u2019Autorit\u00e9 de R\u00e9gulation des T\u00e9l\u00e9communications et des Postes (ARTP) ;<\/p>\n\n\n\n<p>\u2013 Monsieur Yamar SAMB, Professeur agr\u00e9g\u00e9 de droit, est nomm\u00e9 membre du Coll\u00e8ge de l\u2019Autorit\u00e9 de R\u00e9gulation des T\u00e9l\u00e9communications et des Postes (ARTP) ;<\/p>\n\n\n\n<p>\u2013 Monsieur Mamadou THIOMBANE, Inspecteur des postes et services financiers, est nomm\u00e9 membre du Coll\u00e8ge de l\u2019Autorit\u00e9 de R\u00e9gulation des T\u00e9l\u00e9communications et des Postes (ARTP) ;<\/p>\n\n\n\n<p>\u2013 Madame Khady Ndiaye KAMA, Experte en Fintech, Innovation et Transformation num\u00e9rique, est nomm\u00e9e membre du Coll\u00e8ge de l\u2019Autorit\u00e9 de R\u00e9gulation des T\u00e9l\u00e9communications et des Postes (ARTP) ;<\/p>\n\n\n\n<p>\u2013 Madame Mana Mint Mohemd Salem AIDARA, Experte en R\u00e9gulation des t\u00e9l\u00e9communications, Ing\u00e9nieur \u00e9lectronique, est nomm\u00e9e membre du Coll\u00e8ge de l\u2019Autorit\u00e9 de R\u00e9gulation des T\u00e9l\u00e9communications et des Postes (ARTP) ;<\/p>\n\n\n\n<p>Au titre du Minist\u00e8re de la Sant\u00e9 et de l\u2019Action Sociale<\/p>\n\n\n\n<p>\u2013 Madame Mame Khady Sidy Aly BADJI, Administrateur civil, matricule 616 251 M, est nomm\u00e9e Secr\u00e9taire g\u00e9n\u00e9ral de la Pharmacie nationale d\u2019Approvisionnement (SEN-PNA), en remplacement de Monsieur Souleymane SOUMAR\u00c9.<\/p>\n\n\n\n<p>Au titre du Minist\u00e8re de l\u2019Int\u00e9rieur et de la S\u00e9curit\u00e9 Publique<\/p>\n\n\n\n<p>\u2013 Monsieur Babacar KANE, Administrateur civil, matricule 616 301 G, est nomm\u00e9 Gouverneur de la r\u00e9gion de Kaffrine, en remplacement de Monsieur Moustapha DIAW admis \u00e0 faire valoir ses droits \u00e0 une pension de retraite.<\/p>\n\n\n\n<p>Au titre du Minist\u00e8re des Infrastructures et des Transports Terrestres et A\u00e9riens<\/p>\n\n\n\n<p>\u2013 Monsieur Boubacar DIALLO, Cadre de banque, est nomm\u00e9 Pr\u00e9sident du Conseil d\u2019Administration de la Soci\u00e9t\u00e9 nationale des Chemins de Fer du S\u00e9n\u00e9gal (CFS), en remplacement de Monsieur Mayacine KAMARA.<\/p>\n\n\n\n<p>Le Ministre de la Formation professionnelle et technique,<\/p>\n\n\n\n<p>Porte-parole du Gouvernement<\/p>\n\n\n\n<p>Amadou Moustapha Njekk SARRE<\/p>\n","protected":false},"excerpt":{"rendered":"<p>Dakar, 14 mai (APS) \u2013 Le Chef de l\u2019Etat, Son Excellence, Monsieur Bassirou Diomaye Diakhar FAYE a pr\u00e9sid\u00e9, ce mercredi<\/p>\n","protected":false},"author":1,"featured_media":43464,"comment_status":"open","ping_status":"open","sticky":false,"template":"","format":"standard","meta":{"footnotes":""},"categories":[6],"tags":[],"class_list":["post-56568","post","type-post","status-publish","format-standard","has-post-thumbnail","hentry","category-politics"],"_links":{"self":[{"href":"https:\/\/dekkbi.com\/index.php?rest_route=\/wp\/v2\/posts\/56568","targetHints":{"allow":["GET"]}}],"collection":[{"href":"https:\/\/dekkbi.com\/index.php?rest_route=\/wp\/v2\/posts"}],"about":[{"href":"https:\/\/dekkbi.com\/index.php?rest_route=\/wp\/v2\/types\/post"}],"author":[{"embeddable":true,"href":"https:\/\/dekkbi.com\/index.php?rest_route=\/wp\/v2\/users\/1"}],"replies":[{"embeddable":true,"href":"https:\/\/dekkbi.com\/index.php?rest_route=%2Fwp%2Fv2%2Fcomments&post=56568"}],"version-history":[{"count":1,"href":"https:\/\/dekkbi.com\/index.php?rest_route=\/wp\/v2\/posts\/56568\/revisions"}],"predecessor-version":[{"id":56569,"href":"https:\/\/dekkbi.com\/index.php?rest_route=\/wp\/v2\/posts\/56568\/revisions\/56569"}],"wp:featuredmedia":[{"embeddable":true,"href":"https:\/\/dekkbi.com\/index.php?rest_route=\/wp\/v2\/media\/43464"}],"wp:attachment":[{"href":"https:\/\/dekkbi.com\/index.php?rest_route=%2Fwp%2Fv2%2Fmedia&parent=56568"}],"wp:term":[{"taxonomy":"category","embeddable":true,"href":"https:\/\/dekkbi.com\/index.php?rest_route=%2Fwp%2Fv2%2Fcategories&post=56568"},{"taxonomy":"post_tag","embeddable":true,"href":"https:\/\/dekkbi.com\/index.php?rest_route=%2Fwp%2Fv2%2Ftags&post=56568"}],"curies":[{"name":"wp","href":"https:\/\/api.w.org\/{rel}","templated":true}]}}