{"id":56550,"date":"2025-05-14T13:08:14","date_gmt":"2025-05-14T13:08:14","guid":{"rendered":"https:\/\/dekkbi.com\/?p=56550"},"modified":"2025-05-14T13:08:15","modified_gmt":"2025-05-14T13:08:15","slug":"meta-vise-par-une-mise-en-demeure-il-vole-les-donnees-personnelles-pour-lentrainement-de-lia","status":"publish","type":"post","link":"https:\/\/dekkbi.com\/?p=56550","title":{"rendered":"Meta vis\u00e9 par une mise en demeure: \u201cIl vole les donn\u00e9es personnelles pour l\u2019entra\u00eenement de l\u2019IA\u201d"},"content":{"rendered":"\n<p>L\u2019association autrichienne Noyb, \u00e0 la pointe de la protection de la vie priv\u00e9e, a envoy\u00e9 mercredi une lettre de mise en demeure \u00e0 Meta, qui veut utiliser les donn\u00e9es de ses utilisateurs europ\u00e9ens pour entra\u00eener ses mod\u00e8les d\u2019intelligence artificielle (IA).<\/p>\n\n\n\n<p><strong>Source:<\/strong>\u00a0BELGA<\/p>\n\n\n\n<p>\u201cMeta pr\u00e9tend devoir voler les donn\u00e9es personnelles de tout le monde pour l\u2019entra\u00eenement de l\u2019IA, c\u2019est absurde et risible\u201d, a r\u00e9agi dans un communiqu\u00e9 le fondateur de l\u2019ONG, Max Schrems. \u201cD\u2019autres fournisseurs n\u2019y ont pas recours et g\u00e9n\u00e8rent des mod\u00e8les encore meilleurs que ceux de Meta.\u201d<\/p>\n\n\n\n<p>Le g\u00e9ant am\u00e9ricain des r\u00e9seaux sociaux (Facebook, Instagram) a annonc\u00e9 le mois dernier qu\u2019\u00e0 compter du 27 mai, tout le contenu public de ses utilisateurs, \u00e0 l\u2019exception de WhatsApp, pourrait d\u00e9sormais \u00eatre mis au service de ses mod\u00e8les d\u2019IA g\u00e9n\u00e9rative, \u00e0 moins que les internautes ne s\u2019y opposent.<\/p>\n\n\n\n<p>Le lancement de cette fonctionnalit\u00e9 avait \u00e9t\u00e9 retard\u00e9 pendant plus d\u2019un an en raison des r\u00e9glementations europ\u00e9ennes qui encadrent les nouvelles technologies, comme le r\u00e8glement g\u00e9n\u00e9ral sur la protection des donn\u00e9es (RGPD) et ceux sur les march\u00e9s num\u00e9riques et sur l\u2019IA.<\/p>\n\n\n\n<h2 class=\"wp-block-heading\">\u201cNi l\u00e9gal ni n\u00e9cessaire\u201d<\/h2>\n\n\n\n<p>D\u00e9j\u00e0 vis\u00e9 l\u2019an dernier par des plaintes de Noyb dans 11 pays europ\u00e9ens, le groupe avait d\u00fb suspendre en juin son projet. Avant cette r\u00e9cente volte-face au nom de \u201cl\u2019int\u00e9r\u00eat l\u00e9gitime\u201d.<\/p>\n\n\n\n<p>\u201cQuel int\u00e9r\u00eat l\u00e9gitime peut justifier l\u2019aspiration des donn\u00e9es\u201d de tous ceux qui utilisent Facebook ou Instagram depuis 20 ans? \u201cCe n\u2019est ni l\u00e9gal ni n\u00e9cessaire\u201d, affirme le militant.<\/p>\n\n\n\n<p>Au vu du nombre d\u2019abonn\u00e9s Meta actifs, estim\u00e9 \u00e0 400 millions en Europe, l\u2019aval de 10\u2009% d\u2019entre eux serait, selon lui, \u201cclairement suffisant pour l\u2019apprentissage des langues de l\u2019UE et autres idiomes similaires\u201d.<\/p>\n\n\n\n<p>Cette lettre de mise en demeure est \u201cla premi\u00e8re \u00e9tape\u201d avant une possible injonction ou m\u00eame une action collective, souligne Noyb, avertissant le groupe de \u201crisques l\u00e9gaux consid\u00e9rables\u201d s\u2019il persiste dans sa strat\u00e9gie.<\/p>\n","protected":false},"excerpt":{"rendered":"<p>L\u2019association autrichienne Noyb, \u00e0 la pointe de la protection de la vie priv\u00e9e, a envoy\u00e9 mercredi une lettre de mise<\/p>\n","protected":false},"author":1,"featured_media":2823,"comment_status":"open","ping_status":"open","sticky":false,"template":"","format":"standard","meta":{"footnotes":""},"categories":[51],"tags":[],"class_list":["post-56550","post","type-post","status-publish","format-standard","has-post-thumbnail","hentry","category-general"],"_links":{"self":[{"href":"https:\/\/dekkbi.com\/index.php?rest_route=\/wp\/v2\/posts\/56550","targetHints":{"allow":["GET"]}}],"collection":[{"href":"https:\/\/dekkbi.com\/index.php?rest_route=\/wp\/v2\/posts"}],"about":[{"href":"https:\/\/dekkbi.com\/index.php?rest_route=\/wp\/v2\/types\/post"}],"author":[{"embeddable":true,"href":"https:\/\/dekkbi.com\/index.php?rest_route=\/wp\/v2\/users\/1"}],"replies":[{"embeddable":true,"href":"https:\/\/dekkbi.com\/index.php?rest_route=%2Fwp%2Fv2%2Fcomments&post=56550"}],"version-history":[{"count":1,"href":"https:\/\/dekkbi.com\/index.php?rest_route=\/wp\/v2\/posts\/56550\/revisions"}],"predecessor-version":[{"id":56551,"href":"https:\/\/dekkbi.com\/index.php?rest_route=\/wp\/v2\/posts\/56550\/revisions\/56551"}],"wp:featuredmedia":[{"embeddable":true,"href":"https:\/\/dekkbi.com\/index.php?rest_route=\/wp\/v2\/media\/2823"}],"wp:attachment":[{"href":"https:\/\/dekkbi.com\/index.php?rest_route=%2Fwp%2Fv2%2Fmedia&parent=56550"}],"wp:term":[{"taxonomy":"category","embeddable":true,"href":"https:\/\/dekkbi.com\/index.php?rest_route=%2Fwp%2Fv2%2Fcategories&post=56550"},{"taxonomy":"post_tag","embeddable":true,"href":"https:\/\/dekkbi.com\/index.php?rest_route=%2Fwp%2Fv2%2Ftags&post=56550"}],"curies":[{"name":"wp","href":"https:\/\/api.w.org\/{rel}","templated":true}]}}