{"id":56547,"date":"2025-05-14T13:03:12","date_gmt":"2025-05-14T13:03:12","guid":{"rendered":"https:\/\/dekkbi.com\/?p=56547"},"modified":"2025-05-14T13:03:13","modified_gmt":"2025-05-14T13:03:13","slug":"la-mauritanie-rare-exemple-de-stabilite-dans-un-sahel-mine-par-les-attaques-jihadistes","status":"publish","type":"post","link":"https:\/\/dekkbi.com\/?p=56547","title":{"rendered":"La Mauritanie, rare exemple de stabilit\u00e9 dans un Sahel min\u00e9 par les attaques jihadistes"},"content":{"rendered":"\n<p>Par El\u00e9onore SENS \u00a9 2025 AFP &#8211; Un soir de d\u00e9cembre 2011, cinq hommes arm\u00e9s arrivent \u00e0 bord d&rsquo;un v\u00e9hicule, tirent sur le poste de gendarmerie mauritanien de Addel Begrou et kidnappent un gendarme avant de s&rsquo;enfuir au Mali, \u00e0 quatre kilom\u00e8tres de l\u00e0. C&rsquo;est la derni\u00e8re attaque imput\u00e9e \u00e0 des jihadistes qu&rsquo;a connue la Mauritanie, il y a plus de 13 ans.<\/p>\n\n\n\n<p>Alors que les attaques jihadistes gangr\u00e8nent le Sahel du Mali au lac Tchad, la Mauritanie se d\u00e9marque par sa stabilit\u00e9. Ce pays majoritairement d\u00e9sertique d&rsquo;Afrique de l&rsquo;Ouest partage pourtant 2.200 kilom\u00e8tres de fronti\u00e8res souvent poreuses et mal d\u00e9finies avec le Mali, en proie \u00e0 une insurrection jihadiste.<\/p>\n\n\n\n<p>De 2005 \u00e0 2011, la R\u00e9publique islamique de Mauritanie a \u00e9t\u00e9 la cible de plusieurs actions de groupes jihadistes affili\u00e9s \u00e0 Al-Qa\u00efda: attaques contre des militaires, des ambassades \u00e9trang\u00e8res, ou assassinats et enl\u00e8vements d&rsquo;Occidentaux.<\/p>\n\n\n\n<p>En r\u00e9ponse, la Mauritanie a \u00e9labor\u00e9 une strat\u00e9gie multiforme en commen\u00e7ant par muscler son appareil s\u00e9curitaire \u00e0 partir de 2008. Le pays cr\u00e9e les Groupements Sp\u00e9ciaux d&rsquo;Intervention (GSI), des unit\u00e9s de l&rsquo;arm\u00e9e tr\u00e8s mobiles pouvant \u00e9voluer dans le d\u00e9sert, qui sont appuy\u00e9es par une aviation l\u00e9g\u00e8re.<\/p>\n\n\n\n<p>Ce \u00ab\u00a0mod\u00e8le flexible et amovible\u00a0\u00bb a \u00e9t\u00e9 pens\u00e9 par les Mauritaniens, souligne aupr\u00e8s de l&rsquo;AFP Hassan Kon\u00e9, ancien colonel de l&rsquo;arm\u00e9e et chercheur \u00e0 l&rsquo;Institut d&rsquo;\u00e9tudes et de s\u00e9curit\u00e9 (ISS).<\/p>\n\n\n\n<h2 class=\"wp-block-heading\">\u00ab\u00a0Mod\u00e8le flexible et amovible\u00a0\u00bb<\/h2>\n\n\n\n<p>\u00ab\u00a0La question qui s&rsquo;est pos\u00e9e pour eux, c&rsquo;est celle de la mobilit\u00e9 dans un espace d\u00e9sertique\u00a0\u00bb, explique Mohamed Fall Ould Bah, du Centre d&rsquo;\u00c9tudes et de Recherches sur l&rsquo;Ouest saharien (CEROS).<\/p>\n\n\n\n<p>Les embl\u00e9matiques m\u00e9haristes, ces gendarmes du d\u00e9sert perch\u00e9s sur leurs dromadaires, sont charg\u00e9s de collecter du renseignement dans la r\u00e9gion d\u00e9sertique \u00e0 l&rsquo;est du pays et d&rsquo;apporter une pr\u00e9sence de l&rsquo;Etat aupr\u00e8s des populations nomades.<\/p>\n\n\n\n<figure class=\"wp-block-image\"><img decoding=\"async\" src=\"https:\/\/information.tv5monde.com\/sites\/tv5-info\/files\/styles\/entete\/public\/2025-05\/field_media_image-2923767-4f1280fe17a93a5989f31e3b7539181822e41164.jpg?itok=_cb8JqZN\" alt=\"Un membre de l'unit\u00e9 de la Garde nationale m\u00e9hariste en patrouille \u00e0 la p\u00e9riph\u00e9rie de Oualata, le 6 avril 2025 en Mauritanie\" title=\"Un membre de l'unit\u00e9 de la Garde nationale m\u00e9hariste en patrouille \u00e0 la p\u00e9riph\u00e9rie de Oualata, le 6 avril 2025 en Mauritanie\"\/><\/figure>\n\n\n\n<p>Un membre de l&rsquo;unit\u00e9 de la Garde nationale m\u00e9hariste en patrouille \u00e0 la p\u00e9riph\u00e9rie de Oualata, le 6 avril 2025 en Mauritanie AFP &#8211; PATRICK MEINHARDT<\/p>\n\n\n\n<p>\u00ab\u00a0La Mauritanie a mis en place un r\u00e9seau efficace de renseignements humains, particuli\u00e8rement actif dans la r\u00e9gion frontali\u00e8re orientale de Hodh El Chargui\u00a0\u00bb, rel\u00e8ve le d\u00e9partement d&rsquo;Etat am\u00e9ricain dans son rapport sur le terrorisme de 2023.<\/p>\n\n\n\n<p>Dans cet Etat s\u00e9curitaire, des postes de contr\u00f4le maillent les routes du pays.<\/p>\n\n\n\n<p>La partie nord-est de la Mauritanie, essentiellement non habit\u00e9e, est une zone militaire interdite aux civils depuis 2008, pour faciliter sa surveillance et \u00e9viter qu&rsquo;elle ne devienne un lieu de repli pour les jihadistes.<\/p>\n\n\n\n<h2 class=\"wp-block-heading\">R\u00e9ponse th\u00e9ologique<\/h2>\n\n\n\n<p>La Mauritanie s&rsquo;est par ailleurs engag\u00e9e dans un d\u00e9bat th\u00e9ologique pour contrer la radicalisation de ses ressortissants.<\/p>\n\n\n\n<p>Dans les ann\u00e9es 2000, Al-Qa\u00efda comptait des Mauritaniens parmi ses cadres.<\/p>\n\n\n\n<p>Au terme d&rsquo;un dialogue men\u00e9 en 2010 par des th\u00e9ologiens mandat\u00e9s par le gouvernement, des dizaines d&rsquo;islamistes radicaux en d\u00e9tention ont sign\u00e9 leur \u00ab\u00a0renoncement \u00e0 la violence\u00a0\u00bb.<\/p>\n\n\n\n<p>\u00ab\u00a0Dans une bataille id\u00e9ologique, vous devez produire un contre-narratif. Il faut un discours alternatif \u00e0 l&rsquo;interpr\u00e9tation jihadiste. La Mauritanie a mobilis\u00e9 le clerg\u00e9 national sur des r\u00e9ponses doctrinales \u00e0 l&rsquo;ensemble des points sur lesquels s&rsquo;appuient les jihadistes\u00a0\u00bb, explique Amadou Sall, du groupe de r\u00e9flexion Mauritanie Perspectives.<\/p>\n\n\n\n<p>\u00ab\u00a0L&rsquo;Etat a organis\u00e9 un syst\u00e8me assez complexe\u00a0\u00bb de \u00ab\u00a0contr\u00f4le de l&rsquo;id\u00e9ologie\u00a0\u00bb pr\u00each\u00e9e dans les mosqu\u00e9es, souligne M. Ould Bah.<\/p>\n\n\n\n<h2 class=\"wp-block-heading\">Th\u00e8se du pacte<\/h2>\n\n\n\n<p>Plusieurs experts \u00e9voquent toutefois la possibilit\u00e9 d&rsquo;un pacte de non agression entre la Mauritanie et Al-Qa\u00efda. Les autorit\u00e9s mauritaniennes ont toujours fermement ni\u00e9 l&rsquo;existence d&rsquo;un tel accord.<\/p>\n\n\n\n<p>\u00ab\u00a0Toute le monde s&rsquo;accorde sur le fait qu&rsquo;il y a eu un pacte. C&rsquo;est largement admis\u00a0\u00bb, indique Michael Shurkin, un ancien agent de la CIA et directeur des programmes mondiaux chez 14 North Strategies, une entreprise de conseil.<\/p>\n\n\n\n<p>\u00ab\u00a0Si des membres du JNIM (Groupe de soutien \u00e0 l&rsquo;islam et aux musulmans, le groupe jihadiste le plus influent au Sahel, NDLR) franchissent ouvertement la fronti\u00e8re avec leurs armes, les Mauritaniens les arr\u00eatent. Mais s&rsquo;il s&rsquo;agit d&rsquo;individus isol\u00e9s, il semblerait que les Mauritaniens ne posent pas trop de questions. (&#8230;) Mais ils surveillent, ils sont tr\u00e8s attentifs \u00e0 qui franchit la fronti\u00e8re\u00a0\u00bb, poursuit M. Shurkin.<\/p>\n\n\n\n<p>\u00ab\u00a0Le territoire mauritanien est vaste, l&rsquo;arm\u00e9e mauritanienne n&rsquo;est pas assez puissante et forte. La s\u00e9curit\u00e9 en Mauritanie, c&rsquo;est le r\u00e9sultat de plusieurs mesures y compris de n\u00e9gociations avec les groupes terroristes\u00a0\u00bb, affirme une source s\u00e9curitaire qui soutient la th\u00e8se d&rsquo;un accord pass\u00e9 au d\u00e9but des ann\u00e9es 2010.<\/p>\n\n\n\n<p>\u00ab\u00a0Je ne sais pas si \u00e7a existe toujours mais la Mauritanie est toujours \u00e9pargn\u00e9e\u00a0\u00bb, rel\u00e8ve cette m\u00eame source.<\/p>\n\n\n\n<figure class=\"wp-block-image\"><img decoding=\"async\" src=\"https:\/\/information.tv5monde.com\/sites\/tv5-info\/files\/styles\/entete\/public\/2025-05\/field_media_image-2923770-12a50e7353ef5de858d65745639ae81a05b150f2.jpg?itok=kHZcvT1S\" alt=\"Des membres de l'unit\u00e9 de la Garde nationale m\u00e9hariste pr\u00e9parent leurs armes pour partir en patrouille \u00e0 la p\u00e9riph\u00e9rie de Oualata, le 7 avril 2025 en Mauritanie\" title=\"Des membres de l'unit\u00e9 de la Garde nationale m\u00e9hariste pr\u00e9parent leurs armes pour partir en patrouille \u00e0 la p\u00e9riph\u00e9rie de Oualata, le 7 avril 2025 en Mauritanie\"\/><\/figure>\n\n\n\n<p>Des membres de l&rsquo;unit\u00e9 de la Garde nationale m\u00e9hariste pr\u00e9parent leurs armes pour partir en patrouille \u00e0 la p\u00e9riph\u00e9rie de Oualata, le 7 avril 2025 en Mauritanie &#8211; AFP PATRICK &#8211;  MEINHARDT<\/p>\n\n\n\n<p>Cette th\u00e9orie ne convainc pas d&rsquo;autres experts comme Amadou Sall. Selon lui, le contexte dans l&rsquo;est mauritanien n&rsquo;est pas celui du reste du Sahel o\u00f9 les groupes jihadistes prosp\u00e8rent sur un sentiment de marginalisation des populations recrut\u00e9es.<\/p>\n\n\n\n<p>\u00ab\u00a0L&rsquo;offre jihadiste (en Mauritanie) n&rsquo;est pas all\u00e9chante compar\u00e9e \u00e0 un Etat qui fait des puits, soigne les cheptels, organise les transhumances\u00a0\u00bb, souligne M. Sall.<\/p>\n\n\n\n<p>Toute la partie est de la Mauritanie reste toutefois \u00ab\u00a0formellement d\u00e9conseill\u00e9e\u00a0\u00bb par de nombreux pays. Du c\u00f4t\u00e9 malien de la fronti\u00e8re, les groupes jihadistes demeurent tr\u00e8s actifs, notamment dans la r\u00e9gion de Kayes (sud-ouest) o\u00f9 les attaques violentes ont \u00e9t\u00e9 multipli\u00e9es par 7 entre 2021 et 2024, selon le Timbuktu Institute.<\/p>\n","protected":false},"excerpt":{"rendered":"<p>Par El\u00e9onore SENS \u00a9 2025 AFP &#8211; Un soir de d\u00e9cembre 2011, cinq hommes arm\u00e9s arrivent \u00e0 bord d&rsquo;un v\u00e9hicule,<\/p>\n","protected":false},"author":1,"featured_media":56548,"comment_status":"open","ping_status":"open","sticky":false,"template":"","format":"standard","meta":{"footnotes":""},"categories":[51],"tags":[],"class_list":["post-56547","post","type-post","status-publish","format-standard","has-post-thumbnail","hentry","category-general"],"_links":{"self":[{"href":"https:\/\/dekkbi.com\/index.php?rest_route=\/wp\/v2\/posts\/56547","targetHints":{"allow":["GET"]}}],"collection":[{"href":"https:\/\/dekkbi.com\/index.php?rest_route=\/wp\/v2\/posts"}],"about":[{"href":"https:\/\/dekkbi.com\/index.php?rest_route=\/wp\/v2\/types\/post"}],"author":[{"embeddable":true,"href":"https:\/\/dekkbi.com\/index.php?rest_route=\/wp\/v2\/users\/1"}],"replies":[{"embeddable":true,"href":"https:\/\/dekkbi.com\/index.php?rest_route=%2Fwp%2Fv2%2Fcomments&post=56547"}],"version-history":[{"count":1,"href":"https:\/\/dekkbi.com\/index.php?rest_route=\/wp\/v2\/posts\/56547\/revisions"}],"predecessor-version":[{"id":56549,"href":"https:\/\/dekkbi.com\/index.php?rest_route=\/wp\/v2\/posts\/56547\/revisions\/56549"}],"wp:featuredmedia":[{"embeddable":true,"href":"https:\/\/dekkbi.com\/index.php?rest_route=\/wp\/v2\/media\/56548"}],"wp:attachment":[{"href":"https:\/\/dekkbi.com\/index.php?rest_route=%2Fwp%2Fv2%2Fmedia&parent=56547"}],"wp:term":[{"taxonomy":"category","embeddable":true,"href":"https:\/\/dekkbi.com\/index.php?rest_route=%2Fwp%2Fv2%2Fcategories&post=56547"},{"taxonomy":"post_tag","embeddable":true,"href":"https:\/\/dekkbi.com\/index.php?rest_route=%2Fwp%2Fv2%2Ftags&post=56547"}],"curies":[{"name":"wp","href":"https:\/\/api.w.org\/{rel}","templated":true}]}}