{"id":56535,"date":"2025-05-14T10:25:22","date_gmt":"2025-05-14T10:25:22","guid":{"rendered":"https:\/\/dekkbi.com\/?p=56535"},"modified":"2025-05-14T13:12:00","modified_gmt":"2025-05-14T13:12:00","slug":"ukraine-gaza-fin-de-vie-ce-quil-faut-retenir-de-lentretien-demmanuel-macron-sur-tf1","status":"publish","type":"post","link":"https:\/\/dekkbi.com\/?p=56535","title":{"rendered":"Entretien d&rsquo;Emmanuel Macron sur TF1"},"content":{"rendered":"\n<p>De la guerre en Ukraine et \u00e0 Gaza \u00e0 la question de la surpopulation carc\u00e9rale en France, le pr\u00e9sident Emmanuel Macron a abord\u00e9 ce mardi 13 mai de nombreux aspects de la politique fran\u00e7aise et internationale lors d&rsquo;une \u00e9mission sur TF1 intitul\u00e9e \u00ab Les d\u00e9fis de la France \u00bb.<\/p>\n\n\n\n<p><strong>Par : RFI avec AFP<\/strong><\/p>\n\n\n\n<p>Pendant plus de trois heures, r\u00e9pondant au journaliste Gilles Bouleau et \u00e0 plusieurs intervenants, Emmanuel Macron a sembl\u00e9 tourner une page ce mardi soir. Priv\u00e9 de majorit\u00e9 \u00e0 l&rsquo;Assembl\u00e9e, cantonn\u00e9 depuis la dissolution de l&rsquo;Assembl\u00e9e \u00e0 son r\u00f4le diplomatique dans un contexte de vives tensions plan\u00e9taires, le chef de l&rsquo;\u00c9tat a largement r\u00e9investi le champ de la politique nationale, des prisons \u00e0 la politique fiscale en passant par le financement du mod\u00e8le social. Son interview sur TF1 a cependant commenc\u00e9 par les questions internationales. Voici ce qu&rsquo;il faut en retenir.<\/p>\n\n\n\n<h2 class=\"wp-block-heading\">\u25a0 Ukraine : de nouvelles sanctions contre la Russie sur la table<\/h2>\n\n\n\n<p>Emmanuel Macron a annonc\u00e9 que les Europ\u00e9ens allaient augmenter la pression sur la Russie via des \u00ab&nbsp;sanctions \u00bb si elle n&rsquo;applique pas le cessez-le-feu propos\u00e9 en Ukraine.&nbsp;Le chef de l&rsquo;\u00c9tat a \u00e9voqu\u00e9 notamment des \u00ab&nbsp;<em>sanctions secondaires<\/em>&nbsp;\u00bb pour les \u00ab&nbsp;<em>revendeurs<\/em>&nbsp;\u00bb de \u00ab&nbsp;<em>services financiers<\/em>&nbsp;\u00bb ou d&rsquo;\u00ab&nbsp;<em>hydrocarbures&nbsp;<\/em>\u00bb, alors que Moscou n&rsquo;a toujours pas r\u00e9pondu \u00e0 la proposition des Europ\u00e9ens, relay\u00e9e par les \u00c9tats-Unis, d&rsquo;un cessez-le-feu inconditionnel de 30 jours en Ukraine.<\/p>\n\n\n\n<p>Un tel cessez-le-feu doit ouvrir la voie \u00e0 des n\u00e9gociations \u00ab<em>&nbsp;territoriales&nbsp;<\/em>\u00bb, a-t-il ajout\u00e9, pointant des choix douloureux \u00e0 venir pour les Ukrainiens d\u00e9j\u00e0 \u00e9voqu\u00e9s par l&rsquo;administration de Donald Trump. \u00ab&nbsp;<em>M\u00eame les Ukrainiens eux-m\u00eames ont la lucidit\u00e9 de dire (&#8230;) qu&rsquo;ils n&rsquo;auront pas la capacit\u00e9 de reprendre l&rsquo;int\u00e9gralit\u00e9 de ce qui est pris depuis 2014<\/em>&nbsp;\u00bb par la Russie, a d\u00e9clar\u00e9 Emmanuel Macron, avant une possible rencontre russo-ukrainienne lors d&rsquo;un sommet jeudi \u00e0 Istanbul, auquel participera le chef de la diplomatie am\u00e9ricaine Marco Rubio.<\/p>\n\n\n\n<h2 class=\"wp-block-heading\">\u25a0 \u00ab&nbsp;<em>Honte<\/em>&nbsp;\u00bb \u00e0 Gaza<\/h2>\n\n\n\n<p>Le pr\u00e9sident fran\u00e7ais a aussi eu des mots tr\u00e8s forts \u00e0 l&rsquo;encontre de la guerre men\u00e9e \u00e0 Gaza par Isra\u00ebl. \u00ab&nbsp;<em>Ce que fait aujourd&rsquo;hui le gouvernement de Benyamin Netanyahu (\u00e0 Gaza) est inacceptable&nbsp;<\/em>\u00bb, \u00ab&nbsp;<em>c&rsquo;est une honte<\/em>&nbsp;\u00bb, a-t-il estim\u00e9 mardi, tout en soulignant que ce n&rsquo;\u00e9tait pas \u00e0 lui, mais aux \u00ab&nbsp;historiens \u00bb de dire s&rsquo;il s&rsquo;agissait d&rsquo;un \u00ab&nbsp;<em>g\u00e9nocide&nbsp;<\/em>\u00bb.&nbsp;Il a \u00e9galement estim\u00e9 que la question d&rsquo;une r\u00e9vision des \u00ab&nbsp;<em>accords de coop\u00e9ration<\/em>&nbsp;\u00bb entre UE et Isra\u00ebl \u00e9tait \u00ab&nbsp;<em>ouverte<\/em>&nbsp;\u00bb.<\/p>\n\n\n\n<p>Le pr\u00e9sident fran\u00e7ais a rappel\u00e9 avoir \u00e9t\u00e9 \u00ab&nbsp;l&rsquo;un des seuls dirigeants \u00e0 aller \u00e0 la fronti\u00e8re \u00bb entre l&rsquo;\u00c9gypte et Gaza, \u00ab<em>&nbsp;l&rsquo;une des pires choses qu&rsquo;il (lui) aient \u00e9t\u00e9 donn\u00e9es de voir&nbsp;<\/em>\u00bb, d\u00e9plorant que \u00ab<em>&nbsp;toute l&rsquo;aide que la France et d&rsquo;autres pays acheminent&nbsp;<\/em>\u00bb soit \u00ab&nbsp;<em>bloqu\u00e9e par les Isra\u00e9liens<\/em>&nbsp;\u00bb.<\/p>\n\n\n\n<h2 class=\"wp-block-heading\">\u25a0 Fin de vie : un \u00ab&nbsp;<em>r\u00e9f\u00e9rendum<\/em>&nbsp;\u00bb en cas de blocage au Parlement<\/h2>\n\n\n\n<p>Interpell\u00e9 par le journaliste sportif Charles Bi\u00e9try, atteint de maladie de Charcot, Emmanuel Macron a indiqu\u00e9 que si la proposition de loi sur la fin de vie, en cours d&rsquo;examen \u00e0 l&rsquo;Assembl\u00e9e, devait \u00eatre \u00ab<em>&nbsp;enlis\u00e9e<\/em>&nbsp;\u00bb, le r\u00e9f\u00e9rendum pouvait \u00eatre \u00ab&nbsp;<em>une voie pour permettre aux Fran\u00e7ais de s&rsquo;exprimer&nbsp;<\/em>\u00bb. \u00ab&nbsp;<em>Je ne le ferai que si c&rsquo;\u00e9tait bloqu\u00e9. Je pense que d&rsquo;abord il y a le travail du Parlement et j&rsquo;esp\u00e8re qu&rsquo;il y aura un cheminement respectueux et \u00e9quilibr\u00e9 qui se fera dans les jours, les semaines et les mois qui viennent&nbsp;<\/em>\u00bb, a-t-il ajout\u00e9.<\/p>\n\n\n\n<p>Le chef de l&rsquo;\u00c9tat s&rsquo;est dit favorable \u00e0 une loi \u00ab&nbsp;<em>d&rsquo;humanit\u00e9, de fraternit\u00e9<\/em>&nbsp;\u00bb permettant une aide active \u00e0 mourir \u00ab&nbsp;<em>dans les cas qui ont \u00e9t\u00e9 pr\u00e9vus, par un travail formidable fait par la Convention citoyenne pendant des mois, puis des ministres successifs<\/em>&nbsp;\u00bb, d\u00e9fendant un \u00ab&nbsp;<em>texte d&rsquo;\u00e9quilibre<\/em>&nbsp;\u00bb.&nbsp;&nbsp;Ces d\u00e9clarations marquent une \u00e9volution avec ses propos en 2022 quand il estimait que \u00ab&nbsp;<em>constitutionnellement, la fin de vie n&rsquo;est pas un sujet de r\u00e9f\u00e9rendum<\/em>&nbsp;\u00bb.<\/p>\n\n\n\n<p>Plus g\u00e9n\u00e9ralement, le pr\u00e9sident fran\u00e7ais a expliqu\u00e9 \u00ab&nbsp;<em>ne rien s&rsquo;interdire<\/em>&nbsp;\u00bb en mati\u00e8re de r\u00e9f\u00e9rendum, sans pour autant annoncer de projet arr\u00eat\u00e9 de consultation des Fran\u00e7ais. \u00ab&nbsp;<em>Je souhaite qu&rsquo;on puisse organiser une consultation multiple, c&rsquo;est-\u00e0-dire un r\u00e9f\u00e9rendum, plusieurs r\u00e9f\u00e9rendums dans les mois qui viennent&nbsp;<\/em>\u00bb, a-t-il pr\u00e9cis\u00e9, \u00e9voquant notamment la question des temps scolaires ou encore celle de l&rsquo;acc\u00e8s aux r\u00e9seaux sociaux pour les moins de quinze ans.<\/p>\n\n\n\n<p>Le chef de l&rsquo;\u00c9tat a \u00e9galement r\u00e9pondu \u00ab&nbsp;<em>pourquoi pas<\/em>&nbsp;\u00bb \u00e0 l&rsquo;id\u00e9e de r\u00e9f\u00e9rendum sur les finances publiques pr\u00f4n\u00e9e par Fran\u00e7ois Bayrou. Il a en revanche rejet\u00e9 l&rsquo;hypoth\u00e8se d&rsquo;un r\u00e9f\u00e9rendum sur les questions d&rsquo;immigration, hors cadre de la Constitution, malgr\u00e9 les demandes r\u00e9p\u00e9t\u00e9es de la droite et de l&rsquo;extr\u00eame droite. Pas question non plus d&rsquo;accepter un r\u00e9f\u00e9rendum sur la r\u00e9forme des retraites, comme le lui a sugg\u00e9r\u00e9 la secr\u00e9taire g\u00e9n\u00e9rale de la CGT, Sophie Binet.<\/p>\n\n\n\n<h2 class=\"wp-block-heading\">\u25a0 Refus d&rsquo;une nationalisation d&rsquo;ArcelorMittal<\/h2>\n\n\n\n<p>\u00ab&nbsp;<em>Je ne vais pas nationaliser ArcelorMittal parce que ce serait d\u00e9penser des milliards d&rsquo;euros<\/em>&nbsp;\u00bb, a tranch\u00e9 Emmanuel Macron, alors que le deuxi\u00e8me sid\u00e9rurgiste mondial, aux prises avec une crise historique de l&rsquo;acier en Europe, envisage de supprimer environ 600 postes dans sept sites industriels du nord de la France.<\/p>\n\n\n\n<p>\u00ab&nbsp;<em>La r\u00e9ponse, \u00e7a n&rsquo;est pas nationaliser (mais) avoir des garanties de d\u00e9veloppement&nbsp;<\/em>\u00bb, a-t-il fait valoir face \u00e0 la secr\u00e9taire g\u00e9n\u00e9rale de la CGT, Sophie Binet. \u00ab&nbsp;<em>Il faut mettre en place ce qu&rsquo;on appelle des clauses de sauvegarde, c&rsquo;est-\u00e0-dire prot\u00e9ger le march\u00e9 europ\u00e9en. On a commenc\u00e9 \u00e0 prendre cette d\u00e9cision sous pression fran\u00e7aise&nbsp;: la Commission l&rsquo;a annonc\u00e9 en f\u00e9vrier&nbsp;<\/em>\u00bb, a-t-il ajout\u00e9. Le chef de l&rsquo;\u00c9tat s&rsquo;est toutefois engag\u00e9, \u00ab&nbsp;<em>les yeux dans les yeux<\/em>&nbsp;\u00bb&nbsp;\u00e0 ce que les sites de Dunkerque (Nord) et Fos-sur-Mer (Bouches-du-Rh\u00f4ne) soient \u00ab<em>&nbsp;sauv\u00e9s<\/em>&nbsp;\u00bb.&nbsp; &nbsp;<\/p>\n\n\n\n<h2 class=\"wp-block-heading\">\u25a0 Contre le port de signes religieux dans les comp\u00e9titions sportives<\/h2>\n\n\n\n<p>\u00ab&nbsp;<em>Je suis pour la charte olympique qui interdit le port de tout signe religieux dans les comp\u00e9titions<\/em>&nbsp;\u00bb, a affirm\u00e9 le pr\u00e9sident de la R\u00e9publique, en invoquant aussi \u00ab<em>&nbsp;l&rsquo;\u00e9galit\u00e9 entre les femmes et les hommes<\/em>&nbsp;\u00bb. Dans la pratique du sport hors comp\u00e9titions, \u00ab&nbsp;<em>c&rsquo;est aux f\u00e9d\u00e9rations (sportives) de d\u00e9cider&nbsp;<\/em>\u00bb, a-t-il ajout\u00e9. \u00ab&nbsp;<em>Dans les infrastructures (sportives), pour aller s&rsquo;entra\u00eener et initier, il faut l\u00e0 du pragmatisme et notre loi ne l&#8217;emp\u00eache pas (le port des signes religieux)<\/em>&nbsp;\u00bb.<\/p>\n\n\n\n<p>Le pr\u00e9sident \u00e9tait interpell\u00e9 sur le sujet par l&rsquo;halt\u00e9rophile Sylvie Eberana, championne nationale amatrice dans sa cat\u00e9gorie en 2024. De confession musulmane et portant le voile, elle a dit craindre de ne plus pouvoir concourir, alors qu&rsquo;une proposition de loi LR interdisant les signes religieux pendant les comp\u00e9titions, y compris de sport amateur, a \u00e9t\u00e9 vot\u00e9e en f\u00e9vrier au S\u00e9nat. Le texte, qui doit d\u00e9sormais \u00eatre examin\u00e9 \u00e0 l&rsquo;Assembl\u00e9e nationale, a sem\u00e9 la cacophonie au sein du gouvernement, conduisant le Premier ministre Fran\u00e7ois Bayrou \u00e0 r\u00e9unir plusieurs ministres mi-mars pour tenter de mettre fin aux dissonances.<\/p>\n\n\n\n<h2 class=\"wp-block-heading\">\u25a0 Surpopulation carc\u00e9rale : \u00ab&nbsp;<em>louer<\/em>&nbsp;\u00bb des places de prison \u00e0 l&rsquo;\u00e9tranger si besoin<\/h2>\n\n\n\n<p>Il n&rsquo;y a \u00ab&nbsp;<em>pas de tabou<\/em>&nbsp;\u00bb, a affirm\u00e9 Emmanuel Macron.&nbsp;\u00ab&nbsp;Oui, on louera si besoin \u00e9tait les places de prison l\u00e0 o\u00f9 elles sont disponibles \u00bb, a-t-il d\u00e9clar\u00e9. Certains pays europ\u00e9ens, comme la Norv\u00e8ge, la Belgique ou le Danemark ont d\u00e9j\u00e0 mis en \u0153uvre cette pratique ou sont sur le point de le faire.<\/p>\n\n\n\n<p><strong>Newsletter<\/strong>Recevez toute l&rsquo;actualit\u00e9 internationale directement dans votre boite mail<a href=\"https:\/\/emailing.rfi.fr\/fr\/subscribe\" target=\"_blank\" rel=\"noreferrer noopener\">Je m&rsquo;abonne<\/a><\/p>\n\n\n\n<p>Le pr\u00e9sident fran\u00e7ais a aussi assur\u00e9 vouloir \u00ab&nbsp;<em>changer les r\u00e8gles<\/em>&nbsp;\u00bb pour la construction des 5&nbsp;000 places de prison en projet, afin d&rsquo;avoir \u00ab&nbsp;<em>des structures plus l\u00e9g\u00e8res et beaucoup plus rapides \u00e0 construire<\/em>&nbsp;\u00bb.&nbsp;Les chiffres de la surpopulation carc\u00e9rale battent chaque mois de nouveaux records. Il y avait 82&nbsp;921 d\u00e9tenus en France au 1er avril pour 62&nbsp;358 places, soit une densit\u00e9 carc\u00e9rale globale de 133%. Le chef de l&rsquo;\u00c9tat a par ailleurs qualifi\u00e9 de \u00ab<em>&nbsp;tout \u00e0 fait pertinente&nbsp;<\/em>\u00bb l&rsquo;id\u00e9e de faire participer les d\u00e9tenus aux frais de leur incarc\u00e9ration, comme envisag\u00e9 par le ministre de la Justice G\u00e9rald Darmanin.<\/p>\n\n\n\n<h2 class=\"wp-block-heading\">\u25a0 Extension des pouvoirs des polices municipales<\/h2>\n\n\n\n<p>\u00ab<em>&nbsp;Je souhaite que le gouvernement puisse prendre une loi qui donnera la possibilit\u00e9, \u00e0 tous les maires qui le souhaitent&nbsp;<\/em>\u00bb, que leur \u00ab&nbsp;<em>police municipale puisse, avec son accord, travailler sous l&rsquo;autorit\u00e9 du procureur pour pouvoir faire les saisines, les flagrances, les amendes forfaitaires d\u00e9lictuelles&nbsp;<\/em>\u00bb, a affirm\u00e9 le pr\u00e9sident de la R\u00e9publique. \u00ab&nbsp;<em>Il ne faut pas changer la Constitution, il faut que la loi le fasse et que le maire le veuille<\/em>&nbsp;\u00bb, a-t-il r\u00e9pondu au maire de B\u00e9ziers Robert M\u00e9nard qui l&rsquo;interrogeait sur le sujet. \u00ab&nbsp;<em>Aujourd&rsquo;hui, un policier municipal ne peut pas mettre une amende&nbsp;: il faut que ce soit le policier national qui vienne en aide. On est dans un pays de dingues&nbsp;!&nbsp;<\/em>\u00bb, avait d\u00e9plor\u00e9 quelques minutes auparavant l&rsquo;\u00e9dile h\u00e9raultais.<\/p>\n\n\n\n<p>En un quart de si\u00e8cle, les effectifs des polices municipales ont atteint plus de 28&nbsp;000 agents r\u00e9partis dans 4&nbsp;500 communes. Une grande majorit\u00e9 de ces polices municipales ont des effectifs restreints&nbsp;: 80% comptent moins de 10 agents et 50% deux agents ou moins. 80% sont arm\u00e9s et 58% poss\u00e8dent des armes \u00e0 feu. Un \u00ab&nbsp;Beauvau des polices municipales \u00bb, lanc\u00e9 il y a un an par l&rsquo;ex-ministre de l&rsquo;Int\u00e9rieur G\u00e9rald Darmanin et relanc\u00e9 en f\u00e9vrier par Fran\u00e7ois-No\u00ebl Buffet, ministre aupr\u00e8s du ministre de l&rsquo;Int\u00e9rieur, pour repenser et \u00e9largir les pr\u00e9rogatives de ces policiers, doit aboutir \u00e0 un projet de loi au Parlement d&rsquo;ici juin.<\/p>\n\n\n\n<h2 class=\"wp-block-heading\">\u25a0 Pour une v\u00e9rification de l&rsquo;\u00e2ge des adolescents sur les r\u00e9seaux sociaux<\/h2>\n\n\n\n<p>Emmanuel Macron a confirm\u00e9 vouloir que soit impos\u00e9e aux adolescents une v\u00e9rification de leur \u00e2ge pour s&rsquo;inscrire sur les r\u00e9seaux sociaux, estimant qu&rsquo;il y a \u00ab&nbsp;<em>une jeunesse qui a \u00e9t\u00e9 percut\u00e9e&nbsp;<\/em>\u00bb par ces plateformes. \u00ab&nbsp;<em>Il faut prot\u00e9ger nos enfants&nbsp;<\/em>\u00bb, a-t-il justifi\u00e9. Dimanche, la ministre d\u00e9l\u00e9gu\u00e9e charg\u00e9e du Num\u00e9rique Clara Chappaz a affirm\u00e9 que la France se donnait \u00ab&nbsp;trois mois \u00bb pour \u00ab&nbsp;<em>mobiliser ses partenaires europ\u00e9ens&nbsp;<\/em>\u00bb sur un \u00ab&nbsp;<em>accord europ\u00e9en<\/em>&nbsp;\u00bb contraignant les r\u00e9seaux sociaux \u00e0 v\u00e9rifier l&rsquo;\u00e2ge des adolescents, faute de quoi le gouvernement prendrait des sanctions. \u00ab&nbsp;<em>Les r\u00e9seaux sociaux, avant 15 ans, c&rsquo;est non&nbsp;<\/em>\u00bb, avait-elle insist\u00e9 dans&nbsp;<em>La Tribune Dimanche<\/em>.<\/p>\n\n\n\n<p>\u00ab&nbsp;<em>C&rsquo;est une comp\u00e9tence qui est \u00e0 l&rsquo;Europe. Il faudrait que derri\u00e8re, on engage en parall\u00e8le un combat europ\u00e9en, mais je pense qu&rsquo;il faut le faire. Voil\u00e0, pour moi, c&rsquo;est une de mes priorit\u00e9s&nbsp;<\/em>\u00bb, a assur\u00e9 le pr\u00e9sident. \u00ab&nbsp;<em>Les plus grands sp\u00e9cialistes dans le monde ont maintenant \u00e9crit des livres, des rapports. Il y a une \u00e9pid\u00e9mie (&#8230;) de troubles du comportement alimentaire, souvent chez les jeunes filles. Il y a une \u00e9pid\u00e9mie de harc\u00e8lement sur ces r\u00e9seaux, de d\u00e9r\u00e8glement du rapport entre les gar\u00e7ons et les filles&nbsp;<\/em>\u00bb, a-t-il ajout\u00e9.<\/p>\n","protected":false},"excerpt":{"rendered":"<p>De la guerre en Ukraine et \u00e0 Gaza \u00e0 la question de la surpopulation carc\u00e9rale en France, le pr\u00e9sident Emmanuel<\/p>\n","protected":false},"author":1,"featured_media":56536,"comment_status":"open","ping_status":"open","sticky":false,"template":"","format":"standard","meta":{"footnotes":""},"categories":[51],"tags":[],"class_list":["post-56535","post","type-post","status-publish","format-standard","has-post-thumbnail","hentry","category-general"],"_links":{"self":[{"href":"https:\/\/dekkbi.com\/index.php?rest_route=\/wp\/v2\/posts\/56535","targetHints":{"allow":["GET"]}}],"collection":[{"href":"https:\/\/dekkbi.com\/index.php?rest_route=\/wp\/v2\/posts"}],"about":[{"href":"https:\/\/dekkbi.com\/index.php?rest_route=\/wp\/v2\/types\/post"}],"author":[{"embeddable":true,"href":"https:\/\/dekkbi.com\/index.php?rest_route=\/wp\/v2\/users\/1"}],"replies":[{"embeddable":true,"href":"https:\/\/dekkbi.com\/index.php?rest_route=%2Fwp%2Fv2%2Fcomments&post=56535"}],"version-history":[{"count":2,"href":"https:\/\/dekkbi.com\/index.php?rest_route=\/wp\/v2\/posts\/56535\/revisions"}],"predecessor-version":[{"id":56554,"href":"https:\/\/dekkbi.com\/index.php?rest_route=\/wp\/v2\/posts\/56535\/revisions\/56554"}],"wp:featuredmedia":[{"embeddable":true,"href":"https:\/\/dekkbi.com\/index.php?rest_route=\/wp\/v2\/media\/56536"}],"wp:attachment":[{"href":"https:\/\/dekkbi.com\/index.php?rest_route=%2Fwp%2Fv2%2Fmedia&parent=56535"}],"wp:term":[{"taxonomy":"category","embeddable":true,"href":"https:\/\/dekkbi.com\/index.php?rest_route=%2Fwp%2Fv2%2Fcategories&post=56535"},{"taxonomy":"post_tag","embeddable":true,"href":"https:\/\/dekkbi.com\/index.php?rest_route=%2Fwp%2Fv2%2Ftags&post=56535"}],"curies":[{"name":"wp","href":"https:\/\/api.w.org\/{rel}","templated":true}]}}