{"id":56530,"date":"2025-05-14T10:08:46","date_gmt":"2025-05-14T10:08:46","guid":{"rendered":"https:\/\/dekkbi.com\/?p=56530"},"modified":"2025-05-14T13:11:01","modified_gmt":"2025-05-14T13:11:01","slug":"cannes-2025-une-ceremonie-douverture-marquee-par-une-actualite-internationale-sombre","status":"publish","type":"post","link":"https:\/\/dekkbi.com\/?p=56530","title":{"rendered":"Cannes 2025: une c\u00e9r\u00e9monie d\u2019ouverture marqu\u00e9e par une actualit\u00e9 internationale sombre"},"content":{"rendered":"\n<p>Le 78e Festival international du film de Cannes s\u2019est ouvert ce mardi 13 mai 2025 dans le sud de la France. Comme on pouvait s\u2019y attendre, l\u2019actualit\u00e9 internationale a \u00e9t\u00e9 au c\u0153ur de la c\u00e9r\u00e9monie d\u2019ouverture du plus grand \u00e9v\u00e9nement annuel du 7e art, en particulier la pr\u00e9sidence Trump et la guerre \u00e0 Gaza.<\/p>\n\n\n\n<p>Par : K\u00e8oprasith Souvannavong &#8211; <em> envoy\u00e9 sp\u00e9cial RFI \u00e0 Cannes<\/em><\/p>\n\n\n\n<p>\u00ab&nbsp;<em>Aux \u00c9tats-Unis, nous luttons d&rsquo;arrache-pied pour d\u00e9fendre la d\u00e9mocratie que nous consid\u00e9rions toujours comme acquise<\/em>&nbsp;\u00bb, a lanc\u00e9 l\u2019acteur Robert De Niro en recevant une Palme d&rsquo;or d&rsquo;honneur pour sa longue et brillante carri\u00e8re, remise par la star am\u00e9ricaine Leonardo DiCaprio, pour qui De Niro a \u00e9t\u00e9 \u00ab&nbsp;<em>un mod\u00e8le<\/em>&nbsp;\u00bb et&nbsp;avec qui il a plusieurs fois partag\u00e9 l&rsquo;affiche.<\/p>\n\n\n\n<p>Robert De Niro, 81 ans, opposant d\u00e9clar\u00e9 au pr\u00e9sident am\u00e9ricain\u00a0<strong>Donald Trump<\/strong>, n\u2019y est pas all\u00e9 par quatre chemins, appelant \u00e0 \u00ab\u00a0<em>d\u00e9fendre la d\u00e9mocratie<\/em>\u00a0\u00bb face \u00e0 un Donald Trump qu\u2019il qualifie d\u2019 \u00ab\u00a0<em>inculte<\/em>\u00a0\u00bb, avant d\u2019enfoncer le clou\u00a0: \u00ab\u00a0<em>L&rsquo;art est inclusif, il r\u00e9unit les gens, comme ce soir, l&rsquo;art est en qu\u00eate de libert\u00e9, l&rsquo;art inclut la diversit\u00e9 et c&rsquo;est pourquoi l&rsquo;art est menac\u00e9<\/em>\u00a0<em>! C&rsquo;est pourquoi nous sommes une menace pour les autocrates et les fascistes de ce monde.<\/em>\u00a0\u00bb\u00a0<\/p>\n\n\n\n<p>Donald Trump \u00ab&nbsp;<em>a coup\u00e9 les fonds pour les sciences humaines, pour la formation sup\u00e9rieure, et il annonce maintenant 100% de droits de douane sur les films produits \u00e0 l&rsquo;ext\u00e9rieur des \u00c9tats-Unis&nbsp;<\/em>[&#8230;]<em>&nbsp;C&rsquo;est inacceptable, et ce n&rsquo;est pas simplement un probl\u00e8me am\u00e9ricain, c&rsquo;est un probl\u00e8me de port\u00e9e globale<\/em>&nbsp;\u00bb, a d\u00e9nonc\u00e9 le monstre sacr\u00e9 de Hollywood, chaudement applaudi par la salle, avant de conclure par ces mots en fran\u00e7ais&nbsp;: \u00ab&nbsp;<em>La libert\u00e9, l&rsquo;\u00e9galit\u00e9, la fraternit\u00e9.<\/em>&nbsp;\u00bb<\/p>\n\n\n\n<h2 class=\"wp-block-heading\">Hommage \u00e0 la photojournaliste palestinienne Fatima Hassouna, tu\u00e9e \u00e0 Gaza&nbsp;<\/h2>\n\n\n\n<p>Avant Robert De Niro, c\u2019est l&rsquo;actrice fran\u00e7aise Juliette Binoche, pr\u00e9sidente du jury de cette 78e \u00e9dition du festival, qui a rendu hommage \u00e0 la photojournaliste palestinienne Fatima Hassouna, tu\u00e9e par un bombardement isra\u00e9lien \u00e0 Gaza en avril. \u00ab&nbsp;<em>Fatima aurait d\u00fb \u00eatre parmi nous ce soir. L&rsquo;art reste. Il est le t\u00e9moignage puissant de nos vies, de nos r\u00eaves<\/em>&nbsp;\u00bb, a-t-elle d\u00e9clar\u00e9, sans oublier d\u2019\u00e9voquer les \u00ab&nbsp;<em>otages du 7-Octobre et tous les otages, les prisonniers, les noy\u00e9s qui endurent la terreur et meurent dans un terrible sentiment d&rsquo;abandon<\/em>&nbsp;\u00bb.<\/p>\n\n\n\n<p>Pour la star fran\u00e7aise et artiste engag\u00e9e, v\u00eatue d&rsquo;un haut blanc coiffant sa chevelure, telle une madone, \u00ab&nbsp;<em>guerre, mis\u00e8re, d\u00e9r\u00e8glement climatique, misogynie primaire, les d\u00e9mons de nos barbaries ne nous laissent aucun r\u00e9pit<\/em>&nbsp;[&#8230;]&nbsp;<em>Contre l&rsquo;immensit\u00e9 de cette temp\u00eate, nous devons faire na\u00eetre la douceur, transformer nos visions, fragmenter en confiance, retrouver, gu\u00e9rir, gu\u00e9rir notre ignorance et l\u00e2cher nos peurs, notre \u00e9go\u00efsme, changer de cap<\/em>&nbsp;\u00bb.<\/p>\n\n\n\n<h2 class=\"wp-block-heading\">Hommage aussi au r\u00e9alisateur d\u00e9c\u00e9d\u00e9 David Lynch&nbsp;<\/h2>\n\n\n\n<p>La c\u00e9r\u00e9monie d&rsquo;ouverture a \u00e9galement \u00e9t\u00e9 marqu\u00e9e par l&rsquo;hommage rendu, en chanson, par la chanteuse fran\u00e7aise Myl\u00e8ne Farmer au cin\u00e9aste am\u00e9ricain David Lynch, r\u00e9alisateur notamment d&rsquo;<em>Elephant Man<\/em>&nbsp;et de&nbsp;<em>Mulholland Drive<\/em>, mort en janvier \u00e0 78 ans.<\/p>\n\n\n\n<p>C\u2019est sur un ton plus l\u00e9ger que s\u2019est achev\u00e9e cette c\u00e9r\u00e9monie, avec un Quentin Tarantino survolt\u00e9. Le 78e Festival de Cannes est \u00ab&nbsp;<em>officiellement ouveeert !<\/em>&nbsp;\u00bb, a hurl\u00e9 le cin\u00e9aste am\u00e9ricain, laur\u00e9at de la Palme d&rsquo;or en 1994 avec&nbsp;<em>Pulp Fiction<\/em>.<\/p>\n\n\n\n<p><em>Partir un jour<\/em>, le long m\u00e9trage projet\u00e9 en ouverture, s\u2019inscrit, lui aussi, dans une note plus l\u00e9g\u00e8re : un film musical fran\u00e7ais, sign\u00e9 Am\u00e9lie Bonnin, qui suit une cheffe cuisini\u00e8re de retour dans son village d\u2019enfance.&nbsp;<\/p>\n","protected":false},"excerpt":{"rendered":"<p>Le 78e Festival international du film de Cannes s\u2019est ouvert ce mardi 13 mai 2025 dans le sud de la<\/p>\n","protected":false},"author":1,"featured_media":56531,"comment_status":"open","ping_status":"open","sticky":false,"template":"","format":"standard","meta":{"footnotes":""},"categories":[51],"tags":[],"class_list":["post-56530","post","type-post","status-publish","format-standard","has-post-thumbnail","hentry","category-general"],"_links":{"self":[{"href":"https:\/\/dekkbi.com\/index.php?rest_route=\/wp\/v2\/posts\/56530","targetHints":{"allow":["GET"]}}],"collection":[{"href":"https:\/\/dekkbi.com\/index.php?rest_route=\/wp\/v2\/posts"}],"about":[{"href":"https:\/\/dekkbi.com\/index.php?rest_route=\/wp\/v2\/types\/post"}],"author":[{"embeddable":true,"href":"https:\/\/dekkbi.com\/index.php?rest_route=\/wp\/v2\/users\/1"}],"replies":[{"embeddable":true,"href":"https:\/\/dekkbi.com\/index.php?rest_route=%2Fwp%2Fv2%2Fcomments&post=56530"}],"version-history":[{"count":3,"href":"https:\/\/dekkbi.com\/index.php?rest_route=\/wp\/v2\/posts\/56530\/revisions"}],"predecessor-version":[{"id":56553,"href":"https:\/\/dekkbi.com\/index.php?rest_route=\/wp\/v2\/posts\/56530\/revisions\/56553"}],"wp:featuredmedia":[{"embeddable":true,"href":"https:\/\/dekkbi.com\/index.php?rest_route=\/wp\/v2\/media\/56531"}],"wp:attachment":[{"href":"https:\/\/dekkbi.com\/index.php?rest_route=%2Fwp%2Fv2%2Fmedia&parent=56530"}],"wp:term":[{"taxonomy":"category","embeddable":true,"href":"https:\/\/dekkbi.com\/index.php?rest_route=%2Fwp%2Fv2%2Fcategories&post=56530"},{"taxonomy":"post_tag","embeddable":true,"href":"https:\/\/dekkbi.com\/index.php?rest_route=%2Fwp%2Fv2%2Ftags&post=56530"}],"curies":[{"name":"wp","href":"https:\/\/api.w.org\/{rel}","templated":true}]}}