{"id":5652,"date":"2023-01-02T11:02:31","date_gmt":"2023-01-02T11:02:31","guid":{"rendered":"https:\/\/dekkbi.com\/?p=5652"},"modified":"2023-01-02T11:02:32","modified_gmt":"2023-01-02T11:02:32","slug":"dun-etat-dindigence-a-un-etat-demergence","status":"publish","type":"post","link":"https:\/\/dekkbi.com\/?p=5652","title":{"rendered":"\u00abD\u2019un \u00c9tat d\u2019indigence \u00e0 un \u00c9tat d\u2019\u00e9mergence !\u00a0\u00bb"},"content":{"rendered":"\n<p>Comme \u00e0 l\u2019accoutum\u00e9e, le Pr\u00e9sident de la R\u00e9publique, son Excellence Monsieur Macky SALL, s\u2019est adress\u00e9 aux S\u00e9n\u00e9galaises et aux S\u00e9n\u00e9galais dans son traditionnel discours \u00e0 la Nation du 31 d\u00e9cembre 2022 pour leur pr\u00e9senter ses v\u0153ux de nouvel an.<\/p>\n\n\n\n<p><\/p>\n\n\n\n<p>Il a saisi cette opportunit\u00e9 pour faire le bilan de la gestion gouvernementale pour l\u2019ann\u00e9e 2022 et d\u00e9gager des perspectives pour 2023.<\/p>\n\n\n\n<p>Pour ce qui est du bilan, le Pr\u00e9sident a tenu \u00e0 faire remarquer que malgr\u00e9 la crise de l\u2019\u00e9conomie mondiale cons\u00e9cutive aux effets n\u00e9gatifs de la pand\u00e9mie \u00e0 COVID-19 et de la guerre en Ukraine, l\u2019\u00e9conomie s\u00e9n\u00e9galaise a r\u00e9alis\u00e9 des performances qui lui ont valu son rang de 8\u00e8me sur 38 au classement World Econimics qui fait autorit\u00e9 en mati\u00e8res de donn\u00e9es statistiques et qui reconna\u00eet le S\u00e9n\u00e9gal comme le pays qui a eu la croissance la plus r\u00e9guli\u00e8re au cours de la d\u00e9cennie 2011-2021.<\/p>\n\n\n\n<p>Ces performances ont permis de r\u00e9tr\u00e9cir le d\u00e9ficit budg\u00e9taire et d\u2019accro\u00eetre les recettes int\u00e9rieures de 23%.<\/p>\n\n\n\n<p>Le recouvrement des recettes de l\u2019ordre de 90 %, par rapport \u00e0 l\u2019objectif fix\u00e9, a \u00e9t\u00e9 plus que satisfaisant.<br>Ainsi, notre pays a am\u00e9lior\u00e9 son autonomie budg\u00e9taire et couvert ses d\u00e9penses publiques jusqu\u2019\u00e0 85 %.<br>Ces prouesses ont permis de supporter les mesures sociales tr\u00e8s fortes prises par le gouvernement au cours de l\u2019ann\u00e9e 2022, notamment :<\/p>\n\n\n\n<p>\u2013 l\u2019augmentation substantielle des salaires pour un montant cumul\u00e9 de 236 milliardsde FCFA ;<\/p>\n\n\n\n<p>\u2013 la subvention des prix du carburant, du gaz et des denr\u00e9es de premi\u00e8re n\u00e9cessit\u00e9 pour plus de 750 milliards;<\/p>\n\n\n\n<p>\u2013 la renonciation, par l\u2019Etat, de 157 milliards de recettes fiscales sur des produits import\u00e9s comme le riz, le bl\u00e9, le ma\u00efs, le sucre et l\u2019huile, afin d\u2019\u00e9viter leur rench\u00e9rissement pour le consommateur;<\/p>\n\n\n\n<p>\u2013 enfin, le soutien direct \u00e0 543 000 familles vuln\u00e9rables par transfert d\u2019argent pour plus de 43 milliards.<\/p>\n\n\n\n<p>Ces mesures sociales doivent \u00eatre conjugu\u00e9es aux 11 d\u00e9cisions issues des concertations nationales sur la lutte contre la vie ch\u00e8re, visant \u00e0 contenir la tendance inflationniste des prix, y compris le loyer et traduites en 55 mesures pour all\u00e9ger les souffrances des populations confront\u00e9es \u00e0 la flamb\u00e9e des prix des denr\u00e9es de premi\u00e8re n\u00e9cessit\u00e9.<\/p>\n\n\n\n<p>Au total, le bilan de 2022 courronn\u00e9 par la r\u00e9alisation d\u2019infrastructures importantes dont, entre autres :<\/p>\n\n\n\n<p>\u2013 la premi\u00e8re phase du TER, le pont Nelson Mandela de Foundiougne et celui de Marsassoum, l\u2019autopont de Keur Massar, les axes routiers Tambacounda-Goudiry Kidira,et Louga-Dahra, entre autres.<\/p>\n\n\n\n<p><strong>Les perspectives annonc\u00e9es par le Chef de l\u2019\u00c9tat pour 2023 sont aussi tr\u00e8s prometteuses.<\/strong><\/p>\n\n\n\n<p>Et comme disent les wolofs : \u00ab&nbsp;kula j\u00f2x ndekki ak \u00e1\u00f1, bula digge rer gua war ko g\u00ebm&nbsp;\u00bb. En d\u2019autres termes, l\u2019h\u00f4te qui t\u2019a d\u00e9j\u00e0 offert le petit d\u00e9jeuner et le d\u00eener, s\u2019il te promet le d\u00eener, tu devras le croire.<br>Depuis son accession \u00e0 la magistrature supr\u00eame, le Pr\u00e9sident Macky SALL est m\u00eame all\u00e9 au-del\u00e0 de ses promesses.<\/p>\n\n\n\n<p><\/p>\n\n\n\n<p>On peut donc prendre pour argent comptant ses promesses en termes de perspectives pour 2023 et qui sont essentiellement :<\/p>\n\n\n\n<p>\u2013 l\u2019accroissement de notre taux de croissance qui passera de 4,8 \u00e0 10 %;<\/p>\n\n\n\n<p>\u2013 la ligne du BRTentre Gu\u00e9diawaye et Dakar ;<\/p>\n\n\n\n<p>\u2013 la 2e phase du TER, entre Diamniadio et AIBD;<\/p>\n\n\n\n<p>\u2013 la route du Daand\u00e9 maayo;<\/p>\n\n\n\n<p>\u2013 l\u2019axe Kidira-Bakel;<\/p>\n\n\n\n<p>\u2013 l\u2019autoroute du Nord Dakar-Tivaouane-Saint Louis, dont les travaux d\u00e9marrent en 2023 en coh\u00e9rence avec le regain de trafic li\u00e9 \u00e0 l\u2019exploitation de nos hydrocarbures;<\/p>\n\n\n\n<p>\u2013 le Programme de Connectivit\u00e9 des Zones de Production Agricole, dans les r\u00e9gions de Kaffrine, Kaolack et Thi\u00e8s, dont le montage financier est boucl\u00e9 ;<\/p>\n\n\n\n<p>\u2013 le Programme Sp\u00e9cial de d\u00e9senclavement, un vaste chantier quinquennal qui a d\u00e9j\u00e0 d\u00e9marr\u00e9 pour r\u00e9aliser 2850 Km de routes, ainsi que des ouvrages d\u2019art en milieu rural et urbain.<\/p>\n\n\n\n<p>En d\u00e9finitive, tout cela prouve \u00e0 suffisance, Excellence Monsieur le Pr\u00e9sident, que vous et votre gouvernement \u00eates \u00ab&nbsp;dans le temps de l\u2019action, de la sensibilit\u00e9 sociale par la veille, l\u2019\u00e9coute et la proximit\u00e9 ; mais \u00e9galement de l\u2019offensive \u00e9conomique.&nbsp;\u00bb<\/p>\n\n\n\n<p>L\u2019appel que vous avez lanc\u00e9 pour cultiver notre vivre ensemble et nous pr\u00e9server des p\u00e9rils qui font le malheur des peuples doit \u00eatre entendu par tous car comme vous le dites si bien : &nbsp;\u00bb Nul ne doit s\u2019imaginer plus grand ou plus fort que cette nation qui nous abrite tous.Nous sommes parce que le S\u00e9n\u00e9gal est.&nbsp;\u00bb<\/p>\n\n\n\n<p><strong>Honte donc \u00e0 ceux qui veulent voir notre pays sombrer dans le chaos.<\/strong><\/p>\n\n\n\n<p>Ce sont ceux-l\u00e0 qui ont choisi le 31 d\u00e9cembre, un jour aussi important et symbolique pour la Nation pour s\u2019adonner \u00e0 un concert de casseroles. Ils ont fini par franchir le rubicon et montrer \u00e0 la face du monde leur manque de patriotisme et leur volont\u00e9 manifeste et permanente de d\u00e9fier les institutions de notre pays.<\/p>\n\n\n\n<p>Le faisant, ils ont fini par perdre, heureusement, le peu de cr\u00e9dit qui leur restait aux yeux des S\u00e9n\u00e9galaises et des S\u00e9n\u00e9galais qui ont donn\u00e9 une fin de non recevoir \u00e0 leur soi-disant concert parce que pr\u00e9occup\u00e9s de choses plus s\u00e9rieuses.<\/p>\n\n\n\n<p>Les paroles ne peuvent pas valoir les actes.<\/p>\n\n\n\n<p>Pr\u00e9sident, vous travaillez et eux ils sont, comme le diable, dans les d\u00e9tails.<\/p>\n\n\n\n<p>Heureusement tous ceux qui sont responsables et reconnaissants savent que vous \u00eates en train de nous faire passer d\u2019un &nbsp;\u00bb \u00c9tat d\u2019indigence \u00e0 un \u00c9tat d\u2019\u00e9mergence&nbsp;\u00bb.<\/p>\n\n\n\n<p><strong>* Par Ibrahima Baba SALL<\/strong><br><strong>D\u00e9put\u00e9 Maire de Bakel.<\/strong><\/p>\n","protected":false},"excerpt":{"rendered":"<p>Comme \u00e0 l\u2019accoutum\u00e9e, le Pr\u00e9sident de la R\u00e9publique, son Excellence Monsieur Macky SALL, s\u2019est adress\u00e9 aux S\u00e9n\u00e9galaises et aux S\u00e9n\u00e9galais<\/p>\n","protected":false},"author":1,"featured_media":5653,"comment_status":"open","ping_status":"open","sticky":false,"template":"","format":"standard","meta":{"footnotes":""},"categories":[6],"tags":[],"class_list":["post-5652","post","type-post","status-publish","format-standard","has-post-thumbnail","hentry","category-politics"],"_links":{"self":[{"href":"https:\/\/dekkbi.com\/index.php?rest_route=\/wp\/v2\/posts\/5652","targetHints":{"allow":["GET"]}}],"collection":[{"href":"https:\/\/dekkbi.com\/index.php?rest_route=\/wp\/v2\/posts"}],"about":[{"href":"https:\/\/dekkbi.com\/index.php?rest_route=\/wp\/v2\/types\/post"}],"author":[{"embeddable":true,"href":"https:\/\/dekkbi.com\/index.php?rest_route=\/wp\/v2\/users\/1"}],"replies":[{"embeddable":true,"href":"https:\/\/dekkbi.com\/index.php?rest_route=%2Fwp%2Fv2%2Fcomments&post=5652"}],"version-history":[{"count":1,"href":"https:\/\/dekkbi.com\/index.php?rest_route=\/wp\/v2\/posts\/5652\/revisions"}],"predecessor-version":[{"id":5654,"href":"https:\/\/dekkbi.com\/index.php?rest_route=\/wp\/v2\/posts\/5652\/revisions\/5654"}],"wp:featuredmedia":[{"embeddable":true,"href":"https:\/\/dekkbi.com\/index.php?rest_route=\/wp\/v2\/media\/5653"}],"wp:attachment":[{"href":"https:\/\/dekkbi.com\/index.php?rest_route=%2Fwp%2Fv2%2Fmedia&parent=5652"}],"wp:term":[{"taxonomy":"category","embeddable":true,"href":"https:\/\/dekkbi.com\/index.php?rest_route=%2Fwp%2Fv2%2Fcategories&post=5652"},{"taxonomy":"post_tag","embeddable":true,"href":"https:\/\/dekkbi.com\/index.php?rest_route=%2Fwp%2Fv2%2Ftags&post=5652"}],"curies":[{"name":"wp","href":"https:\/\/api.w.org\/{rel}","templated":true}]}}