{"id":56512,"date":"2025-05-14T09:17:15","date_gmt":"2025-05-14T09:17:15","guid":{"rendered":"https:\/\/dekkbi.com\/?p=56512"},"modified":"2025-05-14T09:17:16","modified_gmt":"2025-05-14T09:17:16","slug":"surpeche-et-migration-alerte-sur-un-double-drame-au-senegal","status":"publish","type":"post","link":"https:\/\/dekkbi.com\/?p=56512","title":{"rendered":"Surp\u00eache et migration : alerte sur un double drame au S\u00e9n\u00e9gal"},"content":{"rendered":"\n<p><strong>La surexploitation des ressources halieutiques au S\u00e9n\u00e9gal, aliment\u00e9e par la p\u00eache ill\u00e9gale et industrielle, provoque une crise socio-\u00e9conomique majeure qui pousse de plus en plus de jeunes S\u00e9n\u00e9galais \u00e0 risquer leur vie pour rejoindre l\u2019Europe, par voie maritime. C\u2019est ce que r\u00e9v\u00e8le un nouveau rapport alarmant, publi\u00e9 le mardi 13 mai 2025, par l\u2019Environmental Justice Foundation (EJF), accompagn\u00e9 d\u2019un film poignant sur les cons\u00e9quences humaines de cette situation.<\/strong><\/p>\n\n\n\n<p><em>\u00abLa mer a \u00e9t\u00e9 vendue : la crise de la p\u00eache au S\u00e9n\u00e9gal entra\u00eene une migration forc\u00e9e vers l\u2019Europe.\u00bb<\/em>&nbsp;C\u2019est une rapport de l\u2019Environmental Justice Foundation (EJF) qui pointe ainsi la surexploitation des ressources halieutiques au S\u00e9n\u00e9gal, aliment\u00e9e par la p\u00eache ill\u00e9gale et industrielle, \u00e0 l\u2019origine d\u2019une crise socio-\u00e9conomique majeure qui pousse de plus en plus de jeunes S\u00e9n\u00e9galais, notamment des zones c\u00f4ti\u00e8res dont l\u2019activit\u00e9 principale est li\u00e9e \u00e0 la p\u00eache artisanale, \u00e0 risquer leur vie pour rejoindre l\u2019Europe, par voie maritime.<\/p>\n\n\n\n<p>En effet, chaque ann\u00e9e, des milliers de migrants s\u00e9n\u00e9galais tentent de rejoindre les \u00eeles Canaries, empruntant une route migratoire (voie maritime notamment) devenue la plus meurtri\u00e8re du monde, avec plus de 3000 morts enregistr\u00e9s en 2023. En 2024, l\u2019Espagne a recens\u00e9 63.970 entr\u00e9es irr\u00e9guli\u00e8res, soit plus du double de 2022. Cette hausse spectaculaire s\u2019explique en grande partie par l\u2019effondrement du secteur de la p\u00eache artisanale au S\u00e9n\u00e9gal.<\/p>\n\n\n\n<p>Dans son rapport, l\u2019Environmental Justice Foundation (EJF) d\u00e9nonce la pression insoutenable exerc\u00e9e sur les ressources marines s\u00e9n\u00e9galaises par des flottes industrielles \u00e9trang\u00e8res, notamment europ\u00e9ennes et chinoises. Ces navires, souvent couverts par des accords opaques, pratiquent des m\u00e9thodes destructrices comme le chalutage de fond, provoquant l\u2019\u00e9puisement des stocks de poissons. Or, le secteur de la p\u00eache emploie environ 3% de la population active s\u00e9n\u00e9galaise et repr\u00e9sente pr\u00e8s de 8% de l\u2019apport en prot\u00e9ines de la population.<\/p>\n\n\n\n<p><strong>PECHEURS MIGRANTS ET CEUX RESTES AU PAYS PARTAGENT LEURS MESAVENTURES<\/strong><\/p>\n\n\n\n<p>Pis, ce pillage des ressources marines a des cons\u00e9quences directes sur les communaut\u00e9s c\u00f4ti\u00e8res tels que&nbsp;: la perte des revenus, l\u2019ins\u00e9curit\u00e9 alimentaire croissante et le sentiment d\u2019abandon. Par cons\u00e9quent, face \u00e0 l\u2019absence de perspectives, la migration devient, pour beaucoup, une solution de survie.<\/p>\n\n\n\n<p>Dans le film accompagnant l\u2019\u00e9tude r\u00e9alis\u00e9e par EJF, un jeune p\u00eacheur nomm\u00e9 Abdou raconte son p\u00e9rilleux voyage vers Tenerife, alors que d\u2019autres, partageant les espoirs (au bout de ce p\u00e9riple), n\u2019ont jamais atteint les c\u00f4tes europ\u00e9ennes. Dans le rapport, des p\u00eacheurs migrants et ceux qui sont rest\u00e9s au pays livrent leurs m\u00e9saventures.<\/p>\n\n\n\n<p><em>\u00abLe neuvi\u00e8me ou le dixi\u00e8me jour, certains p\u00eacheurs ont commenc\u00e9 \u00e0 s\u2019inqui\u00e9ter parce que nous n\u2019\u00e9tions pas s\u00fbrs de d\u00e9barquer sains et saufs, parce qu\u2019il n\u2019y avait pas de carburant, pas de nourriture et pas d\u2019eau \u00e0 bord. Les gens ont commenc\u00e9 \u00e0 tomber malades. Certains sont morts. Que leurs \u00e2mes aillent au paradis. Certains d\u2019entre eux avaient le m\u00eame r\u00eave et le m\u00eame but que moi. Mais ils ne sont jamais arriv\u00e9s\u00bb,<\/em>&nbsp;t\u00e9moigne Abdoulaye Sady, migrant et ancien p\u00eacheur.<\/p>\n\n\n\n<p><strong><em>\u00abLE GOUVERNEMENT A PRIS LA DECISION DE VENDRE LA MER ET NOUS AVONS PRIS LA DECISION DE PARTIR PAR LA MER\u00bb<\/em><\/strong><\/p>\n\n\n\n<p>Un autre t\u00e9moignage indexe les accords de pr\u00eache sign\u00e9s par les diff\u00e9rents r\u00e9gimes.&nbsp;<em>\u00abSi vous n\u2019avez pas de quoi manger, vous ne voudrez pas rester chez vous. Il est \u00e9vident que vous partirez. Vous ne vous souciez m\u00eame pas des difficult\u00e9s ; vous n\u2019avez qu\u2019\u00e0 aller ailleurs pour trouver du travail ou quelque chose \u00e0 faire. C\u2019est la raison pour laquelle nous effectuons cette mission. Le gouvernement a pris la d\u00e9cision de vendre la mer et nous avons pris la d\u00e9cision de partir par la mer\u00bb,<\/em>&nbsp;confie &nbsp;Abdou Rakhmane Sow, migrant et ancien p\u00eacheur.<\/p>\n\n\n\n<p><em>\u00abJ\u2019ai travaill\u00e9 comme p\u00eacheur pendant pr\u00e8s de 10 ans. Quand j\u2019ai commenc\u00e9, la mer \u00e9tait abondante. Mais au fil des ann\u00e9es, les choses sont devenues peu \u00e0 peu tr\u00e8s dures. En tant que chef [de famille], beaucoup de gens d\u00e9pendaient de nous et la mer n\u2019\u00e9tait plus ce qu\u2019elle \u00e9tait. C\u2019est ce qui nous a pouss\u00e9s \u00e0 prendre des risques et \u00e0 esp\u00e9rer venir ici. C\u2019est pourquoi nous avons pris le risque de laisser notre famille, nos femmes et tout le monde derri\u00e8re nous en venant ici par la mer, \u00e0 cause de cet espoir\u00bb<\/em>, &nbsp;indique Idrisa, migrant et ancien p\u00eacheur.<\/p>\n\n\n\n<p>Et un autre rench\u00e9rir&nbsp;:&nbsp;<em>\u00abSi j\u2019avais pu gagner assez d\u2019argent avec la p\u00eache, je ne serais jamais venu en Europe\u00bb,<\/em>&nbsp;se justifie Memedou Racine Seck, migrant et ancien p\u00eacheur.<\/p>\n\n\n\n<p><strong>\u00ab<em>JE PEUX DIRE QUE J\u2019AI PERDU PRES DE DIX MEMBRES DE MA FAMILLE DANS CE NAUFRAGE. C\u2019EST TELLEMENT DECHIRANT\u2026\u00bb<\/em><\/strong><\/p>\n\n\n\n<p><em>\u00abJ\u2019ai perdu mes fils, mes neveux et mon petit-fils dans cette trag\u00e9die. J\u2019ai perdu le fils de mon fr\u00e8re a\u00een\u00e9. Je peux dire que j\u2019ai perdu pr\u00e8s de dix membres de ma famille dans ce naufrage. C\u2019est tellement d\u00e9chirant\u2026 Imaginez que vous passiez trois ou quatre jours en mer, et qu\u2019\u00e0 l\u2019arriv\u00e9e vous ne puissiez m\u00eame pas r\u00e9cup\u00e9rer les frais de carburant ou tout autre frais li\u00e9 \u00e0 la p\u00eache. Aucun bateau ne prend la mer ces derniers temps. Voil\u00e0 les difficult\u00e9s auxquelles les jeunes sont confront\u00e9s et qui ont caus\u00e9 leur mort tragique, et c\u2019est ce qui nous brise le plus le c\u0153ur\u00bb,<\/em>&nbsp;d\u00e9clare Modou Boye Seck, habitant de Fass Boye.<\/p>\n\n\n\n<p><em>\u00abLes pays \u00e9trangers se plaignent de l\u2019immigration, mais ce sont eux les vrais pirates\u00bb,<\/em>&nbsp;d\u00e9nonce Karim Sall, pr\u00e9sident de l\u2019organisation s\u00e9n\u00e9galaise AGIRE.&nbsp;<em>\u00abIls pillent nos ressources pour nourrir leurs populations, pendant que nous mourons de faim\u00bb<\/em>, d\u00e9plore-t-il.<\/p>\n\n\n\n<p>Face \u00e0 cette urgence, l\u2019Environmental Justice Foundation appelle \u00e0 une r\u00e9forme structurelle : plus de transparence dans les accords de p\u00eache, une meilleure gouvernance du secteur et un soutien renforc\u00e9 aux p\u00eacheurs artisanaux. Donc, l\u2019objectif, c\u2019est de restaurer un secteur vital pour l\u2019\u00e9conomie s\u00e9n\u00e9galaise et freiner l\u2019exil forc\u00e9 de ses jeunes.<\/p>\n\n\n\n<p><strong>Sophia MANGA (Stagiaire) &amp; ID<\/strong><\/p>\n","protected":false},"excerpt":{"rendered":"<p>La surexploitation des ressources halieutiques au S\u00e9n\u00e9gal, aliment\u00e9e par la p\u00eache ill\u00e9gale et industrielle, provoque une crise socio-\u00e9conomique majeure qui<\/p>\n","protected":false},"author":1,"featured_media":12682,"comment_status":"open","ping_status":"open","sticky":false,"template":"","format":"standard","meta":{"footnotes":""},"categories":[26],"tags":[],"class_list":["post-56512","post","type-post","status-publish","format-standard","has-post-thumbnail","hentry","category-fait-divers"],"_links":{"self":[{"href":"https:\/\/dekkbi.com\/index.php?rest_route=\/wp\/v2\/posts\/56512","targetHints":{"allow":["GET"]}}],"collection":[{"href":"https:\/\/dekkbi.com\/index.php?rest_route=\/wp\/v2\/posts"}],"about":[{"href":"https:\/\/dekkbi.com\/index.php?rest_route=\/wp\/v2\/types\/post"}],"author":[{"embeddable":true,"href":"https:\/\/dekkbi.com\/index.php?rest_route=\/wp\/v2\/users\/1"}],"replies":[{"embeddable":true,"href":"https:\/\/dekkbi.com\/index.php?rest_route=%2Fwp%2Fv2%2Fcomments&post=56512"}],"version-history":[{"count":1,"href":"https:\/\/dekkbi.com\/index.php?rest_route=\/wp\/v2\/posts\/56512\/revisions"}],"predecessor-version":[{"id":56513,"href":"https:\/\/dekkbi.com\/index.php?rest_route=\/wp\/v2\/posts\/56512\/revisions\/56513"}],"wp:featuredmedia":[{"embeddable":true,"href":"https:\/\/dekkbi.com\/index.php?rest_route=\/wp\/v2\/media\/12682"}],"wp:attachment":[{"href":"https:\/\/dekkbi.com\/index.php?rest_route=%2Fwp%2Fv2%2Fmedia&parent=56512"}],"wp:term":[{"taxonomy":"category","embeddable":true,"href":"https:\/\/dekkbi.com\/index.php?rest_route=%2Fwp%2Fv2%2Fcategories&post=56512"},{"taxonomy":"post_tag","embeddable":true,"href":"https:\/\/dekkbi.com\/index.php?rest_route=%2Fwp%2Fv2%2Ftags&post=56512"}],"curies":[{"name":"wp","href":"https:\/\/api.w.org\/{rel}","templated":true}]}}