{"id":56500,"date":"2025-05-14T08:58:12","date_gmt":"2025-05-14T08:58:12","guid":{"rendered":"https:\/\/dekkbi.com\/?p=56500"},"modified":"2025-05-14T08:58:12","modified_gmt":"2025-05-14T08:58:12","slug":"soutien-au-president-ibrahim-traore-les-activistes-burkinabe-fustigent-le-mauvais-signal-de-guy-marius-sagna","status":"publish","type":"post","link":"https:\/\/dekkbi.com\/?p=56500","title":{"rendered":"Soutien au Pr\u00e9sident Ibrahim Traor\u00e9 : Les activistes burkinab\u00e8 fustigent le mauvais signal de Guy Marius Sagna"},"content":{"rendered":"\n<p>Habill\u00e9 en Faso Dan Fani, Guy Marius Sagna s\u2019est rendu dans les locaux de l\u2019ambassade du Burkina pour faire une d\u00e9claration de soutien au Pr\u00e9sident burkinab\u00e8 et r\u00e9p\u00e9ter sa rh\u00e9torique anti-imp\u00e9rialiste. Dans une lettre adress\u00e9e au pr\u00e9sident de la R\u00e9publique du Burkina Faso, Ibrahim Traor\u00e9, le d\u00e9put\u00e9 de Pastef r\u00e9affirme son soutien au Peuple burkinab\u00e8, d\u00e9nonce \u00abune guerre impos\u00e9e par l\u2019imp\u00e9rialisme international\u00bb, fustige \u00abla manipulation de terroristes et de s\u00e9paratistes par l\u2019imp\u00e9rialisme\u00bb. Pour lui, les peuples du Burkina Faso, du Mali et du Niger \u00abveulent s\u2019extraire de l\u2019oppression n\u00e9ocoloniale de l\u2019imp\u00e9rialisme\u00bb. Dans son entendement, il y a un distinguo \u00e0 faire entre les putschistes. A ses yeux, il y a les militaires \u00abmanipul\u00e9s par l\u2019imp\u00e9rialisme contre leurs peuples\u00bb et \u00abceux qui font aboutir la mobilisation des peuples contre des r\u00e9gimes n\u00e9ocoloniaux\u00bb. Pour GMS, il y a \u00abdes putschs et juntes de militaires au service de ses int\u00e9r\u00eats\u00bb et, a contrario, \u00abceux qui parach\u00e8vent les mobilisations des peuples qui veulent l\u2019ind\u00e9pendance r\u00e9elle\u00bb. Tout en condamnant \u00abl\u2019hypocrite duplicit\u00e9 des imp\u00e9rialistes et de leurs m\u00e9dias\u00bb. Il \u00e9crit en outre : \u00abDepuis l\u2019assassinat du h\u00e9ros martyr Sankara, le Peuple burkinab\u00e8 a mis un terme \u00e0 des d\u00e9cennies de putsch n\u00e9ocolonial dirig\u00e9 par des juntes civiles valets de l\u2019imp\u00e9rialisme.\u00bb<\/p>\n\n\n\n<p>Cette sortie du d\u00e9put\u00e9 a retourn\u00e9 des journalistes et activistes burkinab\u00e8 qui le voyaient comme un membre de leur clan, un des leurs, alors que la plupart se retrouvent dans le viseur des autorit\u00e9s. A l\u2019image de Guy Herv\u00e9 Kam, d\u00e9tenu depuis plusieurs mois alors qu\u2019il s\u2019\u00e9tait constitu\u00e9 pour d\u00e9fendre Sonko. Un de ses proches est ulc\u00e9r\u00e9 par cette sortie de Guy : \u00abGuy Marius Sagna a oubli\u00e9 que Me Kam est encore dans les prisons de IB. Ce m\u00eame Me Kam qui s\u2019est constitu\u00e9 au S\u00e9n\u00e9gal pour d\u00e9fendre Pastef et Ousmane Sonko. \u00c7a fait mal de voir un fr\u00e8re se retourner contre nous au moment o\u00f9 on attendait son soutien. On \u00e9tait enthousiastes quand on a vu l\u2019annonce, mais d\u00e8s qu\u2019il a parl\u00e9, on a compris qu\u2019il nous avait l\u00e2ch\u00e9s. C\u2019est le pouvoir qui est comme \u00e7a avec les faux.\u00bb<br>Face \u00e0 la machine r\u00e9pressive de IB, certains ont pris le chemin de l\u2019exil. \u00abOui. Terrible. Terrible. Je crois que la question simple qu\u2019on peut lui poser : soutient-il un coup d\u2019Etat au S\u00e9n\u00e9gal avec la suppression des partis politiques, l\u2019interdiction des activit\u00e9s politiques des Osc, la censure stricte des m\u00e9dias, l\u2019enl\u00e8vement massif de militants pour la d\u00e9mocratie et la traque des activistes critiques ? Normalement, c\u2019est ce qu\u2019il souhaite pour le S\u00e9n\u00e9gal. Quand on ne veut pas de coup d\u2019Etat chez soi, on n\u2019applaudit pas le coup d\u2019Etat du voisin ! Il faut que nos hommes politiques soient coh\u00e9rents !\u00bb, note un activiste passablement agac\u00e9 par cette sortie. Un autre journaliste exil\u00e9 ne cache pas son indignation : \u00abLe combat pour la justice ne se fait pas aux c\u00f4t\u00e9s des bourreaux. Il y a des silences qui honorent. Et des paroles, des gestes, des pr\u00e9sences qui font honte et qui blessent. Votre participation \u00e0 cette conf\u00e9rence de presse aux c\u00f4t\u00e9s d\u2019un ambassadeur fr\u00e8re direct de Ibrahim Ma\u00efga -un homme tristement c\u00e9l\u00e8bre pour ses appels \u00e0 la haine et \u00e0 la violence contre les Burkinab\u00e8 exil\u00e9s- est une injure. Une insulte aux victimes, aux familles bris\u00e9es, aux voix musel\u00e9es, aux c\u0153urs exil\u00e9s. Une gifle \u00e0 tous ceux qui croient encore que l\u2019Afrique peut et doit d\u00e9fendre les droits humains, la dignit\u00e9, la libert\u00e9 d\u2019expression. Comment comprendre qu\u2019un homme tel que vous, jadis figure de proue des combats contre les injustices au S\u00e9n\u00e9gal, puisse aujourd\u2019hui accorder son soutien \u00e0 un r\u00e9gime qui a plong\u00e9 le Burkina Faso dans une nuit d\u2019effroi ?\u00bb Am\u00e8re, la pilule ne passe pas&nbsp;: \u00abJuste deux petits exemples pour illustrer mon indignation. Sous Ibrahim Traor\u00e9, plus de 12 journalistes ont \u00e9t\u00e9 enlev\u00e9s ou port\u00e9s disparus, et plus de 18 autres vivent aujourd\u2019hui en exil, fuyant des menaces de mort ou des convocations muscl\u00e9es par des services opaques. Les partis politiques sont b\u00e2illonn\u00e9s, les Osc surveill\u00e9es, et des citoyens ordinaires, pour un simple like ou un commentaire sur Facebook, se retrouvent enr\u00f4l\u00e9s de force ou jet\u00e9s en d\u00e9tention. Mais il y a pire, M. Sagna, le silence que vous cautionnez tue.\u00bb<\/p>\n\n\n\n<p><strong>\u00abA tous ceux qui pleurent un proche enlev\u00e9, exil\u00e9, enterr\u00e9 sans adieu\u00bb<\/strong><br>Les t\u00e9moignages de ce journaliste, qui vit loin de chez lui pour \u00e9chapper \u00e0 des r\u00e9quisitions d\u2019enl\u00e8vement dans les Vdp ou d\u2019emprisonnement, font froid dans le dos&nbsp;: \u00abLaissez-moi vous parler d\u2019une vieille femme de 85 ans, la m\u00e8re d\u2019un journaliste exil\u00e9. Chass\u00e9e de sa maison familiale sans pr\u00e9avis, menac\u00e9e, priv\u00e9e de soins, priv\u00e9e m\u00eame de ses petits-fils charg\u00e9s de prendre soin d\u2019elle et neveux du journaliste. Ils ont \u00e9t\u00e9 enlev\u00e9s et port\u00e9s disparus. Leur crime, \u00eatre les neveux du journaliste en question. Une femme \u00e2g\u00e9e, souffrant de diab\u00e8te et d\u2019hypertension, qu\u2019on a expuls\u00e9e comme une criminelle du domicile familial, \u00e0 qui l\u2019on a donn\u00e9 cinq minutes pour quitter les lieux. Cinq minutes. Quand les terroristes, eux, laissent parfois trois jours avant de frapper. Voil\u00e0 le visage du \u00absankarisme\u00bb selon Ibrahim Traor\u00e9 : s\u2019acharner sur une vieille dame de 85 ans, analphab\u00e8te, qui n\u2019a jamais \u00e9crit une ligne sur la politique de son pays. Son crime \u00e0 elle, \u00eatre la m\u00e8re de ce journaliste critique. C\u2019est cela que vous soutenez ?&nbsp;Et pendant que cette m\u00e8re dort dehors, sous l\u2019\u0153il silencieux de ses bourreaux, vous, Guy Marius Sagna, homme du peuple, vous \u00eates l\u00e0, \u00e0 tendre la main \u00e0 ceux qui l\u2019\u00e9crasent.\u00bb Et le reste est une le\u00e7on d\u2019histoire&nbsp;: \u00abVous dites d\u00e9fendre les id\u00e9aux de Sankara ? Alors pourquoi soutenir un homme qui, contre la volont\u00e9 de la veuve et des enfants de Thomas Sankara, a enterr\u00e9 de force les restes de ce h\u00e9ros, refusant \u00e0 sa famille le droit fondamental de faire son deuil ? Comment osez-vous approuver l\u2019\u00e9dification d\u2019un symbole creux d\u2019une trahison maquill\u00e9e en hommage ? M. Sagna, votre attitude est une offense. A tous ceux qui luttent pour un Etat de Droit. A tous ceux qui, m\u00eame en exil, m\u00eame dans la douleur, gardent foi en la justice. A tous ceux qui pleurent un proche enlev\u00e9, exil\u00e9, enterr\u00e9 sans adieu. Vous avez choisi votre camp. Et ce n\u2019est pas celui des opprim\u00e9s. C\u2019est celui de ceux qui chassent les m\u00e8res, qui enferment les enfants, qui d\u00e9truisent les voix. L\u2019histoire s\u2019en souviendra. Et face \u00e0 ce tumulte, il ne reste \u00e0 ceux qui croient encore \u00e0 la dignit\u00e9 qu\u2019une seule arme : la m\u00e9moire. Et la certitude qu\u2019un jour, les masques tomberont.\u00bb<\/p>\n\n\n\n<p>S\u2019ils ont pr\u00e9f\u00e9r\u00e9 parler \u00e0 visage d\u00e9couvert, Le Quotidien a d\u00e9cid\u00e9 de garder leur anonymat pour \u00e9viter des mesures de repr\u00e9sailles \u00e0 leur encontre.<\/p>\n\n\n\n<p><strong>Par Bocar SAKHO \u2013 bsakho@lequotidien.sn<\/strong><\/p>\n","protected":false},"excerpt":{"rendered":"<p>Habill\u00e9 en Faso Dan Fani, Guy Marius Sagna s\u2019est rendu dans les locaux de l\u2019ambassade du Burkina pour faire une<\/p>\n","protected":false},"author":1,"featured_media":43135,"comment_status":"open","ping_status":"open","sticky":false,"template":"","format":"standard","meta":{"footnotes":""},"categories":[6],"tags":[],"class_list":["post-56500","post","type-post","status-publish","format-standard","has-post-thumbnail","hentry","category-politics"],"_links":{"self":[{"href":"https:\/\/dekkbi.com\/index.php?rest_route=\/wp\/v2\/posts\/56500","targetHints":{"allow":["GET"]}}],"collection":[{"href":"https:\/\/dekkbi.com\/index.php?rest_route=\/wp\/v2\/posts"}],"about":[{"href":"https:\/\/dekkbi.com\/index.php?rest_route=\/wp\/v2\/types\/post"}],"author":[{"embeddable":true,"href":"https:\/\/dekkbi.com\/index.php?rest_route=\/wp\/v2\/users\/1"}],"replies":[{"embeddable":true,"href":"https:\/\/dekkbi.com\/index.php?rest_route=%2Fwp%2Fv2%2Fcomments&post=56500"}],"version-history":[{"count":1,"href":"https:\/\/dekkbi.com\/index.php?rest_route=\/wp\/v2\/posts\/56500\/revisions"}],"predecessor-version":[{"id":56501,"href":"https:\/\/dekkbi.com\/index.php?rest_route=\/wp\/v2\/posts\/56500\/revisions\/56501"}],"wp:featuredmedia":[{"embeddable":true,"href":"https:\/\/dekkbi.com\/index.php?rest_route=\/wp\/v2\/media\/43135"}],"wp:attachment":[{"href":"https:\/\/dekkbi.com\/index.php?rest_route=%2Fwp%2Fv2%2Fmedia&parent=56500"}],"wp:term":[{"taxonomy":"category","embeddable":true,"href":"https:\/\/dekkbi.com\/index.php?rest_route=%2Fwp%2Fv2%2Fcategories&post=56500"},{"taxonomy":"post_tag","embeddable":true,"href":"https:\/\/dekkbi.com\/index.php?rest_route=%2Fwp%2Fv2%2Ftags&post=56500"}],"curies":[{"name":"wp","href":"https:\/\/api.w.org\/{rel}","templated":true}]}}