{"id":56497,"date":"2025-05-14T08:56:52","date_gmt":"2025-05-14T08:56:52","guid":{"rendered":"https:\/\/dekkbi.com\/?p=56497"},"modified":"2025-05-14T08:56:53","modified_gmt":"2025-05-14T08:56:53","slug":"assises-des-daara-moustapha-guirassy-prone-une-implication-de-tous-les-acteurs","status":"publish","type":"post","link":"https:\/\/dekkbi.com\/?p=56497","title":{"rendered":"Assises des daara : Moustapha Guirassy pr\u00f4ne une implication de tous les acteurs"},"content":{"rendered":"\n<p>Dakar, 13 mai (APS) \u2013 Le ministre de l\u2019Education nationale, Moustapha Guirassy, a pr\u00e9conis\u00e9, mardi, une implication de tous les acteurs de l\u2019enseignement coranique du pays dans les assises nationales des daara, \u00e0 travers un travail de terrain privil\u00e9giant l\u2019\u00e9coute et la compr\u00e9hension en vue d\u2019aboutir \u00e0 des solutions durables.<\/p>\n\n\n\n<p>\u2018\u2019Ces assises que nous lan\u00e7ons aujourd\u2019hui ne doivent pas \u00eatre un exercice d\u2019apparat, ni une affaire de s\u00e9minaire ou de conf\u00e9rence r\u00e9serv\u00e9e aux experts. Elles doivent \u00eatre enracin\u00e9es dans le r\u00e9el\u2019\u2019, a-t-il d\u00e9clar\u00e9 en lan\u00e7ant ces assises, \u00e0 l\u2019Institut Islamique de Dakar.<\/p>\n\n\n\n<p>Pour y arriver, dit-il, il faut observer un seul mot d\u2019ordre&nbsp;: \u2018\u2019Aller \u00e0 la rencontre des acteurs, dans les r\u00e9gions, dans les daaras recul\u00e9s comme dans les plus \u00e9tablis, \u00e9couter, entendre, comprendre, car c\u2019est au plus pr\u00e8s du terrain que se forgent les solutions durables\u2019\u2019.<\/p>\n\n\n\n<p>Il a promis que dans cette d\u00e9marche visant \u00e0 impliquer tous les acteurs, les qualit\u00e9s humaines et les postures \u00e9thiques seront la seule boussole.<\/p>\n\n\n\n<p>\u2018\u2019Il nous faudra de la transparence dans les intentions, du respect dans les \u00e9changes, de l\u2019\u00e9coute sinc\u00e8re, une rigueur r\u00e9publicaine dans la m\u00e9thode, et surtout, une g\u00e9n\u00e9rosit\u00e9 de c\u0153ur et un sens \u00e9lev\u00e9 du don de soi. C\u2019est \u00e0 ce prix que nous pourrons b\u00e2tir ensemble un consensus fort, l\u00e9gitime et transformateur\u2019\u2019, a dit Moustapha Guirassy.<\/p>\n\n\n\n<p>L\u2019objectif global de ces assises est d\u2019aboutir \u00e0 une meilleure int\u00e9gration des daara dans le syst\u00e8me \u00e9ducatif national, tout en pr\u00e9servant leur vocation religieuse et leur r\u00f4le historique dans la formation des citoyens.<\/p>\n\n\n\n<p>Le ministre estime par ailleurs que \u2018\u2019l\u2019int\u00e9gration des daara dans le syst\u00e8me \u00e9ducatif ne saurait se faire en opposant les savoirs\u2019\u2019. \u2018\u2019Elle doit se faire en les articulant. Aux c\u00f4t\u00e9s du Coran et de la jurisprudence, les pensionnaires des daara doivent pouvoir acc\u00e9der, s\u2019ils le souhaitent, \u00e0 la ma\u00eetrise de l\u2019informatique, de l\u2019anglais, de la pens\u00e9e critique, des sciences modernes, sans jamais perdre leur ancrage spirituel. L\u2019ouverture n\u2019est pas dilution. Elle est \u00e9l\u00e9vation\u2019\u2019, dit-il.<\/p>\n\n\n\n<p>La c\u00e9r\u00e9monie du lancement marque le coup d\u2019envoi de discussions approfondies entre les diff\u00e9rents acteurs concern\u00e9s. Il s\u2019agit des ma\u00eetres coraniques (borom daara), des enseignants (s\u00ebri\u00f1 daara), des \u00e9l\u00e8ves (ndongo daara), des femmes encadrantes (ndeyu daara), des autorit\u00e9s religieuses, des imams, oul\u00e9mas, associations islamiques, repr\u00e9sentants de la soci\u00e9t\u00e9 civile et d\u00e9cideurs publics.<\/p>\n\n\n\n<p>Le lancement des assises nationale des daaras est la mat\u00e9rialisation d\u2019une instruction du pr\u00e9sident de la R\u00e9publique, Bassirou Diomaye Faye, donn\u00e9e lors de la troisi\u00e8me \u00e9dition de la Journ\u00e9e nationale des Daara, le 28 novembre 2024.<\/p>\n\n\n\n<p>CMS\/ASG\/OID\/ABB<\/p>\n","protected":false},"excerpt":{"rendered":"<p>Dakar, 13 mai (APS) \u2013 Le ministre de l\u2019Education nationale, Moustapha Guirassy, a pr\u00e9conis\u00e9, mardi, une implication de tous les<\/p>\n","protected":false},"author":1,"featured_media":56498,"comment_status":"open","ping_status":"open","sticky":false,"template":"","format":"standard","meta":{"footnotes":""},"categories":[21],"tags":[],"class_list":["post-56497","post","type-post","status-publish","format-standard","has-post-thumbnail","hentry","category-societe"],"_links":{"self":[{"href":"https:\/\/dekkbi.com\/index.php?rest_route=\/wp\/v2\/posts\/56497","targetHints":{"allow":["GET"]}}],"collection":[{"href":"https:\/\/dekkbi.com\/index.php?rest_route=\/wp\/v2\/posts"}],"about":[{"href":"https:\/\/dekkbi.com\/index.php?rest_route=\/wp\/v2\/types\/post"}],"author":[{"embeddable":true,"href":"https:\/\/dekkbi.com\/index.php?rest_route=\/wp\/v2\/users\/1"}],"replies":[{"embeddable":true,"href":"https:\/\/dekkbi.com\/index.php?rest_route=%2Fwp%2Fv2%2Fcomments&post=56497"}],"version-history":[{"count":1,"href":"https:\/\/dekkbi.com\/index.php?rest_route=\/wp\/v2\/posts\/56497\/revisions"}],"predecessor-version":[{"id":56499,"href":"https:\/\/dekkbi.com\/index.php?rest_route=\/wp\/v2\/posts\/56497\/revisions\/56499"}],"wp:featuredmedia":[{"embeddable":true,"href":"https:\/\/dekkbi.com\/index.php?rest_route=\/wp\/v2\/media\/56498"}],"wp:attachment":[{"href":"https:\/\/dekkbi.com\/index.php?rest_route=%2Fwp%2Fv2%2Fmedia&parent=56497"}],"wp:term":[{"taxonomy":"category","embeddable":true,"href":"https:\/\/dekkbi.com\/index.php?rest_route=%2Fwp%2Fv2%2Fcategories&post=56497"},{"taxonomy":"post_tag","embeddable":true,"href":"https:\/\/dekkbi.com\/index.php?rest_route=%2Fwp%2Fv2%2Ftags&post=56497"}],"curies":[{"name":"wp","href":"https:\/\/api.w.org\/{rel}","templated":true}]}}