{"id":56491,"date":"2025-05-13T16:54:43","date_gmt":"2025-05-13T16:54:43","guid":{"rendered":"https:\/\/dekkbi.com\/?p=56491"},"modified":"2025-05-13T16:54:43","modified_gmt":"2025-05-13T16:54:43","slug":"israel-palestine-netanyahu-reprend-son-offensive-et-va-intensifier-la-guerre-dans-la-bande-de-gaza","status":"publish","type":"post","link":"https:\/\/dekkbi.com\/?p=56491","title":{"rendered":"Isra\u00ebl-Palestine: Netanyahu reprend son offensive et va intensifier la guerre dans la bande de Gaza"},"content":{"rendered":"\n<p>Le Premier ministre isra\u00e9lien, Benjamin Netanyahu, a annonc\u00e9 une&nbsp;intensification de la guerre \u00e0&nbsp;Gaza&nbsp;ces prochains jours pour \u00ab\u00a0<em>achever l&rsquo;op\u00e9ration et vaincre le Hamas\u00a0\u00bb,<\/em>&nbsp;a indiqu\u00e9 mardi 13 mai 2025 son bureau. Une reprise de l&rsquo;offensive d&rsquo;Isra\u00ebl apr\u00e8s une courte pause observ\u00e9e pour la lib\u00e9ration de l&rsquo;otage isra\u00e9lo-am\u00e9ricain Edan Alexander.<\/p>\n\n\n\n<p>Par avec AFP<\/p>\n\n\n\n<p>Benjamin Netanyahu a aussi affirm\u00e9 que ses services s&#8217;employaient actuellement \u00e0 trouver des pays pr\u00eats \u00e0 accepter des Gazaouis. Selon lui, ils seraient nombreux \u00e0 \u00eatre pr\u00eats \u00e0 quitter le territoire, d\u00e9vast\u00e9 par plus de 18 mois de conflit d\u00e9clench\u00e9 par l&rsquo;attaque sans pr\u00e9c\u00e9dent du Hamas sur le sol isra\u00e9lien le 7 octobre 2023.&nbsp;<\/p>\n\n\n\n<p>Les services du Premier ministre ont rapport\u00e9 ces propos &#8211; tenus lundi devant des r\u00e9servistes &#8211; au premier jour d&rsquo;une tourn\u00e9e au Moyen-Orient du pr\u00e9sident am\u00e9ricain Donald Trump et au lendemain d&rsquo;un court r\u00e9pit dans l&rsquo;offensive isra\u00e9lienne \u00e0 Gaza pour permettre la lib\u00e9ration d&rsquo;Edan Alexander, seul otage vivant ayant la nationalit\u00e9 am\u00e9ricaine.&nbsp;<\/p>\n\n\n\n<p>D\u00e8s la nuit, l&rsquo;arm\u00e9e isra\u00e9lienne a repris ses bombardements sur le territoire palestinien, frappant l&rsquo;h\u00f4pital Nasser de Khan Youn\u00e8s\u00a0(sud) abritant selon elle\u00a0<em>\u00ab\u00a0un centre de commandement et de contr\u00f4le\u00a0\u00bb<\/em>\u00a0du Hamas, et tuant selon le mouvement islamiste palestinien plusieurs patients dont un journaliste.\u00a0<\/p>\n\n\n\n<h2 class=\"wp-block-heading\">La guerre \u00ab\u00a0jusqu&rsquo;au bout\u00a0\u00bb<\/h2>\n\n\n\n<p><em>\u00ab\u00a0Dans les prochains jours, nous entrerons avec toute notre force\u00a0\u00bb<\/em>&nbsp;\u00e0 Gaza&nbsp;<em>\u00ab\u00a0pour achever l&rsquo;op\u00e9ration et vaincre le Hamas\u00a0\u00bb,<\/em>&nbsp;a d\u00e9clar\u00e9 Benjamin Netanyahu, cit\u00e9 par son bureau.<em>&nbsp;\u00ab\u00a0Une tr\u00eave temporaire est possible (pour assurer la lib\u00e9ration d&rsquo;otages toujours retenus \u00e0 Gaza, ndlr), mais nous irons jusqu&rsquo;au bout\u00a0\u00bb<\/em>, a-t-il insist\u00e9.&nbsp;<\/p>\n\n\n\n<p>Isra\u00ebl avait auparavant annonc\u00e9 l&rsquo;envoi d&rsquo;une d\u00e9l\u00e9gation \u00e0 Doha, mardi 13 mai 2025, pour des n\u00e9gociations sur les otages. Le Hamas a lui appel\u00e9 l&rsquo;administration Trump \u00e0&nbsp;<em>\u00ab\u00a0poursuivre ses efforts pour mettre fin \u00e0 la guerre\u00a0\u00bb.&nbsp;<\/em><\/p>\n\n\n\n<p>Le 5 mai, Isra\u00ebl avait annonc\u00e9 une nouvelle campagne militaire pr\u00e9voyant la\u00a0<em>\u00ab\u00a0conqu\u00eate\u00a0\u00bb<\/em>\u00a0de Gaza et n\u00e9cessitant le d\u00e9placement interne de\u00a0<em>\u00ab\u00a0la plupart\u00a0\u00bb<\/em>\u00a0de ses 2,4 millions d&rsquo;habitants.\u00a0Le 18 mars, apr\u00e8s une tr\u00eave de deux mois, l&rsquo;arm\u00e9e isra\u00e9lienne avait repris son offensive dans le territoire palestinien, o\u00f9\u00a0elle bloque aussi depuis le 2 mars toute entr\u00e9e d&rsquo;aide humanitaire.<\/p>\n\n\n\n<p>Les autorit\u00e9s du Hamas ont accus\u00e9 Isra\u00ebl d&rsquo;avoir&nbsp;<em>\u00ab\u00a0assassin\u00e9\u00a0\u00bb<\/em>&nbsp;dans l&rsquo;h\u00f4pital Nasser Hassan Aslih, pr\u00e9sent\u00e9 comme le directeur de l&rsquo;agence de presse palestinienne&nbsp;<em>Alam24<\/em>. Il avait \u00e9t\u00e9 bless\u00e9 le 7 avril par une frappe de l&rsquo;arm\u00e9e isra\u00e9lienne, qui l&rsquo;avait alors accus\u00e9 d&rsquo;avoir&nbsp;<em>\u00ab\u00a0particip\u00e9 au massacre du 7 octobre\u00a0\u00bb.<\/em><\/p>\n\n\n\n<p>L&rsquo;envoy\u00e9 sp\u00e9cial des \u00c9tats-Unis au Moyen-Orient, Steve Witkoff, a pour sa part rencontr\u00e9 mardi des proches des Isra\u00e9liens enlev\u00e9s le 7 octobre rassembl\u00e9s sur la \u00ab\u00a0place des Otages\u00a0\u00bb \u00e0 Tel-Aviv.&nbsp;<em>\u00ab\u00a0Nous esp\u00e9rons ramener tout le monde \u00e0 la maison\u00a0\u00bb,<\/em>&nbsp;a-t-il d\u00e9clar\u00e9.&nbsp;<\/p>\n\n\n\n<p>Sur les 251 personnes enlev\u00e9es le 7 octobre en Isra\u00ebl, 57 sont encore retenues \u00e0 Gaza, dont 34 d\u00e9clar\u00e9es mortes par l&rsquo;arm\u00e9e isra\u00e9lienne.<\/p>\n\n\n\n<p>Enlev\u00e9 alors qu&rsquo;il servait sur une base du sud d&rsquo;Isra\u00ebl, Edan Alexander, 21 ans, s&rsquo;est lui entretenu avec Benjamin Netanyahu.<em>&nbsp;\u00ab\u00a0Je vais bien. Faible, mais petit \u00e0 petit, je redeviendrai comme avant\u00a0\u00bb,<\/em>&nbsp;lui a-t-il dit.&nbsp;<\/p>\n\n\n\n<h2 class=\"wp-block-heading\">La faim comme \u00ab\u00a0arme de guerre\u00a0\u00bb&nbsp;<\/h2>\n\n\n\n<p>Totalement assi\u00e9g\u00e9e depuis plus de deux mois, la bande de Gaza a atteint des niveaux de malnutrition<em>&nbsp;\u00ab\u00a0comparables \u00e0 ceux observ\u00e9s dans les pays confront\u00e9s \u00e0 des crises humanitaires prolong\u00e9es s&rsquo;\u00e9talant sur plusieurs d\u00e9cennies\u00a0\u00bb,<\/em>&nbsp;a alert\u00e9 l&rsquo;ONG M\u00e9decins du Monde (MDM), accusant Isra\u00ebl d&rsquo;utiliser&nbsp;<em>\u00ab\u00a0la faim comme arme de guerre\u00a0\u00bb<\/em>.<\/p>\n\n\n\n<p>L&rsquo;attaque du Hamas le 7 octobre 2023 a entra\u00een\u00e9 la mort de 1 218 personnes du c\u00f4t\u00e9 isra\u00e9lien, en majorit\u00e9 des civils, selon un d\u00e9compte de l&rsquo;AFP bas\u00e9 sur des donn\u00e9es officielles. Les repr\u00e9sailles isra\u00e9liennes ont fait au moins 52 862 morts \u00e0 Gaza, en majorit\u00e9 des civils, selon des donn\u00e9es publi\u00e9es dimanche par le minist\u00e8re de la Sant\u00e9 du Hamas, jug\u00e9es fiables par l&rsquo;ONU.<\/p>\n\n\n\n<p>Un cessez-le-feu entre le 19 janvier et le 17 mars avait permis de sortir de Gaza 33 otages isra\u00e9liens -dont 8 morts- en \u00e9change de la lib\u00e9ration de quelque 1 800 prisonniers palestiniens.<\/p>\n","protected":false},"excerpt":{"rendered":"<p>Le Premier ministre isra\u00e9lien, Benjamin Netanyahu, a annonc\u00e9 une&nbsp;intensification de la guerre \u00e0&nbsp;Gaza&nbsp;ces prochains jours pour \u00ab\u00a0achever l&rsquo;op\u00e9ration et vaincre<\/p>\n","protected":false},"author":1,"featured_media":56492,"comment_status":"open","ping_status":"open","sticky":false,"template":"","format":"standard","meta":{"footnotes":""},"categories":[51],"tags":[],"class_list":["post-56491","post","type-post","status-publish","format-standard","has-post-thumbnail","hentry","category-general"],"_links":{"self":[{"href":"https:\/\/dekkbi.com\/index.php?rest_route=\/wp\/v2\/posts\/56491","targetHints":{"allow":["GET"]}}],"collection":[{"href":"https:\/\/dekkbi.com\/index.php?rest_route=\/wp\/v2\/posts"}],"about":[{"href":"https:\/\/dekkbi.com\/index.php?rest_route=\/wp\/v2\/types\/post"}],"author":[{"embeddable":true,"href":"https:\/\/dekkbi.com\/index.php?rest_route=\/wp\/v2\/users\/1"}],"replies":[{"embeddable":true,"href":"https:\/\/dekkbi.com\/index.php?rest_route=%2Fwp%2Fv2%2Fcomments&post=56491"}],"version-history":[{"count":1,"href":"https:\/\/dekkbi.com\/index.php?rest_route=\/wp\/v2\/posts\/56491\/revisions"}],"predecessor-version":[{"id":56493,"href":"https:\/\/dekkbi.com\/index.php?rest_route=\/wp\/v2\/posts\/56491\/revisions\/56493"}],"wp:featuredmedia":[{"embeddable":true,"href":"https:\/\/dekkbi.com\/index.php?rest_route=\/wp\/v2\/media\/56492"}],"wp:attachment":[{"href":"https:\/\/dekkbi.com\/index.php?rest_route=%2Fwp%2Fv2%2Fmedia&parent=56491"}],"wp:term":[{"taxonomy":"category","embeddable":true,"href":"https:\/\/dekkbi.com\/index.php?rest_route=%2Fwp%2Fv2%2Fcategories&post=56491"},{"taxonomy":"post_tag","embeddable":true,"href":"https:\/\/dekkbi.com\/index.php?rest_route=%2Fwp%2Fv2%2Ftags&post=56491"}],"curies":[{"name":"wp","href":"https:\/\/api.w.org\/{rel}","templated":true}]}}