{"id":56487,"date":"2025-05-13T16:38:19","date_gmt":"2025-05-13T16:38:19","guid":{"rendered":"https:\/\/dekkbi.com\/?p=56487"},"modified":"2025-05-13T16:38:19","modified_gmt":"2025-05-13T16:38:19","slug":"foot-ancelotti-au-chevet-du-bresil-en-vue-du-mondial-2026","status":"publish","type":"post","link":"https:\/\/dekkbi.com\/?p=56487","title":{"rendered":"Foot: Ancelotti au chevet du Br\u00e9sil en vue du Mondial-2026"},"content":{"rendered":"\n<p>Par Louis GENOT \u00a9 2025 AFP &#8211; L&rsquo;Italien Carlo Ancelotti, en fin de cycle au Real Madrid, a \u00e9t\u00e9 nomm\u00e9 lundi s\u00e9lectionneur du Br\u00e9sil jusqu&rsquo;au Mondial-2026, avec pour mission de relancer une Sele\u00e7ao bien mal en point \u00e0 un peu plus d&rsquo;un an du tournoi.<\/p>\n\n\n\n<p>\u00ab\u00a0La plus grande s\u00e9lection de l&rsquo;histoire du football sera dirig\u00e9e par l&rsquo;entra\u00eeneur le plus victorieux du monde\u00a0\u00bb, a annonc\u00e9 la Conf\u00e9d\u00e9ration br\u00e9silienne de football (CBF) dans un bref communiqu\u00e9.<\/p>\n\n\n\n<p>\u00c0 65 ans, le d\u00e9tenteur du record de troph\u00e9es en Ligue des champions en tant qu&rsquo;entra\u00eeneur (5) va ainsi prendre les r\u00eanes de la seule \u00e9quipe nationale quintuple championne du monde.<\/p>\n\n\n\n<p>Cette annonce met fin \u00e0 un mois et demi de suspense, depuis le limogeage de Dorival Junior fin mars, apr\u00e8s la racl\u00e9e monumentale (4-1) face \u00e0 l&rsquo;Argentine.<\/p>\n\n\n\n<p>Ancelotti, qui \u00e9tait d\u00e9j\u00e0 sur les tablettes de la CBF depuis le d\u00e9part de Tite fin 2022, fera ses grands d\u00e9buts sur le banc de la Sele\u00e7ao pour les matches contre l&rsquo;Equateur, le 5 juin, puis le Paraguay, le 10, en qualifications du Mondial-2026.<\/p>\n\n\n\n<p>L&rsquo;Italien restera donc \u00e0 la t\u00eate du Real Madrid, o\u00f9 il est arriv\u00e9 en 2021, \u00ab\u00a0jusqu&rsquo;\u00e0 la fin de la Liga\u00a0\u00bb, le championnat espagnol, a pr\u00e9cis\u00e9 Ednaldo Rodrigues, pr\u00e9sident de la CBF.<\/p>\n\n\n\n<p>Il annoncera la liste des joueurs convoqu\u00e9s pour ces deux rencontres le 26 mai, au lendemain du dernier match de Liga des Madril\u00e8nes, face \u00e0 la Real Sociedad, a-t-il pr\u00e9cis\u00e9.<\/p>\n\n\n\n<p>Dimanche, la d\u00e9faite 4-3 lors du Clasico face au Bar\u00e7a en championnat a pratiquement mis fin \u00e0 la derni\u00e8re chance du Real Madrid de remporter un titre majeur cette saison, apr\u00e8s la d\u00e9faite en finale de Coupe du Roi face \u00e0 ces m\u00eames Catalans et l&rsquo;\u00e9limination en quarts de finale de C1 face \u00e0 Arsenal.<\/p>\n\n\n\n<h2 class=\"wp-block-heading\">\u00ab\u00a0Leader tranquille\u00a0\u00bb<\/h2>\n\n\n\n<p>C&rsquo;est la premi\u00e8re fois que l&rsquo;\u00e9quipe nationale br\u00e9silienne est entra\u00een\u00e9e par un \u00e9tranger depuis 60 ans et le passage \u00e9ph\u00e9m\u00e8re de l&rsquo;Argentin Filpo Nu\u00f1ez en 1965.<\/p>\n\n\n\n<p>\u00ab\u00a0Faire venir Carlo Ancelotti pour entra\u00eener le Br\u00e9sil est plus qu&rsquo;un mouvement strat\u00e9gique. C&rsquo;est une fa\u00e7on de dire au monde que nous sommes d\u00e9termin\u00e9s \u00e0 revenir sur la plus haute marche du podium\u00a0\u00bb, a d\u00e9clar\u00e9 M. Rodrigues.<\/p>\n\n\n\n<p>Le Br\u00e9sil court apr\u00e8s son sixi\u00e8me titre depuis 2002 et n&rsquo;a pas remport\u00e9 de troph\u00e9e majeur depuis la Copa Am\u00e9rica de 2019, disput\u00e9e \u00e0 domicile.<\/p>\n\n\n\n<p>Il reste sur deux \u00e9liminations en quarts de finale de Coupe du Monde (2018 et 2022), apr\u00e8s le fatidique 7-1 face \u00e0 l&rsquo;Allemagne en demies de l&rsquo;\u00e9dition disput\u00e9e sur ses terres en 2014, une d\u00e9b\u00e2cle historique qui laisse des cicatrices encore aujourd&rsquo;hui.<\/p>\n\n\n\n<p>En plus de record de titres en Ligue des Champions (deux avec le Milan AC, en 2003 et 2007 et trois avec le Real, en 2014, 2022 et 2024), Ancelotti est le seul entra\u00eeneur \u00e0 avoir remport\u00e9 les cinq grands championnats europ\u00e9ens (Liga, Premier League, Serie A, Ligue 1, Bundesliga).<\/p>\n\n\n\n<p>Ce \u00ab\u00a0leader tranquille\u00a0\u00bb, le titre de sa biographie, est r\u00e9put\u00e9 pour son football pragmatique d&rsquo;une efficacit\u00e9 redoutable, et sa capacit\u00e9 \u00e0 g\u00e9rer les \u00e9gos dans des vestiaires plein de stars.<\/p>\n\n\n\n<p>&#8211; En attendant \u00ab\u00a0Carletto\u00a0\u00bb &#8211;<\/p>\n\n\n\n<p>Il aura fort \u00e0 faire avec une Sele\u00e7ao dont les principaux joueurs, \u00e0 l&rsquo;instar de Vinicius (Real Madrid) ou Raphinha (FC Barcelone) peinent \u00e0 afficher en s\u00e9lection le m\u00eame niveau qu&rsquo;avec leur club.<\/p>\n\n\n\n<p>L&rsquo;Italien devra aussi g\u00e9rer le cas Neymar: de retour \u00e0 Santos, son club formateur, \u00e0 33 ans, le meilleur buteur de l&rsquo;histoire de la Sele\u00e7ao (77 buts) demeure plomb\u00e9 par les blessures \u00e0 r\u00e9p\u00e9tition.<\/p>\n\n\n\n<figure class=\"wp-block-image\"><img decoding=\"async\" src=\"https:\/\/information.tv5monde.com\/sites\/tv5-info\/files\/styles\/entete\/public\/2025-05\/field_media_image-2923392-5ddcebbe28210e983116afe3d6c2c1c4300bca03.jpg?itok=Ve1oPg93\" alt=\"L'entra\u00eeneur italien du Real Madrid Carlo Ancelotti (au centre) f\u00eate avec ses joueurs la finale de la Coupe du Roi \u00e0 S\u00e9ville en Espagne le 6 mai 2023\n\" title=\"L'entra\u00eeneur italien du Real Madrid Carlo Ancelotti (au centre) f\u00eate avec ses joueurs la finale de la Coupe du Roi \u00e0 S\u00e9ville en Espagne le 6 mai 2023\n\"\/><\/figure>\n\n\n\n<p>L&rsquo;entra\u00eeneur italien du Real Madrid Carlo Ancelotti (au centre) f\u00eate avec ses joueurs la finale de la Coupe du Roi \u00e0 S\u00e9ville en Espagne le 6 mai 2023<\/p>\n\n\n\n<p>AFP\/Archives<\/p>\n\n\n\n<p>ANDER GILLENEA<\/p>\n\n\n\n<p>\u00c0 quatre journ\u00e9es de la fin des qualifications pour le Mondial-2026, le Br\u00e9sil est quatri\u00e8me, \u00e0 dix points des leaders argentins.<\/p>\n\n\n\n<p>Seule nation \u00e0 avoir disput\u00e9 toutes les \u00e9ditions de la Coupe du Monde, sa qualification pour le tournoi aux Etats-Unis, au Canada et au Mexique ne semble pas compromise mais les r\u00e9sultats et le niveau de jeu affich\u00e9 sont indignes de son rang.<\/p>\n\n\n\n<p>Avant l&rsquo;arriv\u00e9e d&rsquo;Ancelotti, le Br\u00e9sil a vu d\u00e9filer trois s\u00e9lectionneurs depuis le d\u00e9part de Tite \u00e0 l&rsquo;issue du Mondial-2022.<\/p>\n\n\n\n<p>Ramon Menezes avait pris les r\u00eanes comme int\u00e9rimaire pour quatre matches amicaux au premier semestre 2023, alors que \u00ab\u00a0Carletto\u00a0\u00bb \u00e9tait d\u00e9j\u00e0 pressenti pour diriger la Sele\u00e7ao, avant de prolonger finalement son contrat avec le Real jusqu&rsquo;en 2026.<\/p>\n\n\n\n<p>Fernando Diniz avait ensuite tenu moins d&rsquo;un an, faisant les frais d&rsquo;une d\u00e9faite face aux Argentins (1-0), en plein stade Maracana de Rio de Janeiro, avant que Dorival Junior ne prenne la porte \u00e0 son tour \u00e0 l&rsquo;issue d&rsquo;une humiliation face au rival historique.<\/p>\n","protected":false},"excerpt":{"rendered":"<p>Par Louis GENOT \u00a9 2025 AFP &#8211; L&rsquo;Italien Carlo Ancelotti, en fin de cycle au Real Madrid, a \u00e9t\u00e9 nomm\u00e9<\/p>\n","protected":false},"author":1,"featured_media":28298,"comment_status":"open","ping_status":"open","sticky":false,"template":"","format":"standard","meta":{"footnotes":""},"categories":[9],"tags":[],"class_list":["post-56487","post","type-post","status-publish","format-standard","has-post-thumbnail","hentry","category-sports"],"_links":{"self":[{"href":"https:\/\/dekkbi.com\/index.php?rest_route=\/wp\/v2\/posts\/56487","targetHints":{"allow":["GET"]}}],"collection":[{"href":"https:\/\/dekkbi.com\/index.php?rest_route=\/wp\/v2\/posts"}],"about":[{"href":"https:\/\/dekkbi.com\/index.php?rest_route=\/wp\/v2\/types\/post"}],"author":[{"embeddable":true,"href":"https:\/\/dekkbi.com\/index.php?rest_route=\/wp\/v2\/users\/1"}],"replies":[{"embeddable":true,"href":"https:\/\/dekkbi.com\/index.php?rest_route=%2Fwp%2Fv2%2Fcomments&post=56487"}],"version-history":[{"count":1,"href":"https:\/\/dekkbi.com\/index.php?rest_route=\/wp\/v2\/posts\/56487\/revisions"}],"predecessor-version":[{"id":56488,"href":"https:\/\/dekkbi.com\/index.php?rest_route=\/wp\/v2\/posts\/56487\/revisions\/56488"}],"wp:featuredmedia":[{"embeddable":true,"href":"https:\/\/dekkbi.com\/index.php?rest_route=\/wp\/v2\/media\/28298"}],"wp:attachment":[{"href":"https:\/\/dekkbi.com\/index.php?rest_route=%2Fwp%2Fv2%2Fmedia&parent=56487"}],"wp:term":[{"taxonomy":"category","embeddable":true,"href":"https:\/\/dekkbi.com\/index.php?rest_route=%2Fwp%2Fv2%2Fcategories&post=56487"},{"taxonomy":"post_tag","embeddable":true,"href":"https:\/\/dekkbi.com\/index.php?rest_route=%2Fwp%2Fv2%2Ftags&post=56487"}],"curies":[{"name":"wp","href":"https:\/\/api.w.org\/{rel}","templated":true}]}}