{"id":56481,"date":"2025-05-13T16:26:31","date_gmt":"2025-05-13T16:26:31","guid":{"rendered":"https:\/\/dekkbi.com\/?p=56481"},"modified":"2025-05-13T16:26:32","modified_gmt":"2025-05-13T16:26:32","slug":"pourquoi-poutine-rassemble-t-il-ses-troupes-a-la-frontiere-avec-la-finlande","status":"publish","type":"post","link":"https:\/\/dekkbi.com\/?p=56481","title":{"rendered":"Pourquoi Poutine rassemble-t-il ses troupes \u00e0 la fronti\u00e8re avec la Finlande?"},"content":{"rendered":"\n<p>Le Kremlin renforce sa pr\u00e9sence militaire \u00e0 la fronti\u00e8re finlandaise, selon des images satellites, qui indiquent que les Russes construisent \u00e0 proximit\u00e9 des infrastructures pour leurs troupes, dont des installations pour avions et h\u00e9licopt\u00e8res. Des images qui rappellent les pr\u00e9paratifs russes avant l\u2019invasion de l\u2019Ukraine, en f\u00e9vrier 2022. De quoi s\u2019inqui\u00e9ter? L\u2019ancien colonel et expert en strat\u00e9gie militaire Roger Housen partage ses analyses.<\/p>\n\n\n\n<p><strong>Luc Beernaert, Matthias Bertrand\u00a0<\/strong>&#8211; <strong>Source:<\/strong>\u00a0HLN<\/p>\n\n\n\n<p>Ces photos ont \u00e9t\u00e9 obtenues par la t\u00e9l\u00e9vision publique su\u00e9doise aupr\u00e8s de Planet Labs, une entreprise am\u00e9ricaine sp\u00e9cialis\u00e9e dans la cartographie dynamique de la plan\u00e8te. Et elles montrent une activit\u00e9 impressionnante du c\u00f4t\u00e9 russe de la fronti\u00e8re. \u00c0 Kamenka, \u00e0 environ 55 km de la Finlande, plus de 130 tentes militaires semblent avoir \u00e9t\u00e9 install\u00e9es depuis f\u00e9vrier ; assez pour accueillir environ 2.000 soldats.<\/p>\n\n\n\n<figure class=\"wp-block-image\"><a class=\"slideshow-trigger__overlay\" href=\"https:\/\/www.7sur7.be\/monde\/pourquoi-poutine-rassemble-t-il-ses-troupes-a-la-frontiere-avec-la-finlande~a0ea93eb\/257437690\/\"><img decoding=\"async\" src=\"https:\/\/images.7sur7.be\/NDc5OGFlNTA3YTc3ZjQ5Y2EzZTcvZGlvLzI1NzQzNzY5MC9maXQtd2lkdGgvNjk0\/image-satellite-de-kamenka-en-2022\" alt=\"Image satellite de Kamenka en 2022.\"\/><\/a><figcaption class=\"wp-element-caption\">Image satellite de Kamenka en 2022.&nbsp;\u00a9 SVT<\/figcaption><\/figure>\n\n\n\n<p>\u00c0 Petrozavodsk, \u00e0 160 km de la fronti\u00e8re, d\u2019autres images t\u00e9moignent de la construction de trois grands hangars capables d\u2019abriter chacun une cinquantaine de v\u00e9hicules blind\u00e9s.<\/p>\n\n\n\n<figure class=\"wp-block-image\"><a class=\"slideshow-trigger__overlay\" href=\"https:\/\/www.7sur7.be\/monde\/pourquoi-poutine-rassemble-t-il-ses-troupes-a-la-frontiere-avec-la-finlande~a0ea93eb\/257437843\/\"><img decoding=\"async\" src=\"https:\/\/images.7sur7.be\/YmY4NGQ5ZTYzYTJkNDAxNTA4MDgvZGlvLzI1NzQzNzg0My9maXQtd2lkdGgvNjk0\/a-petrozavodsk-des-entrepots-sont-en-cours-de-construction-destines-selon-les-experts-a-abriter-des-blindes\" alt=\"\u00c0 Petrozavodsk, des entrep\u00f4ts sont en cours de construction, destin\u00e9s, selon les experts, \u00e0 abriter des blind\u00e9s.\"\/><\/a><figcaption class=\"wp-element-caption\">\u00c0 Petrozavodsk, des entrep\u00f4ts sont en cours de construction, destin\u00e9s, selon les experts, \u00e0 abriter des blind\u00e9s.&nbsp;\u00a9 SVT<\/figcaption><\/figure>\n\n\n\n<p>L\u2019ancienne base a\u00e9rienne de Severomorsk-2, auparavant ferm\u00e9e, serait d\u00e9sormais \u00e0 nouveau op\u00e9rationnelle apr\u00e8s plusieurs ann\u00e9es de travaux. Plusieurs h\u00e9licopt\u00e8res y sont actuellement stationn\u00e9s \u00e0 proximit\u00e9 de la piste d\u2019atterrissage, situ\u00e9e \u00e0 175 km de la Finlande et \u00e0 110 km de la Norv\u00e8ge.<\/p>\n\n\n\n<p>Enfin, la base a\u00e9rienne d\u2019Olenya, \u00e0 145 km de la Finlande, semble aussi pleinement active. Selon les renseignements a\u00e9riens, elle abrite certains des bombardiers qui m\u00e8nent des raids contre l\u2019Ukraine.<\/p>\n\n\n\n<figure class=\"wp-block-image\"><a class=\"slideshow-trigger__overlay\" href=\"https:\/\/www.7sur7.be\/monde\/pourquoi-poutine-rassemble-t-il-ses-troupes-a-la-frontiere-avec-la-finlande~a0ea93eb\/257437997\/\"><img decoding=\"async\" src=\"https:\/\/images.7sur7.be\/NTI5M2ZlYjlkMzA4NGY2MGVlN2MvZGlvLzI1NzQzNzk5Ny9maXQtd2lkdGgvNjk0\/la-base-aerienne-dolenya\" alt=\"La base a\u00e9rienne d\u2019Olenya.\"\/><\/a><figcaption class=\"wp-element-caption\">La base a\u00e9rienne d\u2019Olenya.&nbsp;\u00a9 SVT<\/figcaption><\/figure>\n\n\n\n<p>Difficile de ne pas tracer un lien entre ce red\u00e9ploiement et celui effectu\u00e9 par l\u2019arm\u00e9e russe fin 2021 vers la fronti\u00e8re ukrainienne. D\u00e8s novembre cette ann\u00e9e-l\u00e0, soit trois mois avant l\u2019invasion, des responsables am\u00e9ricains exprimaient leur inqui\u00e9tude face \u00e0 des images satellites d\u00e9montrant que le Kremlin concentrait ses troupes. Des inqui\u00e9tudes balay\u00e9es \u00e0 l\u2019\u00e9poque par Moscou, qui n\u2019\u00e9voquait que de simples exercices.<\/p>\n\n\n\n<blockquote class=\"wp-block-quote is-layout-flow wp-block-quote-is-layout-flow\">\n<figure class=\"wp-block-image\"><img decoding=\"async\" src=\"https:\/\/statics.7sur7.be\/img\/icons\/article-quote-6f574e7dd1.svg\" alt=\"\"\/><\/figure>\n\n\n\n<p>Ce que nous voyons sur une fronti\u00e8re de pr\u00e8s de 1.300 km n\u2019est que la r\u00e9ponse de Moscou \u00e0 l\u2019adh\u00e9sion de la Finlande \u00e0 l\u2019OTANRoger Housen<\/p>\n<\/blockquote>\n\n\n\n<p>\u201cCe que nous observons aujourd\u2019hui le long des quelque 1.300 km de fronti\u00e8re entre la Russie et la Finlande constitue la r\u00e9ponse de Moscou \u00e0 l\u2019adh\u00e9sion de la Finlande \u00e0 l\u2019OTAN en avril 2023\u201d, estime pour sa part l\u2019ancien colonel ROger Housen. \u201cIl s\u2019agit de la mise en \u0153uvre d\u2019une d\u00e9cision prise \u00e0 l\u2019\u00e9poque par l\u2019ancien ministre russe de la D\u00e9fense, Sergue\u00ef Cho\u00efgou (aujourd\u2019hui secr\u00e9taire du Conseil de s\u00e9curit\u00e9 de la Russie, NDLR), \u00e0 savoir le renforcement du district militaire nord-ouest.\u201d<\/p>\n\n\n\n<figure class=\"wp-block-image\"><a class=\"slideshow-trigger__overlay\" href=\"https:\/\/www.7sur7.be\/monde\/pourquoi-poutine-rassemble-t-il-ses-troupes-a-la-frontiere-avec-la-finlande~a0ea93eb\/254018495\/\"><img decoding=\"async\" src=\"https:\/\/images.7sur7.be\/NDQ5M2I0MDRiOGRhOTVjNjQyYWYvZGlvLzI1NDAxODQ5NS9maXQtd2lkdGgvNjk0\/lancien-ministre-russe-de-la-defense-serguei-choigou\" alt=\"L\u2019ancien ministre russe de la D\u00e9fense, Sergue\u00ef Cho\u00efgou.\"\/><\/a><figcaption class=\"wp-element-caption\">L\u2019ancien ministre russe de la D\u00e9fense, Sergue\u00ef Cho\u00efgou.&nbsp;\u00a9 AFP<\/figcaption><\/figure>\n\n\n\n<h2 class=\"wp-block-heading\">Une pr\u00e9sence accrue, mais clairsem\u00e9e<\/h2>\n\n\n\n<p>Par ailleurs, ce red\u00e9ploiement militaire reste bien modeste par rapport \u00e0 ce que les Russes avaient d\u00e9ploy\u00e9 fin 2021 \u00e0 la fronti\u00e8re avec l\u2019Ukraine.<\/p>\n\n\n\n<p>\u201cDe nouveaux chars et v\u00e9hicules blind\u00e9s sont envoy\u00e9s vers ces bases pr\u00e8s de la fronti\u00e8re finlandaise, et un nouveau commandement a \u00e9t\u00e9 cr\u00e9\u00e9 avec des unit\u00e9s dot\u00e9es de mat\u00e9riel moderne\u201d, r\u00e9sume Housen. \u201cMais l\u2019\u00e9chelle reste incomparable avec la force d\u2019invasion et la logistique pr\u00e9par\u00e9e fin 2021 autour de l\u2019Ukraine. Il ne s\u2019agit que d\u2019une fraction de ce que nous avons vu \u00e0 l\u2019\u00e9poque, et ces efforts se r\u00e9partissent sur une fronti\u00e8re longue de 1.300 km. Ces unit\u00e9s restent tr\u00e8s clairsem\u00e9es.\u201d<\/p>\n\n\n\n<blockquote class=\"wp-block-quote is-layout-flow wp-block-quote-is-layout-flow\">\n<figure class=\"wp-block-image\"><img decoding=\"async\" src=\"https:\/\/statics.7sur7.be\/img\/icons\/article-quote-6f574e7dd1.svg\" alt=\"\"\/><\/figure>\n\n\n\n<p>Les Finlandais ont nettement renforc\u00e9 leur pr\u00e9sence militaire le long de la fronti\u00e8re avec la Russie. Ce que l\u2019on observe aujourd\u2019hui, c\u2019est donc un renforce\u00adment de part et d\u2019autreRoger Housen<\/p>\n<\/blockquote>\n\n\n\n<p>Le chef adjoint de la D\u00e9fense finlandaise, le lieutenant-g\u00e9n\u00e9ral Vesa Virtanen, a pourtant r\u00e9cemment exprim\u00e9 ses inqui\u00e9tudes concernant les activit\u00e9s russes \u00e0 la fronti\u00e8re. Il estime que le Kremlin \u201cteste d\u00e9lib\u00e9r\u00e9ment la coh\u00e9sion de l\u2019OTAN\u201d. Pour Housen, il s\u2019agit surtout d\u2019un message alarmiste destin\u00e9 \u00e0 l\u2019opinion publique, d\u2019autant que la Finlande a consid\u00e9rablement augment\u00e9 son budget de la d\u00e9fense ces derni\u00e8res ann\u00e9es.<\/p>\n\n\n\n<p>\u201cLes Finlandais ont nettement renforc\u00e9 leur pr\u00e9sence militaire le long de la fronti\u00e8re avec la Russie. Ce que l\u2019on observe aujourd\u2019hui, c\u2019est donc un renforcement des deux c\u00f4t\u00e9s de la fronti\u00e8re. L\u2019activit\u00e9 russe est une r\u00e9ponse logique \u00e0 l\u2019adh\u00e9sion de la Finlande, et aussi de la Su\u00e8de (qui a rejoint officiellement l\u2019alliance en mars 2024, NDLR) \u00e0 l\u2019OTAN.\u201d<\/p>\n\n\n\n<figure class=\"wp-block-image\"><a class=\"slideshow-trigger__overlay\" href=\"https:\/\/www.7sur7.be\/monde\/pourquoi-poutine-rassemble-t-il-ses-troupes-a-la-frontiere-avec-la-finlande~a0ea93eb\/250729586\/\"><img decoding=\"async\" src=\"https:\/\/images.7sur7.be\/YWJkNThmMGE1NWZkNTRlODM4NzQvZGlvLzI1MDcyOTU4Ni9maXQtd2lkdGgvNjk0\/des-soldats-francais-avec-un-obusier-lors-dexercices-de-lotan-en-laponie-finlandaise-en-novembre-dernier\" alt=\"Des soldats fran\u00e7ais avec un obusier lors d\u2019exercices de l\u2019OTAN en Laponie finlandaise en novembre dernier.\"\/><\/a><figcaption class=\"wp-element-caption\">Des soldats fran\u00e7ais avec un obusier lors d\u2019exercices de l\u2019OTAN en Laponie finlandaise en novembre dernier.&nbsp;\u00a9 AFP<\/figcaption><\/figure>\n\n\n\n<p>Une analyse que partage le chef d\u2019\u00e9tat-major su\u00e9dois, Michael Claesson. \u201cLorsque nous avons d\u00e9pos\u00e9 notre demande d\u2019adh\u00e9sion \u00e0 l\u2019OTAN, la Russie avait pr\u00e9venu qu\u2019elle prendrait ce type de \u2018mesures de r\u00e9ponse militaro-techniques\u2019. C\u2019est exactement ce que nous voyons aujourd\u2019hui\u201d, a-t-il comment\u00e9.<\/p>\n\n\n\n<p>\u201cMais avec une force aussi limit\u00e9e, les Russes ne peuvent rien entreprendre dans cette r\u00e9gion\u201d, ajoute l\u2019ancien colonel belge. \u201cS\u2019ils voulaient r\u00e9ellement attaquer la Finlande, ils devraient multiplier leur pr\u00e9sence le long de la fronti\u00e8re au moins par dix. Or, ils en sont incapables, car ils ont besoin de toutes leurs capacit\u00e9s militaires en Ukraine\u201d, rassure-t-il.<\/p>\n\n\n\n<p>SOURCE TV5.ORG<\/p>\n","protected":false},"excerpt":{"rendered":"<p>Le Kremlin renforce sa pr\u00e9sence militaire \u00e0 la fronti\u00e8re finlandaise, selon des images satellites, qui indiquent que les Russes construisent<\/p>\n","protected":false},"author":1,"featured_media":56482,"comment_status":"open","ping_status":"open","sticky":false,"template":"","format":"standard","meta":{"footnotes":""},"categories":[51],"tags":[],"class_list":["post-56481","post","type-post","status-publish","format-standard","has-post-thumbnail","hentry","category-general"],"_links":{"self":[{"href":"https:\/\/dekkbi.com\/index.php?rest_route=\/wp\/v2\/posts\/56481","targetHints":{"allow":["GET"]}}],"collection":[{"href":"https:\/\/dekkbi.com\/index.php?rest_route=\/wp\/v2\/posts"}],"about":[{"href":"https:\/\/dekkbi.com\/index.php?rest_route=\/wp\/v2\/types\/post"}],"author":[{"embeddable":true,"href":"https:\/\/dekkbi.com\/index.php?rest_route=\/wp\/v2\/users\/1"}],"replies":[{"embeddable":true,"href":"https:\/\/dekkbi.com\/index.php?rest_route=%2Fwp%2Fv2%2Fcomments&post=56481"}],"version-history":[{"count":1,"href":"https:\/\/dekkbi.com\/index.php?rest_route=\/wp\/v2\/posts\/56481\/revisions"}],"predecessor-version":[{"id":56483,"href":"https:\/\/dekkbi.com\/index.php?rest_route=\/wp\/v2\/posts\/56481\/revisions\/56483"}],"wp:featuredmedia":[{"embeddable":true,"href":"https:\/\/dekkbi.com\/index.php?rest_route=\/wp\/v2\/media\/56482"}],"wp:attachment":[{"href":"https:\/\/dekkbi.com\/index.php?rest_route=%2Fwp%2Fv2%2Fmedia&parent=56481"}],"wp:term":[{"taxonomy":"category","embeddable":true,"href":"https:\/\/dekkbi.com\/index.php?rest_route=%2Fwp%2Fv2%2Fcategories&post=56481"},{"taxonomy":"post_tag","embeddable":true,"href":"https:\/\/dekkbi.com\/index.php?rest_route=%2Fwp%2Fv2%2Ftags&post=56481"}],"curies":[{"name":"wp","href":"https:\/\/api.w.org\/{rel}","templated":true}]}}