{"id":56479,"date":"2025-05-13T16:02:01","date_gmt":"2025-05-13T16:02:01","guid":{"rendered":"https:\/\/dekkbi.com\/?p=56479"},"modified":"2025-05-13T16:02:02","modified_gmt":"2025-05-13T16:02:02","slug":"la-presse-turque-divisee-au-lendemain-de-la-dissolution-du-pkk","status":"publish","type":"post","link":"https:\/\/dekkbi.com\/?p=56479","title":{"rendered":"La presse turque divis\u00e9e au lendemain de la dissolution du PKK"},"content":{"rendered":"\n<p>En Turquie, le pr\u00e9sident Erdogan s&rsquo;est f\u00e9licit\u00e9 lundi du franchissement d&rsquo;une \u00ab&nbsp;<em>\u00e9tape critique<\/em>&nbsp;\u00bb apr\u00e8s que le Parti des travailleurs du Kurdistan (PKK) a annonc\u00e9 son d\u00e9sarmement et sa dissolution. Cette d\u00e9cision, prise apr\u00e8s un demi-si\u00e8cle de guerre contre l&rsquo;\u00c9tat turc, divise &#8211; comme toujours &#8211; la presse locale en deux camps.<\/p>\n\n\n\n<p><em>Avec <strong>Anne Andlauer<\/strong><\/em> <em>correspondante RFI \u00e0 Ankara,<\/em>\u00a0<\/p>\n\n\n\n<p>Apr\u00e8s la dissolution du PKK annonc\u00e9e lundi, qui fait suite \u00e0 un appel en ce sens de fondateur actuellement emprisonn\u00e9, Abdullah \u00d6calan, les journaux pro-gouvernement se sont \u00e9videmment f\u00e9licit\u00e9s de la victoire de la\u00a0<strong>Turquie<\/strong>\u00a0contre le terrorisme. \u00ab\u00a0<em>Game over<\/em>\u00a0\u00bb titre\u00a0<em>Milliyet,<\/em>\u00a0au-dessus d&rsquo;une photo de chefs militaires du PKK, dont le parti menait une guerre contre l&rsquo;\u00c9tat turc.\u00a0<\/p>\n\n\n\n<p>\u00ab\u00a0<em>Un avenir radieux nous attend<\/em>\u00a0\u00bb, pour\u00a0<em>Sabah,<\/em>\u00a0qui avance un chiffre\u00a0: 2000 milliards de dollars. C&rsquo;est ce que la guerre aurait co\u00fbt\u00e9 \u00e0 la Turquie, qui s&rsquo;appr\u00eaterait d\u00e9sormais \u00e0 vivre \u00ab\u00a0<em>des d\u00e9veloppements historiques dans les secteurs de l&rsquo;agriculture, du tourisme et de l&rsquo;\u00e9nergie\u00a0<\/em>\u00bb. \u00ab\u00a0<em>L&rsquo;\u00e8re de 50 ans de terrorisme s&rsquo;est referm\u00e9e\u00a0<\/em>\u00bb, veut croire\u00a0<em>H\u00fcrriyet<\/em>, sur le m\u00eame ton optimiste que le reste des journaux proches du pr\u00e9sident\u00a0<strong>Erdogan<\/strong>.<\/p>\n\n\n\n<h2 class=\"wp-block-heading\">Plus de PKK, et maintenant ?<\/h2>\n\n\n\n<p>Du c\u00f4t\u00e9 de la presse d&rsquo;opposition, l&rsquo;heure est plut\u00f4t aux doutes ou aux mises en garde. \u00ab&nbsp;<em>Le pouvoir n&rsquo;a pas tard\u00e9 \u00e0 r\u00e9v\u00e9ler ses intentions&nbsp;<\/em>\u00bb, selon&nbsp;<em>BirG\u00fcn<\/em>, qui juge que Tayyip Erdogan va utiliser la disparition du PKK non pas pour \u00ab&nbsp;<em>assurer la paix sociale&nbsp;<\/em>\u00bb mais pour consolider son pouvoir.<\/p>\n\n\n\n<p>\u00ab<em>&nbsp;Plus aucun pr\u00e9texte&nbsp;<\/em>\u00bb, \u00e9crit Evrensel, qui explique que le pouvoir n&rsquo;a plus l&rsquo;alibi du terrorisme pour \u00ab&nbsp;<em>refuser les demandes d\u00e9mocratiques, \u00e0 commencer par celles du peuple kurde<\/em>&nbsp;\u00bb.&nbsp;<em>S\u00f6zc\u00fc<\/em>, enfin, accuse le PKK de mettre fin \u00e0 sa lutte en Turquie pour mieux se d\u00e9velopper dans le nord-est de la Syrie, o\u00f9 les forces kurdes proches du PKK contr\u00f4lent environ un tiers du territoire.<\/p>\n","protected":false},"excerpt":{"rendered":"<p>En Turquie, le pr\u00e9sident Erdogan s&rsquo;est f\u00e9licit\u00e9 lundi du franchissement d&rsquo;une \u00ab&nbsp;\u00e9tape critique&nbsp;\u00bb apr\u00e8s que le Parti des travailleurs du<\/p>\n","protected":false},"author":1,"featured_media":56370,"comment_status":"open","ping_status":"open","sticky":false,"template":"","format":"standard","meta":{"footnotes":""},"categories":[51],"tags":[],"class_list":["post-56479","post","type-post","status-publish","format-standard","has-post-thumbnail","hentry","category-general"],"_links":{"self":[{"href":"https:\/\/dekkbi.com\/index.php?rest_route=\/wp\/v2\/posts\/56479","targetHints":{"allow":["GET"]}}],"collection":[{"href":"https:\/\/dekkbi.com\/index.php?rest_route=\/wp\/v2\/posts"}],"about":[{"href":"https:\/\/dekkbi.com\/index.php?rest_route=\/wp\/v2\/types\/post"}],"author":[{"embeddable":true,"href":"https:\/\/dekkbi.com\/index.php?rest_route=\/wp\/v2\/users\/1"}],"replies":[{"embeddable":true,"href":"https:\/\/dekkbi.com\/index.php?rest_route=%2Fwp%2Fv2%2Fcomments&post=56479"}],"version-history":[{"count":1,"href":"https:\/\/dekkbi.com\/index.php?rest_route=\/wp\/v2\/posts\/56479\/revisions"}],"predecessor-version":[{"id":56480,"href":"https:\/\/dekkbi.com\/index.php?rest_route=\/wp\/v2\/posts\/56479\/revisions\/56480"}],"wp:featuredmedia":[{"embeddable":true,"href":"https:\/\/dekkbi.com\/index.php?rest_route=\/wp\/v2\/media\/56370"}],"wp:attachment":[{"href":"https:\/\/dekkbi.com\/index.php?rest_route=%2Fwp%2Fv2%2Fmedia&parent=56479"}],"wp:term":[{"taxonomy":"category","embeddable":true,"href":"https:\/\/dekkbi.com\/index.php?rest_route=%2Fwp%2Fv2%2Fcategories&post=56479"},{"taxonomy":"post_tag","embeddable":true,"href":"https:\/\/dekkbi.com\/index.php?rest_route=%2Fwp%2Fv2%2Ftags&post=56479"}],"curies":[{"name":"wp","href":"https:\/\/api.w.org\/{rel}","templated":true}]}}