{"id":56461,"date":"2025-05-13T15:27:24","date_gmt":"2025-05-13T15:27:24","guid":{"rendered":"https:\/\/dekkbi.com\/?p=56461"},"modified":"2025-05-13T15:28:16","modified_gmt":"2025-05-13T15:28:16","slug":"senegal-belgique-un-fonds-commun-pour-booster-les-poles-territoriaux","status":"publish","type":"post","link":"https:\/\/dekkbi.com\/?p=56461","title":{"rendered":"S\u00e9n\u00e9gal\u2013Belgique : un fonds commun pour booster les p\u00f4les territoriaux"},"content":{"rendered":"\n<p>L\u2019Observatoire des S\u00e9n\u00e9galais de la Diaspora (OSD) a organis\u00e9 un panel \u00e0 Dakar autour du th\u00e8me : \u00ab D\u00e9veloppement des p\u00f4les territoriaux, diaspora et partenariat \u00e9conomique avec la Belgique \u00bb. Une rencontre qui a r\u00e9uni plusieurs acteurs \u00e9conomiques, institutionnels et membres de la diaspora, dans le cadre d\u2019une mission \u00e9conomique belge au S\u00e9n\u00e9gal. L\u2019une des principales recommandations : la cr\u00e9ation d\u2019un fonds d\u2019investissement d\u00e9di\u00e9 au d\u00e9veloppement local.<\/p>\n\n\n\n<p>L\u2019Observatoire des S\u00e9n\u00e9galais de la Diaspora (OSD)\u00a0a organis\u00e9 un panel de haut niveau sur le th\u00e8me \u00ab D\u00e9veloppement des p\u00f4les territoriaux, diaspora et partenariat \u00e9conomique avec la Belgique \u00bb, dans le cadre d\u2019une mission \u00e9conomique belge au S\u00e9n\u00e9gal.<\/p>\n\n\n\n<figure class=\"wp-block-image\"><img decoding=\"async\" src=\"https:\/\/www.igfm.sn\/data\/igfm\/2025\/05\/osd2_9540.jpeg\" alt=\"\"\/><\/figure>\n\n\n\n<p>Ce panel a constitu\u00e9 un moment d\u2019\u00e9changes fructueux entre acteurs \u00e9conomiques, institutionnels, maires, entrepreneurs et membres de la diaspora. L\u2019objectif : explorer les leviers du d\u00e9veloppement territorial durable, en synergie avec les ressources et les comp\u00e9tences de la diaspora.<\/p>\n\n\n\n<p>\u00c0 l\u2019issue des discussions, les participants ont unanimement soulign\u00e9 la n\u00e9cessit\u00e9 de cr\u00e9er un fonds d\u2019investissement territorial. Ce fonds aurait pour vocation de mobiliser les apports financiers de la diaspora, des partenaires belges ainsi que des institutions \u00e9tatiques, pour soutenir des projets innovants et porteurs \u00e0 l\u2019\u00e9chelle locale. Une plateforme d\u00e9di\u00e9e a \u00e9t\u00e9 propos\u00e9e comme point de d\u00e9part pour structurer cette dynamique.<\/p>\n\n\n\n<p>\u00ab Cela nous permettra non seulement de disposer de ressources financi\u00e8res, mais aussi de capitaliser sur les comp\u00e9tences de chaque acteur impliqu\u00e9 \u00bb, a r\u00e9sum\u00e9 un des intervenants.<\/p>\n\n\n\n<p>L\u2019OSD a r\u00e9affirm\u00e9 son engagement \u00e0 renforcer le lien entre la diaspora s\u00e9n\u00e9galaise et le territoire national.<\/p>\n\n\n\n<p>\u00ab Nous avons entre nos mains l\u2019opportunit\u00e9 de b\u00e2tir un avenir o\u00f9 chaque S\u00e9n\u00e9galais, qu\u2019il soit dans son pays ou \u00e0 l\u2019\u00e9tranger, participe activement \u00e0 l\u2019\u00e9dification d\u2019un S\u00e9n\u00e9gal prosp\u00e8re. Ensemble, nous pouvons concr\u00e9tiser cette vision \u00bb, a d\u00e9clar\u00e9 Dame Diouf, secr\u00e9taire g\u00e9n\u00e9ral de l&rsquo;OSD, face aux journalistes.&nbsp;<\/p>\n\n\n\n<p>La rencontre s\u2019est d\u00e9roul\u00e9e en pr\u00e9sence de personnalit\u00e9s de premier plan, dont\u00a0Mme H\u00e9l\u00e8ne De Bock, ambassadrice de Belgique au S\u00e9n\u00e9gal, des repr\u00e9sentants de la d\u00e9l\u00e9gation Wallonie-Bruxelles, de l\u2019APIX, ainsi que du Minist\u00e8re de l\u2019Urbanisme, des Collectivit\u00e9s territoriales et de l\u2019Am\u00e9nagement du territoire, d\u00e9partement dirig\u00e9 par Balla Moussa Fofana.<\/p>\n\n\n\n<p>Bas\u00e9e en Belgique, l\u2019OSD \u0153uvre pour le renforcement des liens \u00e9conomiques, sociaux et culturels entre la diaspora s\u00e9n\u00e9galaise et le S\u00e9n\u00e9gal.<\/p>\n\n\n\n<p>Cet article a \u00e9t\u00e9 ouvert 384 fois.<\/p>\n","protected":false},"excerpt":{"rendered":"<p>L\u2019Observatoire des S\u00e9n\u00e9galais de la Diaspora (OSD) a organis\u00e9 un panel \u00e0 Dakar autour du th\u00e8me : \u00ab D\u00e9veloppement des<\/p>\n","protected":false},"author":1,"featured_media":56463,"comment_status":"open","ping_status":"open","sticky":false,"template":"","format":"standard","meta":{"footnotes":""},"categories":[6],"tags":[],"class_list":["post-56461","post","type-post","status-publish","format-standard","has-post-thumbnail","hentry","category-politics"],"_links":{"self":[{"href":"https:\/\/dekkbi.com\/index.php?rest_route=\/wp\/v2\/posts\/56461","targetHints":{"allow":["GET"]}}],"collection":[{"href":"https:\/\/dekkbi.com\/index.php?rest_route=\/wp\/v2\/posts"}],"about":[{"href":"https:\/\/dekkbi.com\/index.php?rest_route=\/wp\/v2\/types\/post"}],"author":[{"embeddable":true,"href":"https:\/\/dekkbi.com\/index.php?rest_route=\/wp\/v2\/users\/1"}],"replies":[{"embeddable":true,"href":"https:\/\/dekkbi.com\/index.php?rest_route=%2Fwp%2Fv2%2Fcomments&post=56461"}],"version-history":[{"count":1,"href":"https:\/\/dekkbi.com\/index.php?rest_route=\/wp\/v2\/posts\/56461\/revisions"}],"predecessor-version":[{"id":56464,"href":"https:\/\/dekkbi.com\/index.php?rest_route=\/wp\/v2\/posts\/56461\/revisions\/56464"}],"wp:featuredmedia":[{"embeddable":true,"href":"https:\/\/dekkbi.com\/index.php?rest_route=\/wp\/v2\/media\/56463"}],"wp:attachment":[{"href":"https:\/\/dekkbi.com\/index.php?rest_route=%2Fwp%2Fv2%2Fmedia&parent=56461"}],"wp:term":[{"taxonomy":"category","embeddable":true,"href":"https:\/\/dekkbi.com\/index.php?rest_route=%2Fwp%2Fv2%2Fcategories&post=56461"},{"taxonomy":"post_tag","embeddable":true,"href":"https:\/\/dekkbi.com\/index.php?rest_route=%2Fwp%2Fv2%2Ftags&post=56461"}],"curies":[{"name":"wp","href":"https:\/\/api.w.org\/{rel}","templated":true}]}}