{"id":5642,"date":"2023-01-02T10:47:25","date_gmt":"2023-01-02T10:47:25","guid":{"rendered":"https:\/\/dekkbi.com\/?p=5642"},"modified":"2023-01-02T11:48:03","modified_gmt":"2023-01-02T11:48:03","slug":"grace-presidentielle-pour-le-nouvel-an-2023-macky-sall-elargit-727-detenus","status":"publish","type":"post","link":"https:\/\/dekkbi.com\/?p=5642","title":{"rendered":"Grace pr\u00e9sidentielle pour l&rsquo;an 2023 : Macky Sall \u00ab\u00e9largit\u00bb 727 d\u00e9tenus"},"content":{"rendered":"\n<p>A l\u2019or\u00e9e du nouvel an 2023, le pr\u00e9sident de la R\u00e9publique, Macky Sall, a accord\u00e9 son pardon \u00e0 sept cent vingt-sept (727) personnes d\u00e9tenues dans les diff\u00e9rentes prisons du S\u00e9n\u00e9gal. Ces personnes, d\u00e9finitivement condamn\u00e9es pour des infractions diverses, \u00e9taient incarc\u00e9r\u00e9es dans les diff\u00e9rents \u00e9tablissements p\u00e9nitentiaires du S\u00e9n\u00e9gal, informe un communiqu\u00e9 du minist\u00e8re de la Justice dont une copie est parvenu \u00e0 la R\u00e9daction de Sud Quotidien, le samedi 31 d\u00e9cembre 2022. Les b\u00e9n\u00e9ficiaires de cette mesure de cl\u00e9mence sont&nbsp;<em>\u00abdes d\u00e9linquants primaires, des d\u00e9tenus pr\u00e9sentant des gages de resocialisation ou \u00e2g\u00e9s de plus de soixante-cinq (65) ans, des individus gravement malades et des mineurs\u00bb<\/em>, pr\u00e9cise la m\u00eame source.<\/p>\n\n\n\n<ul class=\"wp-block-list\">\n<li>SUDONLINE<\/li>\n<\/ul>\n","protected":false},"excerpt":{"rendered":"<p>A l\u2019or\u00e9e du nouvel an 2023, le pr\u00e9sident de la R\u00e9publique, Macky Sall, a accord\u00e9 son pardon \u00e0 sept cent<\/p>\n","protected":false},"author":1,"featured_media":3056,"comment_status":"open","ping_status":"open","sticky":false,"template":"","format":"standard","meta":{"footnotes":""},"categories":[26],"tags":[],"class_list":["post-5642","post","type-post","status-publish","format-standard","has-post-thumbnail","hentry","category-fait-divers"],"_links":{"self":[{"href":"https:\/\/dekkbi.com\/index.php?rest_route=\/wp\/v2\/posts\/5642","targetHints":{"allow":["GET"]}}],"collection":[{"href":"https:\/\/dekkbi.com\/index.php?rest_route=\/wp\/v2\/posts"}],"about":[{"href":"https:\/\/dekkbi.com\/index.php?rest_route=\/wp\/v2\/types\/post"}],"author":[{"embeddable":true,"href":"https:\/\/dekkbi.com\/index.php?rest_route=\/wp\/v2\/users\/1"}],"replies":[{"embeddable":true,"href":"https:\/\/dekkbi.com\/index.php?rest_route=%2Fwp%2Fv2%2Fcomments&post=5642"}],"version-history":[{"count":2,"href":"https:\/\/dekkbi.com\/index.php?rest_route=\/wp\/v2\/posts\/5642\/revisions"}],"predecessor-version":[{"id":5672,"href":"https:\/\/dekkbi.com\/index.php?rest_route=\/wp\/v2\/posts\/5642\/revisions\/5672"}],"wp:featuredmedia":[{"embeddable":true,"href":"https:\/\/dekkbi.com\/index.php?rest_route=\/wp\/v2\/media\/3056"}],"wp:attachment":[{"href":"https:\/\/dekkbi.com\/index.php?rest_route=%2Fwp%2Fv2%2Fmedia&parent=5642"}],"wp:term":[{"taxonomy":"category","embeddable":true,"href":"https:\/\/dekkbi.com\/index.php?rest_route=%2Fwp%2Fv2%2Fcategories&post=5642"},{"taxonomy":"post_tag","embeddable":true,"href":"https:\/\/dekkbi.com\/index.php?rest_route=%2Fwp%2Fv2%2Ftags&post=5642"}],"curies":[{"name":"wp","href":"https:\/\/api.w.org\/{rel}","templated":true}]}}