{"id":5640,"date":"2023-01-02T10:45:03","date_gmt":"2023-01-02T10:45:03","guid":{"rendered":"https:\/\/dekkbi.com\/?p=5640"},"modified":"2023-01-02T10:45:05","modified_gmt":"2023-01-02T10:45:05","slug":"affaire-des-46-soldats-ivoiriens-malgre-la-fin-de-lultimatum-la-cedeao-ne-compte-pas-sanctionner-le-mali","status":"publish","type":"post","link":"https:\/\/dekkbi.com\/?p=5640","title":{"rendered":"Affaire des 46 soldats ivoiriens: malgr\u00e9 la fin de l&rsquo;ultimatum, la C\u00e9d\u00e9ao ne compte pas sanctionner le Mali"},"content":{"rendered":"\n<p>La C\u00e9d\u00e9ao avait donn\u00e9 jusqu\u2019au 1er janvier au Mali pour lib\u00e9rer les 46 militaires ivoiriens, accus\u00e9s par Bamako d&rsquo;\u00eatre des mercenaires. Mais la date est d\u00e9sormais pass\u00e9e et&nbsp;les 46 soldats, qui ont \u00e9t\u00e9&nbsp;condamn\u00e9s \u00e0 20 ans de r\u00e9clusion criminelle, n&rsquo;ont pas \u00e9t\u00e9 lib\u00e9r\u00e9s. Pour autant, la C\u00e9d\u00e9ao ne compte pas sanctionner le Mali.<\/p>\n\n\n\n<p>PUBLICIT\u00c9<\/p>\n\n\n\n<p><em>Avec notre correspondant dans la r\u00e9gion<\/em>,<strong>&nbsp;Serge Daniel<\/strong><\/p>\n\n\n\n<p>Des diplomates de l\u2019institution sous-r\u00e9gionale contact\u00e9s par RFI sont unanimes, dans l\u2019imm\u00e9diat, il n\u2019y aura aucune sanction de la Communaut\u00e9 \u00e9conomique des \u00c9tats de l\u2019Afrique de l\u2019Ouest (<strong>C\u00e9d\u00e9ao<\/strong>) contre le Mali.<\/p>\n\n\n\n<p>Les autorit\u00e9s de Bamako, pour juger les 46 militaires, ont convoqu\u00e9 une Cour d\u2019assises sp\u00e9ciale avant la fin de l\u2019ultimatum de la C\u00e9d\u00e9ao alors qu\u2019elles pouvaient attendre encore plusieurs mois, explique l\u2019un de nos interlocuteurs. Signe qu\u2019elles ont quand m\u00eame pr\u00eat\u00e9 une oreille attentive au message de l\u2019organisation sous-r\u00e9gionale.<\/p>\n\n\n\n<p><\/p>\n\n\n\n<p>Ensuite, les relations entre le Mali et la C\u00f4te d\u2018Ivoire se sont, entre temps, nettement am\u00e9lior\u00e9es<strong>\u00a0avec le m\u00e9morandum r\u00e9cemment sign\u00e9 par les deux gouvernements<\/strong>. Ce n\u2019est donc pas le moment de cr\u00e9er de nouvelles tensions, ajoute une autre source proche du dossier.<\/p>\n\n\n\n<p>Les regards sont donc d\u00e9sormais tourn\u00e9s vers Koulouba, si\u00e8ge du palais pr\u00e9sidentiel de Bamako, o\u00f9 une \u00e9ventuelle gr\u00e2ce pr\u00e9sidentielle pourrait \u00eatre d\u00e9cid\u00e9e. D\u2019apr\u00e8s nos informations, le Togo, pays m\u00e9diateur dans le dossier, multiplie&nbsp;les initiatives pour un d\u00e9nouement rapide et heureux.<\/p>\n\n\n\n<p>De leur c\u00f4t\u00e9, pour ne pas ralentir le processus qui pourrait conduit \u00e0 une gr\u00e2ce pr\u00e9sidentielle, d\u00e8s la fin du proc\u00e8s, les avocats de la d\u00e9fense ont d\u00e9pos\u00e9 au greffe de la Cour d\u2019appel un acte de non-pourvoi afin d\u2019attester qu\u2019ils renoncent \u00e0 exercer toute voie de recours.<\/p>\n","protected":false},"excerpt":{"rendered":"<p>La C\u00e9d\u00e9ao avait donn\u00e9 jusqu\u2019au 1er janvier au Mali pour lib\u00e9rer les 46 militaires ivoiriens, accus\u00e9s par Bamako d&rsquo;\u00eatre des<\/p>\n","protected":false},"author":1,"featured_media":4504,"comment_status":"open","ping_status":"open","sticky":false,"template":"","format":"standard","meta":{"footnotes":""},"categories":[51],"tags":[],"class_list":["post-5640","post","type-post","status-publish","format-standard","has-post-thumbnail","hentry","category-general"],"_links":{"self":[{"href":"https:\/\/dekkbi.com\/index.php?rest_route=\/wp\/v2\/posts\/5640","targetHints":{"allow":["GET"]}}],"collection":[{"href":"https:\/\/dekkbi.com\/index.php?rest_route=\/wp\/v2\/posts"}],"about":[{"href":"https:\/\/dekkbi.com\/index.php?rest_route=\/wp\/v2\/types\/post"}],"author":[{"embeddable":true,"href":"https:\/\/dekkbi.com\/index.php?rest_route=\/wp\/v2\/users\/1"}],"replies":[{"embeddable":true,"href":"https:\/\/dekkbi.com\/index.php?rest_route=%2Fwp%2Fv2%2Fcomments&post=5640"}],"version-history":[{"count":1,"href":"https:\/\/dekkbi.com\/index.php?rest_route=\/wp\/v2\/posts\/5640\/revisions"}],"predecessor-version":[{"id":5641,"href":"https:\/\/dekkbi.com\/index.php?rest_route=\/wp\/v2\/posts\/5640\/revisions\/5641"}],"wp:featuredmedia":[{"embeddable":true,"href":"https:\/\/dekkbi.com\/index.php?rest_route=\/wp\/v2\/media\/4504"}],"wp:attachment":[{"href":"https:\/\/dekkbi.com\/index.php?rest_route=%2Fwp%2Fv2%2Fmedia&parent=5640"}],"wp:term":[{"taxonomy":"category","embeddable":true,"href":"https:\/\/dekkbi.com\/index.php?rest_route=%2Fwp%2Fv2%2Fcategories&post=5640"},{"taxonomy":"post_tag","embeddable":true,"href":"https:\/\/dekkbi.com\/index.php?rest_route=%2Fwp%2Fv2%2Ftags&post=5640"}],"curies":[{"name":"wp","href":"https:\/\/api.w.org\/{rel}","templated":true}]}}