{"id":56296,"date":"2025-05-09T10:35:55","date_gmt":"2025-05-09T10:35:55","guid":{"rendered":"https:\/\/dekkbi.com\/?p=56296"},"modified":"2025-05-09T10:35:55","modified_gmt":"2025-05-09T10:35:55","slug":"convocation-de-amadou-sall-la-position-de-papa-malick-ndour","status":"publish","type":"post","link":"https:\/\/dekkbi.com\/?p=56296","title":{"rendered":"Convocation de Amadou Sall -la position de Papa Malick Ndour"},"content":{"rendered":"\n<p>Amadou B\u00e2, le fils du Pr\u00e9sident Macky Sall, serait convoqu\u00e9 par le pool judiciaire Financier (Pjf) dans l\u2019affaire Farba Ngom. Des transactions d\u2019une valeur de 10 milliards de francs Cfa seraient en cause. Membre de l\u2019Alliance pour la R\u00e9publique (Apr) et ministre sous Macky Sall, Papa Malick Ndour s\u2019est exprim\u00e9 sur la question dans les colonnes de L\u2019Observateur.<\/p>\n\n\n\n<p>\u00abJ&rsquo;ai appris sa convocation \u00e0 travers la presse, m\u00eame si je ne dispose d&rsquo;aucune preuve formelle \u00e0 ce sujet. Mais si cette convocation est av\u00e9r\u00e9e et qu&rsquo;il a choisi de ne pas y r\u00e9pondre, cela ne devrait choquer personne.<\/p>\n\n\n\n<p>Rappelons que l&rsquo;actuel Premier ministre, il n&rsquo;y a pas si longtemps, avait lui-m\u00eame refus\u00e9 de d\u00e9f\u00e9rer \u00e0 une convocation judiciaire, arguant que son dossier relevait de la politique. Pire encore, il avait mobilis\u00e9 la rue, d\u00e9fi\u00e9 les institutions, et cette confrontation a conduit \u00e0 des violences tragiques, avec des pertes en vies humaines.<\/p>\n\n\n\n<p>Peut-\u00eatre qu&rsquo;Amadou fait partie des jeunes qui ont assimil\u00e9 la le\u00e7on. Rien de neuf. Ce qui est troublant par contre, c&rsquo;est que ceux qui avaient soutenu l&rsquo;actuel Premier ministre \u00e0 l&rsquo;\u00e9poque, notamment une partie de la soci\u00e9t\u00e9 civile, sont aujourd&rsquo;hui les premiers \u00e0 donner des le\u00e7ons de morale et d&rsquo;\u00e9thique r\u00e9publicaine. Il y a l\u00e0 une incoh\u00e9rence profonde.<\/p>\n\n\n\n<p>Et puis, les \u00e9v\u00e8nements et les \u00e9l\u00e9ments flagrants que nous avons en face ne garantissent pas un traitement \u00e9quitable et juste de son cas. De mon point de vue, le gouvernement en place doit faire des efforts dans ce sens avant de songer \u00e0 le convoquer.\u00bb<\/p>\n","protected":false},"excerpt":{"rendered":"<p>Amadou B\u00e2, le fils du Pr\u00e9sident Macky Sall, serait convoqu\u00e9 par le pool judiciaire Financier (Pjf) dans l\u2019affaire Farba Ngom.<\/p>\n","protected":false},"author":1,"featured_media":56297,"comment_status":"open","ping_status":"open","sticky":false,"template":"","format":"standard","meta":{"footnotes":""},"categories":[26],"tags":[],"class_list":["post-56296","post","type-post","status-publish","format-standard","has-post-thumbnail","hentry","category-fait-divers"],"_links":{"self":[{"href":"https:\/\/dekkbi.com\/index.php?rest_route=\/wp\/v2\/posts\/56296","targetHints":{"allow":["GET"]}}],"collection":[{"href":"https:\/\/dekkbi.com\/index.php?rest_route=\/wp\/v2\/posts"}],"about":[{"href":"https:\/\/dekkbi.com\/index.php?rest_route=\/wp\/v2\/types\/post"}],"author":[{"embeddable":true,"href":"https:\/\/dekkbi.com\/index.php?rest_route=\/wp\/v2\/users\/1"}],"replies":[{"embeddable":true,"href":"https:\/\/dekkbi.com\/index.php?rest_route=%2Fwp%2Fv2%2Fcomments&post=56296"}],"version-history":[{"count":1,"href":"https:\/\/dekkbi.com\/index.php?rest_route=\/wp\/v2\/posts\/56296\/revisions"}],"predecessor-version":[{"id":56298,"href":"https:\/\/dekkbi.com\/index.php?rest_route=\/wp\/v2\/posts\/56296\/revisions\/56298"}],"wp:featuredmedia":[{"embeddable":true,"href":"https:\/\/dekkbi.com\/index.php?rest_route=\/wp\/v2\/media\/56297"}],"wp:attachment":[{"href":"https:\/\/dekkbi.com\/index.php?rest_route=%2Fwp%2Fv2%2Fmedia&parent=56296"}],"wp:term":[{"taxonomy":"category","embeddable":true,"href":"https:\/\/dekkbi.com\/index.php?rest_route=%2Fwp%2Fv2%2Fcategories&post=56296"},{"taxonomy":"post_tag","embeddable":true,"href":"https:\/\/dekkbi.com\/index.php?rest_route=%2Fwp%2Fv2%2Ftags&post=56296"}],"curies":[{"name":"wp","href":"https:\/\/api.w.org\/{rel}","templated":true}]}}