{"id":56281,"date":"2025-05-09T10:09:17","date_gmt":"2025-05-09T10:09:17","guid":{"rendered":"https:\/\/dekkbi.com\/?p=56281"},"modified":"2025-05-09T10:10:20","modified_gmt":"2025-05-09T10:10:20","slug":"jubanti-la-plateforme-pour-un-dialogue-national-inclusif-sera-lancee-ce-vendredi","status":"publish","type":"post","link":"https:\/\/dekkbi.com\/?p=56281","title":{"rendered":"\u00ab Jubanti \u00bb : la plateforme pour un dialogue national inclusif sera lanc\u00e9e, ce vendredi"},"content":{"rendered":"\n<p><a href=\"https:\/\/lesoleil.sn\/wp-content\/uploads\/2025\/05\/IMG-20250508-WA0268.jpg\"><\/a>En perspective de la journ\u00e9e du dialogue national sur le syst\u00e8me politique, pr\u00e9vue le 28 mai prochain, les autorit\u00e9s convient la presse nationale et internationale au lancement officiel de la plateforme num\u00e9rique \u00ab JUBBANTI \u00bb, ce vendredi 9 mai 2025 \u00e0 partir de 16h. L\u2019\u00e9v\u00e9nement se tiendra \u00e0 la salle de conf\u00e9rence du B\u00e2timent administratif Mamadou Dia, au 10e \u00e9tage.<\/p>\n\n\n\n<p>Destin\u00e9e \u00e0 favoriser une participation large et inclusive au Dialogue national, la plateforme \u00ab JUBBANTI \u00bb a \u00e9t\u00e9 enti\u00e8rement repens\u00e9e pour offrir \u00e0 chaque S\u00e9n\u00e9galais, y compris ceux de la diaspora, un acc\u00e8s effectif aux d\u00e9bats et aux contributions.<\/p>\n\n\n\n<p>SOURCE LESOLEIL<\/p>\n\n\n\n<p><\/p>\n","protected":false},"excerpt":{"rendered":"<p>En perspective de la journ\u00e9e du dialogue national sur le syst\u00e8me politique, pr\u00e9vue le 28 mai prochain, les autorit\u00e9s convient<\/p>\n","protected":false},"author":1,"featured_media":56283,"comment_status":"open","ping_status":"open","sticky":false,"template":"","format":"standard","meta":{"footnotes":""},"categories":[6],"tags":[],"class_list":["post-56281","post","type-post","status-publish","format-standard","has-post-thumbnail","hentry","category-politics"],"_links":{"self":[{"href":"https:\/\/dekkbi.com\/index.php?rest_route=\/wp\/v2\/posts\/56281","targetHints":{"allow":["GET"]}}],"collection":[{"href":"https:\/\/dekkbi.com\/index.php?rest_route=\/wp\/v2\/posts"}],"about":[{"href":"https:\/\/dekkbi.com\/index.php?rest_route=\/wp\/v2\/types\/post"}],"author":[{"embeddable":true,"href":"https:\/\/dekkbi.com\/index.php?rest_route=\/wp\/v2\/users\/1"}],"replies":[{"embeddable":true,"href":"https:\/\/dekkbi.com\/index.php?rest_route=%2Fwp%2Fv2%2Fcomments&post=56281"}],"version-history":[{"count":2,"href":"https:\/\/dekkbi.com\/index.php?rest_route=\/wp\/v2\/posts\/56281\/revisions"}],"predecessor-version":[{"id":56285,"href":"https:\/\/dekkbi.com\/index.php?rest_route=\/wp\/v2\/posts\/56281\/revisions\/56285"}],"wp:featuredmedia":[{"embeddable":true,"href":"https:\/\/dekkbi.com\/index.php?rest_route=\/wp\/v2\/media\/56283"}],"wp:attachment":[{"href":"https:\/\/dekkbi.com\/index.php?rest_route=%2Fwp%2Fv2%2Fmedia&parent=56281"}],"wp:term":[{"taxonomy":"category","embeddable":true,"href":"https:\/\/dekkbi.com\/index.php?rest_route=%2Fwp%2Fv2%2Fcategories&post=56281"},{"taxonomy":"post_tag","embeddable":true,"href":"https:\/\/dekkbi.com\/index.php?rest_route=%2Fwp%2Fv2%2Ftags&post=56281"}],"curies":[{"name":"wp","href":"https:\/\/api.w.org\/{rel}","templated":true}]}}