{"id":56259,"date":"2025-05-09T09:28:09","date_gmt":"2025-05-09T09:28:09","guid":{"rendered":"https:\/\/dekkbi.com\/?p=56259"},"modified":"2025-05-09T09:28:32","modified_gmt":"2025-05-09T09:28:32","slug":"entrepreneuriat-le-gouvernement-lance-la-phase-ii-du-pavie-pour-booster-lemploi-des-jeunes-et-des-femmes","status":"publish","type":"post","link":"https:\/\/dekkbi.com\/?p=56259","title":{"rendered":"Entrepreneuriat : le gouvernement lance la phase II du Pavie pour booster l\u2019emploi des jeunes et des femmes"},"content":{"rendered":"\n<p><a href=\"https:\/\/lesoleil.sn\/wp-content\/uploads\/2025\/05\/Sonko-defi-min.jpg\"><\/a><strong>Le Premier ministre a donn\u00e9, hier, \u00e0 Dakar, le coup d\u2019envoi de la phase 2 du Projet d\u2019appui et de valorisation des initiatives entrepreneuriales des femmes et des jeunes (Pavie), financ\u00e9e \u00e0 hauteur de 107 milliards de FCfa. La premi\u00e8re phase a permis de former 24.628 femmes et jeunes.<\/strong><\/p>\n\n\n\n<p>Ousmane Sonko a lanc\u00e9, hier, jeudi 8 mai 2025, \u00e0 Dakar, la deuxi\u00e8me phase du Projet d\u2019appui et de valorisation des initiatives entrepreneuriales des femmes et des jeunes (Pavie II). Pilot\u00e9 par la D\u00e9l\u00e9gation g\u00e9n\u00e9rale \u00e0 l\u2019entrepreneuriat rapide des femmes et des jeunes (Der\/Fj), ce projet est dot\u00e9 d\u2019un financement de 107 milliards de FCfa. Il offre aux jeunes et aux femmes des opportunit\u00e9s d\u2019insertion professionnelle par la d\u00e9livrance de formations certifiantes dans divers domaines, tels que l\u2019h\u00f4tellerie, l\u2019agriculture, les transports, l\u2019artisanat, l\u2019innovation num\u00e9rique\u2026 Cette initiative, lanc\u00e9e par l\u2019\u00c9tat du S\u00e9n\u00e9gal, en collaboration avec l\u2019Agence fran\u00e7aise de d\u00e9veloppement (Afd) et la Banque africaine de d\u00e9veloppement (Bad), vise \u00e0 encourager l\u2019entrepreneuriat des femmes et des jeunes dans des secteurs pourvoyeurs d\u2019emplois et d\u2019opportunit\u00e9s. L\u2019objectif est de lutter contre le ch\u00f4mage et de prot\u00e9ger ces couches sociales vuln\u00e9rables par la professionnalisation. Le d\u00e9l\u00e9gu\u00e9 g\u00e9n\u00e9ral de la Der, A\u00efda Mbodj, a tir\u00e9 un bilan positif de la premi\u00e8re phase du Pavie (2019 et 2025) qui a permis de former 24.628 femmes et jeunes pour un investissement de 74,4 milliards de FCfa.<\/p>\n\n\n\n<p>\u00ab Le Pavie I a redonn\u00e9 espoir \u00e0 de nombreuses personnes \u00e0 travers le S\u00e9n\u00e9gal \u00bb, a-t-elle d\u00e9clar\u00e9. La deuxi\u00e8me phase est calqu\u00e9e sur le nouveau r\u00e9f\u00e9rentiel national, la \u00ab Vision S\u00e9n\u00e9gal 2050 \u00bb. \u00ab L\u2019engagement du pr\u00e9sident de la R\u00e9publique en faveur de l\u2019autonomisation des femmes et des jeunes, du d\u00e9veloppement des territoires et de la souverainet\u00e9 \u00e9conomique constitue le socle de notre action \u00bb, a justifi\u00e9 Mme Mbodj. L\u2019un des projets phares sera la r\u00e9alisation de fermes connect\u00e9es. Le pr\u00e9sident du groupe de la Banque africaine de d\u00e9veloppement (Bad), Akinwumi Adesina, et Papa Amadou Sarr, directeur ex\u00e9cutif en charge de la Mobilisation, des partenariats et de la communication \u00e0 l\u2019Agence fran\u00e7aise de d\u00e9veloppement, ont salu\u00e9 les r\u00e9sultats \u00e0 fort impact du Pavie. Les deux institutions se sont engag\u00e9es \u00e0 accompagner la deuxi\u00e8me phase de ce programme pilot\u00e9 par la Der\/Fj. Le Premier ministre a exprim\u00e9 sa satisfaction au vu des r\u00e9sultats positifs du Pavie I.<\/p>\n\n\n\n<p>\u00ab Aujourd\u2019hui, nous c\u00e9l\u00e9brons bien plus qu\u2019un programme. C\u2019est une vision partag\u00e9e, un r\u00eave abouti. Celui d\u2019un S\u00e9n\u00e9gal audacieux, port\u00e9 par l\u2019\u00e9nergie de ses femmes et de ses jeunes, la cr\u00e9ativit\u00e9 de ses entrepreneurs, l\u2019agilit\u00e9 de ses dirigeants ainsi que la robustesse de ses institutions \u00bb, a-t-il d\u00e9clar\u00e9. Ousmane Sonko s\u2019est adress\u00e9 \u00e0 la jeunesse s\u00e9n\u00e9galaise, l\u2019invitant \u00e0 s\u2019armer de patience et \u00e0 faire preuve de rigueur, car l\u2019initiative entrepreneuriale s\u2019inscrit dans la dur\u00e9e. \u00ab Il faut du temps pour b\u00e2tir des \u00e9difices solides \u00bb, a-t-il ajout\u00e9. Le chef du gouvernement a plaid\u00e9 pour des proc\u00e9dures financi\u00e8res simplifi\u00e9es et accessibles, afin que les outils d\u2019accompagnement mis en place par l\u2019\u00c9tat puissent b\u00e9n\u00e9ficier au plus grand nombre. Il a \u00e9galement donn\u00e9 des orientations pour la phase II du Pavie. Apr\u00e8s avoir f\u00e9licit\u00e9 le d\u00e9l\u00e9gu\u00e9 g\u00e9n\u00e9ral de la Der\/Fj, il a plaid\u00e9 pour que les actions \u00e0 venir soient, comme celles de la premi\u00e8re phase du Pavie, orient\u00e9es vers la souverainet\u00e9 nationale et la promotion des produits locaux.<\/p>\n\n\n\n<p><strong>Assane FALL<\/strong><\/p>\n","protected":false},"excerpt":{"rendered":"<p>Le Premier ministre a donn\u00e9, hier, \u00e0 Dakar, le coup d\u2019envoi de la phase 2 du Projet d\u2019appui et de<\/p>\n","protected":false},"author":1,"featured_media":56260,"comment_status":"open","ping_status":"open","sticky":false,"template":"","format":"standard","meta":{"footnotes":""},"categories":[6],"tags":[],"class_list":["post-56259","post","type-post","status-publish","format-standard","has-post-thumbnail","hentry","category-politics"],"_links":{"self":[{"href":"https:\/\/dekkbi.com\/index.php?rest_route=\/wp\/v2\/posts\/56259","targetHints":{"allow":["GET"]}}],"collection":[{"href":"https:\/\/dekkbi.com\/index.php?rest_route=\/wp\/v2\/posts"}],"about":[{"href":"https:\/\/dekkbi.com\/index.php?rest_route=\/wp\/v2\/types\/post"}],"author":[{"embeddable":true,"href":"https:\/\/dekkbi.com\/index.php?rest_route=\/wp\/v2\/users\/1"}],"replies":[{"embeddable":true,"href":"https:\/\/dekkbi.com\/index.php?rest_route=%2Fwp%2Fv2%2Fcomments&post=56259"}],"version-history":[{"count":1,"href":"https:\/\/dekkbi.com\/index.php?rest_route=\/wp\/v2\/posts\/56259\/revisions"}],"predecessor-version":[{"id":56261,"href":"https:\/\/dekkbi.com\/index.php?rest_route=\/wp\/v2\/posts\/56259\/revisions\/56261"}],"wp:featuredmedia":[{"embeddable":true,"href":"https:\/\/dekkbi.com\/index.php?rest_route=\/wp\/v2\/media\/56260"}],"wp:attachment":[{"href":"https:\/\/dekkbi.com\/index.php?rest_route=%2Fwp%2Fv2%2Fmedia&parent=56259"}],"wp:term":[{"taxonomy":"category","embeddable":true,"href":"https:\/\/dekkbi.com\/index.php?rest_route=%2Fwp%2Fv2%2Fcategories&post=56259"},{"taxonomy":"post_tag","embeddable":true,"href":"https:\/\/dekkbi.com\/index.php?rest_route=%2Fwp%2Fv2%2Ftags&post=56259"}],"curies":[{"name":"wp","href":"https:\/\/api.w.org\/{rel}","templated":true}]}}