{"id":5623,"date":"2023-01-02T10:24:06","date_gmt":"2023-01-02T10:24:06","guid":{"rendered":"https:\/\/dekkbi.com\/?p=5623"},"modified":"2023-01-02T10:24:07","modified_gmt":"2023-01-02T10:24:07","slug":"negligence-notee-dans-les-hopitaux-le-ministere-de-la-sante-fait-le-point-et-annonce","status":"publish","type":"post","link":"https:\/\/dekkbi.com\/?p=5623","title":{"rendered":"N\u00e9gligence not\u00e9e dans les h\u00f4pitaux : le minist\u00e8re de la sant\u00e9 fait le point et annonce\u2026"},"content":{"rendered":"\n<h3 class=\"wp-block-heading\">Le minist\u00e8re de la Sant\u00e9 et de l\u2019action sociale (Msas) fait le bilan de cette ann\u00e9e. Par exemple, les h\u00f4pitaux de Louga et K\u00e9dougou ont \u00e9t\u00e9 frapp\u00e9s par des cas de n\u00e9gligences m\u00e9dicales. Le d\u00e9partement dirig\u00e9 par Marie Kh\u00e9messe Ngom Ndiaye annonce ainsi la restructuration de Amadou Sakhir Mbaye ainsi que celle des autres structures de sant\u00e9.<\/h3>\n\n\n\n<p><\/p>\n\n\n\n<p>Le minist\u00e8re de la Sant\u00e9 et de l\u2019action sociale (Msas) annonce des mesures prises concernant la restructuration de certaines structures sanitaires. Dans son document intitul\u00e9 \u00ab R\u00e9tro 2022 \u00bb, a indiqu\u00e9 le d\u00e9partement dirig\u00e9 par Marie Kh\u00e9messe Ngom Ndiate cite Le Dantec, Amadou Sakhir Mbaye, des h\u00f4pitaux qui ont connu des jours sombres avec des affaires de n\u00e9gligences m\u00e9dicales.<\/p>\n\n\n\n<p>\u00ab L\u2019Etat du S\u00e9n\u00e9gal a d\u00e9cid\u00e9 de reconstruire enti\u00e8rement l\u2019h\u00f4pital Aristide Le Dantec. Ainsi, 26 services ont \u00e9t\u00e9 red\u00e9ploy\u00e9s dans 10 h\u00f4pitaux et 11 centres de sant\u00e9. Sur les 1490 agents, 894 agents sont d\u00e9j\u00e0 red\u00e9ploy\u00e9s, soit 60% \u00bb, a fait savoir le minist\u00e8re. Qui souligne que \u00ab le reste est majoritairement constitu\u00e9 de personnel des services de l\u2019administration dont une partie est d\u00e9j\u00e0 log\u00e9e au niveau du b\u00e2timent servant de locaux administratifs de la Direction de Le Dantec \u00bb.<\/p>\n\n\n\n<p>En listant les mesures prises pour le red\u00e9ploiement des agents, le document indique que l\u2019autre partie sera envoy\u00e9e aux h\u00f4pitaux une fois les conventions sign\u00e9es avec les structures d\u2019accueil. \u00ab L\u2019ensemble des agents d\u00e9ploy\u00e9s continue r\u00e9guli\u00e8rement de recevoir leurs salaires, indemnit\u00e9s et motivations \u00bb, pr\u00e9cise-t-on.<\/p>\n\n\n\n<p><strong>L\u2019h\u00f4pital Amadou Sakhir Mbaye de Louga en chantier<\/strong><\/p>\n\n\n\n<p>Dans sa r\u00e9trospective de l\u2019ann\u00e9e 2022, le Msas a fait \u00e9galement le point sur la fonctionnalit\u00e9 de la maternit\u00e9 du centre hospitalier r\u00e9gional de Louga. Il est rappel\u00e9 que tous les agents impliqu\u00e9s dans l\u2019affaire Astou Sokhna ont \u00e9t\u00e9 lib\u00e9r\u00e9s et ont tous repris service. La maternit\u00e9 qui \u00e9tait en r\u00e9habilitation n\u2019est pas encore livr\u00e9e.<\/p>\n\n\n\n<p>La p\u00e9diatrie est aussi en r\u00e9habilitation avec le projet PASME et le service est red\u00e9ploy\u00e9 en m\u00e9decine interne. Concernant le fonctionnement des nouveaux Etablissements publics de sant\u00e9 (Eps), le document renseigne que tous les services du centre hospitalier r\u00e9gional Thierno Birahim Ndao de Kaffrine &#8211; dont les activit\u00e9s avaient d\u00e9marr\u00e9 depuis le 4 janvier 2021, sont fonctionnels. M\u00eame situation constat\u00e9e au centre hospitalier r\u00e9gional Amath Dansokho de K\u00e9dougou inaugur\u00e9 depuis mai 2022 ou encore l\u2019h\u00f4pital Cheikh Ahmadoul Khadim de Touba.<br>Emedia<br><\/p>\n","protected":false},"excerpt":{"rendered":"<p>Le minist\u00e8re de la Sant\u00e9 et de l\u2019action sociale (Msas) fait le bilan de cette ann\u00e9e. Par exemple, les h\u00f4pitaux<\/p>\n","protected":false},"author":1,"featured_media":3839,"comment_status":"open","ping_status":"open","sticky":false,"template":"","format":"standard","meta":{"footnotes":""},"categories":[21],"tags":[],"class_list":["post-5623","post","type-post","status-publish","format-standard","has-post-thumbnail","hentry","category-societe"],"_links":{"self":[{"href":"https:\/\/dekkbi.com\/index.php?rest_route=\/wp\/v2\/posts\/5623","targetHints":{"allow":["GET"]}}],"collection":[{"href":"https:\/\/dekkbi.com\/index.php?rest_route=\/wp\/v2\/posts"}],"about":[{"href":"https:\/\/dekkbi.com\/index.php?rest_route=\/wp\/v2\/types\/post"}],"author":[{"embeddable":true,"href":"https:\/\/dekkbi.com\/index.php?rest_route=\/wp\/v2\/users\/1"}],"replies":[{"embeddable":true,"href":"https:\/\/dekkbi.com\/index.php?rest_route=%2Fwp%2Fv2%2Fcomments&post=5623"}],"version-history":[{"count":1,"href":"https:\/\/dekkbi.com\/index.php?rest_route=\/wp\/v2\/posts\/5623\/revisions"}],"predecessor-version":[{"id":5624,"href":"https:\/\/dekkbi.com\/index.php?rest_route=\/wp\/v2\/posts\/5623\/revisions\/5624"}],"wp:featuredmedia":[{"embeddable":true,"href":"https:\/\/dekkbi.com\/index.php?rest_route=\/wp\/v2\/media\/3839"}],"wp:attachment":[{"href":"https:\/\/dekkbi.com\/index.php?rest_route=%2Fwp%2Fv2%2Fmedia&parent=5623"}],"wp:term":[{"taxonomy":"category","embeddable":true,"href":"https:\/\/dekkbi.com\/index.php?rest_route=%2Fwp%2Fv2%2Fcategories&post=5623"},{"taxonomy":"post_tag","embeddable":true,"href":"https:\/\/dekkbi.com\/index.php?rest_route=%2Fwp%2Fv2%2Ftags&post=5623"}],"curies":[{"name":"wp","href":"https:\/\/api.w.org\/{rel}","templated":true}]}}