{"id":56168,"date":"2025-05-08T08:59:32","date_gmt":"2025-05-08T08:59:32","guid":{"rendered":"https:\/\/dekkbi.com\/?p=56168"},"modified":"2025-05-08T10:23:20","modified_gmt":"2025-05-08T10:23:20","slug":"pr-fatoumata-ly-alerte-sur-la-forte-prevalence-de-la-depigmentation-et-invite-letat-a-instaurer-un-systeme-de-cosmetovigilance","status":"publish","type":"post","link":"https:\/\/dekkbi.com\/?p=56168","title":{"rendered":"Professeur Fatoumata Ly alerte sur la forte pr\u00e9valence de la d\u00e9pigmentation\u00a0et invite l\u2019Etat \u00e0 instaurer un syst\u00e8me de cosm\u00e9tovigilance"},"content":{"rendered":"\n<p>Dakar, 8 mai (APS) \u2013 La pr\u00e9sidente de la Soci\u00e9t\u00e9 s\u00e9n\u00e9galaise de dermatologie et de v\u00e9n\u00e9rologie (SOSEDEV), le professeur Fatoumata Ly, a alert\u00e9 sur l\u2019ampleur de la d\u00e9pigmentation cosm\u00e9tique volontaire dont les estimations d\u00e9passent les 53%, invitant l\u2019Etat \u00e0 prendre ses responsabilit\u00e9s en mettant en place un syst\u00e8me de cosm\u00e9tovigilance.<\/p>\n\n\n\n<p>\u201dAu cours de ces trois derni\u00e8res ann\u00e9es, nous avons men\u00e9 des \u00e9tudes dans diff\u00e9rentes localit\u00e9s du S\u00e9n\u00e9gal en population g\u00e9n\u00e9rale, qui ont montr\u00e9 des pr\u00e9valences sup\u00e9rieures \u00e0 53% et qui atteignent m\u00eame jusqu\u2019\u00e0 71% de pr\u00e9valence\u2019\u2019, a d\u00e9clar\u00e9 la dermatologue.<\/p>\n\n\n\n<p>Elle prenait part, mercredi, \u00e0 l\u2019ouverture du 3e congr\u00e8s de la SOSEDEV qui se tient du 7 au 9 mai \u00e0 la Facult\u00e9 de m\u00e9decine, de pharmacie et d\u2019odontologie (FMPO). Le th\u00e8me choisi cette ann\u00e9e est \u201dLa dermatologie au carrefour des sp\u00e9cialit\u00e9s m\u00e9dico-chirurgicales\u201d.<\/p>\n\n\n\n<p>Selon Mme Ly, \u201dcette d\u00e9pigmentation a un impact, puisque le premier motif d\u2019hospitalisation est constitu\u00e9 par des complications de la d\u00e9pigmentation, mais \u00e9galement parce qu\u2019une femme sur deux qui vient se faire consulter dans un pays au S\u00e9n\u00e9gal en tout cas, mais peut-\u00eatre en Afrique subsaharienne, a une pathologie qui est li\u00e9e \u00e0 sa d\u00e9pigmentation\u201d.<\/p>\n\n\n\n<p>Elle a signal\u00e9 que \u201dles cas de cancer associ\u00e9s \u00e0 la d\u00e9pigmentation cosm\u00e9tique volontaire sont r\u00e9pertori\u00e9s\u201d dans les services de dermatologie.<\/p>\n\n\n\n<p>\u201dEn tant que professionnels de la sant\u00e9, de la dermatologie, notre r\u00f4le, c\u2019est de faire le constat et d\u2019alerter. En tant que soci\u00e9t\u00e9 savante, je pense que depuis ces ann\u00e9es, nous n\u2019avons pas fini d\u2019alerter. Maintenant l\u2019\u00c9tat n\u2019a qu\u2019\u00e0 prendre ses responsabilit\u00e9s\u201d, a clam\u00e9 la praticienne.<\/p>\n\n\n\n<p>Elle a invit\u00e9 l\u2019Etat \u00e0 prendre ses responsabilit\u00e9s dans la commercialisation et la taxation de ces produits et dans l\u2019instauration d\u2019un syst\u00e8me de cosm\u00e9tovigilance, c\u2019est \u00e0 dire la surveillance et l\u2019enregistrement des effets ind\u00e9sirables li\u00e9s \u00e0 l\u2019utilisation des cosm\u00e9tiques chez l\u2019homme.<\/p>\n\n\n\n<p>Venue pr\u00e9sider la rencontre, Dr Siga Diop, conseill\u00e8re technique au minist\u00e8re de la Sant\u00e9 et de l\u2019Action sociale, a indiqu\u00e9 que le th\u00e8me du congr\u00e8s de la SOSEDEV \u201dtraduit une v\u00e9rit\u00e9 fondamentale : la peau est souvent le miroir de nombreuses pathologies syst\u00e9miques, et le dermatologue se trouve ainsi \u00e0 l\u2019interface de multiples disciplines : infectiologie, p\u00e9diatrie, oncologie, immunologie, sant\u00e9 mentale et bien d\u2019autres encore\u201d.<\/p>\n\n\n\n<p>\u201dC\u2019est une reconnaissance claire du r\u00f4le transversal et d\u00e9terminant que joue la dermatologie dans la d\u00e9tection, le traitement, et parfois m\u00eame la pr\u00e9vention de nombreuses pathologies syst\u00e9miques\u201d, a t-elle soulign\u00e9.<\/p>\n\n\n\n<p>Selon elle, \u201ddans un contexte o\u00f9 notre pays, \u00e0 l\u2019instar de nombreuses nations africaines, fait face \u00e0 des d\u00e9fis sanitaires complexes, la dermatologie joue un r\u00f4le cl\u00e9 dans la d\u00e9tection pr\u00e9coce, le diagnostic diff\u00e9rentiel, la pr\u00e9vention et l\u2019orientation th\u00e9rapeutique de nombreuses affections, notamment les maladies tropicales n\u00e9glig\u00e9es \u00e0 manifestation cutan\u00e9e, les dermatoses infectieuses, les cancers cutan\u00e9s ou encore les maladies inflammatoires chroniques\u201d.<\/p>\n\n\n\n<p>NSS\/HK\/HB\/OID<\/p>\n","protected":false},"excerpt":{"rendered":"<p>Dakar, 8 mai (APS) \u2013 La pr\u00e9sidente de la Soci\u00e9t\u00e9 s\u00e9n\u00e9galaise de dermatologie et de v\u00e9n\u00e9rologie (SOSEDEV), le professeur Fatoumata<\/p>\n","protected":false},"author":1,"featured_media":56169,"comment_status":"open","ping_status":"open","sticky":false,"template":"","format":"standard","meta":{"footnotes":""},"categories":[21],"tags":[],"class_list":["post-56168","post","type-post","status-publish","format-standard","has-post-thumbnail","hentry","category-societe"],"_links":{"self":[{"href":"https:\/\/dekkbi.com\/index.php?rest_route=\/wp\/v2\/posts\/56168","targetHints":{"allow":["GET"]}}],"collection":[{"href":"https:\/\/dekkbi.com\/index.php?rest_route=\/wp\/v2\/posts"}],"about":[{"href":"https:\/\/dekkbi.com\/index.php?rest_route=\/wp\/v2\/types\/post"}],"author":[{"embeddable":true,"href":"https:\/\/dekkbi.com\/index.php?rest_route=\/wp\/v2\/users\/1"}],"replies":[{"embeddable":true,"href":"https:\/\/dekkbi.com\/index.php?rest_route=%2Fwp%2Fv2%2Fcomments&post=56168"}],"version-history":[{"count":2,"href":"https:\/\/dekkbi.com\/index.php?rest_route=\/wp\/v2\/posts\/56168\/revisions"}],"predecessor-version":[{"id":56221,"href":"https:\/\/dekkbi.com\/index.php?rest_route=\/wp\/v2\/posts\/56168\/revisions\/56221"}],"wp:featuredmedia":[{"embeddable":true,"href":"https:\/\/dekkbi.com\/index.php?rest_route=\/wp\/v2\/media\/56169"}],"wp:attachment":[{"href":"https:\/\/dekkbi.com\/index.php?rest_route=%2Fwp%2Fv2%2Fmedia&parent=56168"}],"wp:term":[{"taxonomy":"category","embeddable":true,"href":"https:\/\/dekkbi.com\/index.php?rest_route=%2Fwp%2Fv2%2Fcategories&post=56168"},{"taxonomy":"post_tag","embeddable":true,"href":"https:\/\/dekkbi.com\/index.php?rest_route=%2Fwp%2Fv2%2Ftags&post=56168"}],"curies":[{"name":"wp","href":"https:\/\/api.w.org\/{rel}","templated":true}]}}