{"id":56160,"date":"2025-05-08T08:48:10","date_gmt":"2025-05-08T08:48:10","guid":{"rendered":"https:\/\/dekkbi.com\/?p=56160"},"modified":"2025-05-08T08:51:15","modified_gmt":"2025-05-08T08:51:15","slug":"haute-cour-de-justice-ce-qui-va-se-passer-apres-la-resolution-de-mise-en-accusation","status":"publish","type":"post","link":"https:\/\/dekkbi.com\/?p=56160","title":{"rendered":"Haute cour de justice : Ce qui va se passer apr\u00e8s la r\u00e9solution de mise en accusation"},"content":{"rendered":"\n<p><strong>Cinq anciens ministres du r\u00e9gime pr\u00e9c\u00e9dant \u2014 Mansour Faye, A\u00efssatou Sophie Gladima, Isma\u00efla Madior Fall, Moustapha Diop et Salimata Diop \u2014 seront fix\u00e9s sur leur sort ce jeudi. Les d\u00e9put\u00e9s de la 15\u1d49 l\u00e9gislature examineront, en s\u00e9ance pl\u00e9ni\u00e8re, la r\u00e9solution portant leur mise en accusation devant la Haute cour de justice. Que se passera-t-il apr\u00e8s cette \u00e9tape ?<\/strong><\/p>\n\n\n\n<p>La 15\u1d49 l\u00e9gislature doit se prononcer ce 8 mai sur leur comparution \u00e9ventuelle devant cette juridiction d\u2019exception, seule comp\u00e9tente pour juger les membres du Gouvernement pour des actes commis dans l\u2019exercice de leurs fonctions, conform\u00e9ment \u00e0 la Loi n\u00b0 2002-10, modifi\u00e9e par les lois de 2008 et 2012. Les accusations portent principalement sur la gestion du Fonds Force Covid-19, \u00e0 l\u2019exception de l\u2019ancien Garde des Sceaux. Tous sont cit\u00e9s dans une correspondance officielle du ministre actuel de la Justice, Ousmane Diagne, adress\u00e9e \u00e0 l\u2019Assembl\u00e9e nationale.<\/p>\n\n\n\n<p>Si la mise en accusation est adopt\u00e9e, la r\u00e9solution est imm\u00e9diatement transmise par le pr\u00e9sident de l\u2019Assembl\u00e9e nationale au procureur g\u00e9n\u00e9ral. Celui-ci dispose alors de 24 heures pour en notifier le pr\u00e9sident de la Haute Cour de justice et celui de la Commission d\u2019instruction.<\/p>\n\n\n\n<p>La Commission est convoqu\u00e9e sans d\u00e9lai. Chaque personne mise en cause est invit\u00e9e \u00e0 choisir un avocat, \u00e0 d\u00e9faut de quoi un d\u00e9fenseur est d\u00e9sign\u00e9 d\u2019office, assurant le respect du droit \u00e0 une d\u00e9fense effective d\u00e8s l\u2019ouverture de la proc\u00e9dure.<\/p>\n\n\n\n<p>Le pr\u00e9sident de la Commission peut, avant m\u00eame sa premi\u00e8re r\u00e9union, accomplir des actes d\u2019information (comme d\u00e9livrer des mandats), qui devront ensuite \u00eatre confirm\u00e9s en s\u00e9ance pl\u00e9ni\u00e8re. Il est \u00e9galement possible de d\u00e9l\u00e9guer certaines missions \u00e0 d\u2019autres magistrats, agissant avec voix consultative \u2014 un compromis entre efficacit\u00e9 proc\u00e9durale et respect de l\u2019ind\u00e9pendance judiciaire.<\/p>\n\n\n\n<p>L\u2019article 23 de la loi&nbsp;organique pr\u00e9voit que la Commission agit selon les r\u00e8gles du Code de proc\u00e9dure p\u00e9nale, notamment celles relatives aux droits de la d\u00e9fense. Toutefois, ses actes ne peuvent faire l\u2019objet d\u2019aucun recours, conf\u00e9rant \u00e0 cette instance une autorit\u00e9 renforc\u00e9e par l\u2019irr\u00e9vocabilit\u00e9 des nullit\u00e9s non soulev\u00e9es avant la d\u00e9cision de renvoi.<\/p>\n\n\n\n<p>La Commission ne peut pas requalifier les faits mentionn\u00e9s dans la r\u00e9solution de mise en accusation. En cas d\u2019apparition de faits nouveaux, elle doit transmettre le dossier au procureur g\u00e9n\u00e9ral, qui peut saisir \u00e0 nouveau l\u2019Assembl\u00e9e nationale pour \u00e9tendre la proc\u00e9dure. Cette rigidit\u00e9 vise \u00e0 pr\u00e9server le contr\u00f4le parlementaire sur toute \u00e9volution de la mise en cause.<\/p>\n\n\n\n<p>Le minist\u00e8re public et la d\u00e9fense disposent d\u2019un droit d\u2019initiative dans l\u2019enqu\u00eate : convocation de t\u00e9moins, confrontations, participation aux actes d\u2019instruction.<\/p>\n\n\n\n<p>En revanche, la loi exclut toute constitution de partie civile devant la Haute cour : les victimes \u00e9ventuelles doivent se tourner vers les juridictions de droit commun pour faire valoir leurs droits \u00e0 r\u00e9paration.<\/p>\n\n\n\n<p>Ce cloisonnement illustre la s\u00e9paration stricte entre la fonction r\u00e9pressive et la fonction indemnitaire.<\/p>\n\n\n\n<p><strong>Salla GUEYE<\/strong><\/p>\n\n\n\n<p>LESOLEIL<\/p>\n","protected":false},"excerpt":{"rendered":"<p>Cinq anciens ministres du r\u00e9gime pr\u00e9c\u00e9dant \u2014 Mansour Faye, A\u00efssatou Sophie Gladima, Isma\u00efla Madior Fall, Moustapha Diop et Salimata Diop<\/p>\n","protected":false},"author":1,"featured_media":56161,"comment_status":"open","ping_status":"open","sticky":false,"template":"","format":"standard","meta":{"footnotes":""},"categories":[6],"tags":[],"class_list":["post-56160","post","type-post","status-publish","format-standard","has-post-thumbnail","hentry","category-politics"],"_links":{"self":[{"href":"https:\/\/dekkbi.com\/index.php?rest_route=\/wp\/v2\/posts\/56160","targetHints":{"allow":["GET"]}}],"collection":[{"href":"https:\/\/dekkbi.com\/index.php?rest_route=\/wp\/v2\/posts"}],"about":[{"href":"https:\/\/dekkbi.com\/index.php?rest_route=\/wp\/v2\/types\/post"}],"author":[{"embeddable":true,"href":"https:\/\/dekkbi.com\/index.php?rest_route=\/wp\/v2\/users\/1"}],"replies":[{"embeddable":true,"href":"https:\/\/dekkbi.com\/index.php?rest_route=%2Fwp%2Fv2%2Fcomments&post=56160"}],"version-history":[{"count":1,"href":"https:\/\/dekkbi.com\/index.php?rest_route=\/wp\/v2\/posts\/56160\/revisions"}],"predecessor-version":[{"id":56162,"href":"https:\/\/dekkbi.com\/index.php?rest_route=\/wp\/v2\/posts\/56160\/revisions\/56162"}],"wp:featuredmedia":[{"embeddable":true,"href":"https:\/\/dekkbi.com\/index.php?rest_route=\/wp\/v2\/media\/56161"}],"wp:attachment":[{"href":"https:\/\/dekkbi.com\/index.php?rest_route=%2Fwp%2Fv2%2Fmedia&parent=56160"}],"wp:term":[{"taxonomy":"category","embeddable":true,"href":"https:\/\/dekkbi.com\/index.php?rest_route=%2Fwp%2Fv2%2Fcategories&post=56160"},{"taxonomy":"post_tag","embeddable":true,"href":"https:\/\/dekkbi.com\/index.php?rest_route=%2Fwp%2Fv2%2Ftags&post=56160"}],"curies":[{"name":"wp","href":"https:\/\/api.w.org\/{rel}","templated":true}]}}