{"id":56144,"date":"2025-05-07T11:01:09","date_gmt":"2025-05-07T11:01:09","guid":{"rendered":"https:\/\/dekkbi.com\/?p=56144"},"modified":"2025-05-07T11:01:09","modified_gmt":"2025-05-07T11:01:09","slug":"le-monde-appelle-linde-et-le-pakistan-a-la-retenue-militaire","status":"publish","type":"post","link":"https:\/\/dekkbi.com\/?p=56144","title":{"rendered":"Le monde appelle l\u2019Inde et le Pakistan \u00e0 la retenue militaire"},"content":{"rendered":"\n<p>La communaut\u00e9 internationale appelle mercredi l\u2019Inde et le Pakistan \u00e0 faire preuve de \u201cretenue\u201d militaire apr\u00e8s la confrontation la plus grave entre les deux puissances nucl\u00e9aires depuis deux d\u00e9cennies, qui a fait des dizaines de morts parmi des civils indiens et pakistanais.<\/p>\n\n\n\n<p><strong>Source:<\/strong>\u00a0Belga\/AFP<\/p>\n\n\n\n<p><strong>La fronti\u00e8re entre l&rsquo;Inde et le Pakistan s&#8217;embrase<\/strong><\/p>\n\n\n\n<p>Les deux arm\u00e9es ont \u00e9chang\u00e9 des tirs d\u2019artillerie le long de leur fronti\u00e8re contest\u00e9e au Cachemire, apr\u00e8s des frappes indiennes sur le sol pakistanais en repr\u00e9sailles \u00e0 l\u2019attentat de Pahalgam qui avait fait 26 morts au Cachemire indien, le 26 avril.<\/p>\n\n\n\n<p><strong>Le chef de l\u2019ONU<\/strong>&nbsp;Antonio Guterres \u201cappelle les deux pays \u00e0 la retenue militaire\u201d, a d\u00e9clar\u00e9 son porte-parole, St\u00e9phane Dujarric, ajoutant que \u201cle monde ne peut pas se permettre une confrontation militaire\u201d entre l\u2019Inde et le Pakistan.<\/p>\n\n\n\n<p><strong>Le pr\u00e9sident am\u00e9ricain Donald Trump<\/strong>&nbsp;a dit mardi esp\u00e9rer que les affrontements entre l\u2019Inde et le Pakistan \u201cs\u2019arr\u00eatent tr\u00e8s rapidement\u201d. Son chef de la diplomatie Marco Rubio \u201cencourage l\u2019Inde et le Pakistan \u00e0 rouvrir un canal de discussion entre leurs dirigeants afin de d\u00e9samorcer la situation et d\u2019\u00e9viter une nouvelle escalade\u201d, a indiqu\u00e9 Brian Hughes, porte-parole du Conseil de s\u00e9curit\u00e9 nationale de la Maison Blanche.<\/p>\n\n\n\n<p><strong>Le gouvernement britannique<\/strong>&nbsp;s\u2019est dit mercredi \u201cpr\u00eat\u201d \u00e0 intervenir pour une \u201cd\u00e9sescalade\u201d entre les deux pays voisins. L\u2019Inde et le Pakistan ont \u201cun int\u00e9r\u00eat dans la stabilit\u00e9 r\u00e9gionale\u201d, a d\u00e9clar\u00e9 le ministre du Commerce britannique Jonathan Reynolds sur la BBC. \u201cTout ce que nous pouvons faire en termes de dialogue, de d\u00e9sescalade, nous sommes pr\u00eats et en mesure de le faire\u201d, a-t-il dit.<\/p>\n\n\n\n<p><strong>La Chine<\/strong>&nbsp;a indiqu\u00e9 mercredi \u201cd\u00e9plorer\u201d les frappes indiennes contre le Pakistan, se disant \u201cpr\u00e9occup\u00e9e\u201d par la nouvelle escalade des tensions entre ses deux voisins, qu\u2019elle appelle \u00e0 la \u201cretenue\u201d. \u201cNous appelons l\u2019Inde et le Pakistan \u00e0 donner la priorit\u00e9 \u00e0 la paix et \u00e0 la stabilit\u00e9, \u00e0 rester calmes, \u00e0 faire preuve de retenue et \u00e0 \u00e9viter de prendre des mesures qui compliqueraient davantage la situation\u201d, a indiqu\u00e9 dans un communiqu\u00e9 un porte-parole du minist\u00e8re chinois des Affaires \u00e9trang\u00e8res P\u00e9kin s\u2019est \u00e9galement dit pr\u00eat \u00e0 jouer un \u201cr\u00f4le constructif\u201d dans l\u2019apaisement des tensions entre les deux pays.<\/p>\n\n\n\n<p><strong>Le chef de la diplomatie fran\u00e7aise<\/strong>&nbsp;Jean-No\u00ebl Barrot a appel\u00e9 mercredi l\u2019Inde et le Pakistan \u201c\u00e0 la retenue\u201d et \u00e0 prot\u00e9ger les civils. \u201cNous comprenons l\u2019aspiration de l\u2019Inde \u00e0 se prot\u00e9ger contre le fl\u00e9au du terrorisme, mais nous appelons \u00e9videmment l\u2019Inde comme le Pakistan, \u00e0 la retenue pour \u00e9viter l\u2019escalade et \u00e9videmment \u00e0 la pr\u00e9servation des civils\u201d, a d\u00e9clar\u00e9 M. Barrot, sur la cha\u00eene TF1.<\/p>\n\n\n\n<p><strong>Le gouvernement allemand<\/strong>&nbsp;a appel\u00e9 mercredi \u00e0 emp\u00eacher \u201ctoute escalade\u201d et \u00e0 \u201cprot\u00e9ger les civils\u201d apr\u00e8s de violents bombardements entre l\u2019Inde et le Pakistan.<\/p>\n\n\n\n<p>Berlin, en contact avec les deux pays, a ouvert une cellule de crise pour \u00ab\u00a0suivre la situation de pr\u00e8s\u00a0\u00bb, a d\u00e9clar\u00e9 le minist\u00e8re des Affaires \u00e9trang\u00e8res sur X. Il s&rsquo;agit de la plus grave confrontation militaire entre l&rsquo;Inde et le Pakistan depuis deux d\u00e9cennies.<\/p>\n\n\n\n<p><strong>La Commission europ\u00e9enne<\/strong>&nbsp;a appel\u00e9 mercredi l\u2019Inde et le Pakistan \u00e0 la \u201cd\u00e9sescalade\u201d apr\u00e8s l\u2019\u00e9pisode le plus violent entre les deux puissances nucl\u00e9aires en 20 ans.<\/p>\n\n\n\n<p>\u00ab\u00a0Nous exhortons les deux parties \u00e0 faire preuve de retenue et \u00e0 prendre des mesures imm\u00e9diates en vue d&rsquo;une d\u00e9sescalade\u00a0\u00bb, a affirm\u00e9 Anouar El Anouni, porte-parole de l&rsquo;ex\u00e9cutif europ\u00e9en.<\/p>\n\n\n\n<p><strong>L\u2019Iran<\/strong>&nbsp;a exprim\u00e9 mercredi sa \u201cprofonde pr\u00e9occupation\u201d apr\u00e8s le pire affrontement depuis vingt ans entre l\u2019Inde et le Pakistan.<\/p>\n\n\n\n<p>\u00ab\u00a0La R\u00e9publique islamique d&rsquo;Iran exprime sa profonde pr\u00e9occupation face \u00e0 l&rsquo;escalade des tensions entre l&rsquo;Inde et le Pakistan\u00a0\u00bb, indique un communiqu\u00e9 de la diplomatie iranienne. L&rsquo;Iran, pays frontalier du Pakistan et qui entretient de bonnes relations avec l&rsquo;Inde, avait propos\u00e9 en mars sa m\u00e9diation.<\/p>\n\n\n\n<p><strong>La Turquie<\/strong>&nbsp;a mis en garde mercredi contre le \u201crisque de guerre totale\u201d entre l\u2019Inde et le Pakistan, dans un communiqu\u00e9 du minist\u00e8re des Affaires \u00e9trang\u00e8res.<\/p>\n\n\n\n<p>\u00ab\u00a0L&rsquo;attaque conduite la nuit derni\u00e8re par l&rsquo;Inde fait courir le risque d&rsquo;une guerre totale. Nous condamnons cette initiative provocatrice ainsi que les attaques visant des civils et des infrastructures civiles\u00a0\u00bb, a \u00e9crit le minist\u00e8re.<\/p>\n\n\n\n<p>Enfin,&nbsp;<strong>le Kremlin<\/strong>&nbsp;s\u2019est dit \u201cprofond\u00e9ment pr\u00e9occup\u00e9 par l\u2019escalade de la confrontation militaire\u201d entre les deux pays, exhortant les \u201cparties \u00e0 faire preuve de retenue pour \u00e9viter une d\u00e9t\u00e9rioration suppl\u00e9mentaire\u201d de la situation.<\/p>\n","protected":false},"excerpt":{"rendered":"<p>La communaut\u00e9 internationale appelle mercredi l\u2019Inde et le Pakistan \u00e0 faire preuve de \u201cretenue\u201d militaire apr\u00e8s la confrontation la plus<\/p>\n","protected":false},"author":1,"featured_media":56145,"comment_status":"open","ping_status":"open","sticky":false,"template":"","format":"standard","meta":{"footnotes":""},"categories":[51],"tags":[],"class_list":["post-56144","post","type-post","status-publish","format-standard","has-post-thumbnail","hentry","category-general"],"_links":{"self":[{"href":"https:\/\/dekkbi.com\/index.php?rest_route=\/wp\/v2\/posts\/56144","targetHints":{"allow":["GET"]}}],"collection":[{"href":"https:\/\/dekkbi.com\/index.php?rest_route=\/wp\/v2\/posts"}],"about":[{"href":"https:\/\/dekkbi.com\/index.php?rest_route=\/wp\/v2\/types\/post"}],"author":[{"embeddable":true,"href":"https:\/\/dekkbi.com\/index.php?rest_route=\/wp\/v2\/users\/1"}],"replies":[{"embeddable":true,"href":"https:\/\/dekkbi.com\/index.php?rest_route=%2Fwp%2Fv2%2Fcomments&post=56144"}],"version-history":[{"count":1,"href":"https:\/\/dekkbi.com\/index.php?rest_route=\/wp\/v2\/posts\/56144\/revisions"}],"predecessor-version":[{"id":56146,"href":"https:\/\/dekkbi.com\/index.php?rest_route=\/wp\/v2\/posts\/56144\/revisions\/56146"}],"wp:featuredmedia":[{"embeddable":true,"href":"https:\/\/dekkbi.com\/index.php?rest_route=\/wp\/v2\/media\/56145"}],"wp:attachment":[{"href":"https:\/\/dekkbi.com\/index.php?rest_route=%2Fwp%2Fv2%2Fmedia&parent=56144"}],"wp:term":[{"taxonomy":"category","embeddable":true,"href":"https:\/\/dekkbi.com\/index.php?rest_route=%2Fwp%2Fv2%2Fcategories&post=56144"},{"taxonomy":"post_tag","embeddable":true,"href":"https:\/\/dekkbi.com\/index.php?rest_route=%2Fwp%2Fv2%2Ftags&post=56144"}],"curies":[{"name":"wp","href":"https:\/\/api.w.org\/{rel}","templated":true}]}}