{"id":5612,"date":"2023-01-02T09:52:51","date_gmt":"2023-01-02T09:52:51","guid":{"rendered":"https:\/\/dekkbi.com\/?p=5612"},"modified":"2023-01-02T09:52:55","modified_gmt":"2023-01-02T09:52:55","slug":"nouvelle-assemblee-nationale-la-rupture-vire-au-cauchemar","status":"publish","type":"post","link":"https:\/\/dekkbi.com\/?p=5612","title":{"rendered":"Nouvelle Assembl\u00e9e nationale: La rupture vire au cauchemar\u00a0!"},"content":{"rendered":"\n<p>Le\u00a012 septembre 2022 restera \u00e0 jamais dans les annales de l\u2019Assembl\u00e9e nationale. Injures, \u00e9changes de coups de poing\u00a0entre d\u00e9put\u00e9s membres de l\u2019opposition, notamment Yewwi askan wi, et parlementaires du camp pr\u00e9sidentiel ont rythm\u00e9 cette folle journ\u00e9e \u00e0 la Place Soweto. Mais aussi, il y a eu des jets de sachets d\u2019eau. Tous ceux qui esp\u00e9raient ou croyaient \u00e0 la rupture ont connu la pire d\u00e9ception politique de leur vie. Pendant la campagne, l\u2019opposition, incarn\u00e9e par Ousmane Sonko et Cie, a chant\u00e9 la rupture sur tous les poduims de meeting. A l\u2019arriv\u00e9e, Guy Marius Sa\u00adgna, \u00ab\u00e9ternel indign\u00e9\u00bb, ne s\u2019est pas d\u00e9parti de son temp\u00e9rament.<\/p>\n\n\n\n<p>L\u2019installation du Bureau, qui \u00e9tait pr\u00e9vue \u00e0 10 heures, a finalement commenc\u00e9 3 heures plus tard ce 12 septembre 2022, sous haute tension. La cause, des malentendus entre les deux camps qui, pendant un long moment, s\u2019attaquaient par presse interpos\u00e9e et n\u2019attendaient que le moment propice pour en d\u00e9coudre.<\/p>\n\n\n\n<p>Apr\u00e8s le d\u00e9but des travaux \u00e0 14h 30 mn, Barth\u00e9lemy Dias ouvre les hostilit\u00e9s. Il arrache le micro. La tension monte. L\u2019H\u00e9\u00admi\u00adcycle s\u2019enflamme. Barth\u2019, qui soutient que parmi les d\u00e9put\u00e9s figurent des analphab\u00e8tes, propose d\u2019utiliser des bulletins \u00e0 couleurs. Un acte mal per\u00e7u par la mouvance pr\u00e9sidentielle, qui r\u00e9plique par des injures. C\u2019est le d\u00e9but d\u2019une bagarre g\u00e9n\u00e9ralis\u00e9e. Des sc\u00e8nes in\u00e9dites. Les d\u00e9bris ont m\u00eame parfois \u00e9t\u00e9 utilis\u00e9s comme armes. L\u2019As\u00adsembl\u00e9e a \u00e9t\u00e9 mise sens dessus-dessous avec le mobilier saccag\u00e9.<\/p>\n\n\n\n<p>Un autre incident viendra perturber le d\u00e9roulement du vote. L\u2019opposition a refus\u00e9 la pr\u00e9sence \u00e0 l\u2019Assembl\u00e9e nationale, des ministres Abdoulaye Daouda Diallo et Abdoulaye Sow, qui est jug\u00e9e ill\u00e9gale. Elle estime que la Constitution interdit ce cumul de fonctions et, par cons\u00e9quent, ils avaient 8 jours, \u00e0 compter de la proclamation des r\u00e9sultats, pour d\u00e9missionner. Le groupe parlementaire Benno r\u00e9plique en d\u00e9clarant qu\u2019il s\u2019agit d\u2019une mauvaise interpr\u00e9tation de la loi. Les multiples tentatives d\u2019appel au calme de la pr\u00e9sidente de s\u00e9ance, A\u00efda Sow Diawara, ne donneront rien. Il a fallu l\u2019intervention de la gendarmerie pour faire r\u00e9gner la loi. Ainsi Barth\u2019, Abass Fall, Guy Marius Sagna, Ahmed A\u00efdara et compagnie ont \u00e9t\u00e9 d\u00e9log\u00e9s par force. Apr\u00e8s la temp\u00eate, le calme. Le Bureau sera install\u00e9. Mais les membres de l\u2019Inter-coalition Yewwi-Wallu n\u2019ont pas vot\u00e9 et ont constat\u00e9 la perte de la pr\u00e9sidence de l\u2019As\u00adsembl\u00e9e.<\/p>\n\n\n\n<p>D\u00e9j\u00e0, cette journ\u00e9e du 12 septembre avait montr\u00e9 les pr\u00e9mices que la rupture tant chant\u00e9e n\u2019est que chim\u00e8re. Quelques mois plus tard, la d\u00e9put\u00e9e\u00a0Amy Ndiaye Gniby est victime d\u2019une agression\u00a0physique en pleine s\u00e9ance pl\u00e9ni\u00e8re. Les auteurs, ses coll\u00e8gues Massata Samb et Mamadou Niang. Ces derniers accusaient la dame d\u2019avoir tenu des propos discourtois \u00e0 l\u2019encontre de leur marabout, Serigne Moustapha Sy. Il est guide moral des Moustar\u00adchidines et pr\u00e9sident fondateur du Parti de l\u2019unit\u00e9 et du rassemblement (Pur). Des faits qui ont eu lieu lors du vote du budget du minist\u00e8re de la Justice. L\u2019affaire est toujours pendante devant la Justice.<\/p>\n\n\n\n<p><br>Par Aliou DIALLO<\/p>\n\n\n\n<p><\/p>\n","protected":false},"excerpt":{"rendered":"<p>Le\u00a012 septembre 2022 restera \u00e0 jamais dans les annales de l\u2019Assembl\u00e9e nationale. Injures, \u00e9changes de coups de poing\u00a0entre d\u00e9put\u00e9s membres<\/p>\n","protected":false},"author":1,"featured_media":3971,"comment_status":"open","ping_status":"open","sticky":false,"template":"","format":"standard","meta":{"footnotes":""},"categories":[6],"tags":[],"class_list":["post-5612","post","type-post","status-publish","format-standard","has-post-thumbnail","hentry","category-politics"],"_links":{"self":[{"href":"https:\/\/dekkbi.com\/index.php?rest_route=\/wp\/v2\/posts\/5612","targetHints":{"allow":["GET"]}}],"collection":[{"href":"https:\/\/dekkbi.com\/index.php?rest_route=\/wp\/v2\/posts"}],"about":[{"href":"https:\/\/dekkbi.com\/index.php?rest_route=\/wp\/v2\/types\/post"}],"author":[{"embeddable":true,"href":"https:\/\/dekkbi.com\/index.php?rest_route=\/wp\/v2\/users\/1"}],"replies":[{"embeddable":true,"href":"https:\/\/dekkbi.com\/index.php?rest_route=%2Fwp%2Fv2%2Fcomments&post=5612"}],"version-history":[{"count":1,"href":"https:\/\/dekkbi.com\/index.php?rest_route=\/wp\/v2\/posts\/5612\/revisions"}],"predecessor-version":[{"id":5613,"href":"https:\/\/dekkbi.com\/index.php?rest_route=\/wp\/v2\/posts\/5612\/revisions\/5613"}],"wp:featuredmedia":[{"embeddable":true,"href":"https:\/\/dekkbi.com\/index.php?rest_route=\/wp\/v2\/media\/3971"}],"wp:attachment":[{"href":"https:\/\/dekkbi.com\/index.php?rest_route=%2Fwp%2Fv2%2Fmedia&parent=5612"}],"wp:term":[{"taxonomy":"category","embeddable":true,"href":"https:\/\/dekkbi.com\/index.php?rest_route=%2Fwp%2Fv2%2Fcategories&post=5612"},{"taxonomy":"post_tag","embeddable":true,"href":"https:\/\/dekkbi.com\/index.php?rest_route=%2Fwp%2Fv2%2Ftags&post=5612"}],"curies":[{"name":"wp","href":"https:\/\/api.w.org\/{rel}","templated":true}]}}