{"id":56086,"date":"2025-05-07T09:35:33","date_gmt":"2025-05-07T09:35:33","guid":{"rendered":"https:\/\/dekkbi.com\/?p=56086"},"modified":"2025-05-07T10:21:02","modified_gmt":"2025-05-07T10:21:02","slug":"developpement-territorial-letat-prevoit-de-lancer-3-poles-dici-la-fin-de-lannee","status":"publish","type":"post","link":"https:\/\/dekkbi.com\/?p=56086","title":{"rendered":"D\u00e9veloppement territorial &#8211; L\u2019\u00c9tat pr\u00e9voit de lancer 3 p\u00f4les d\u2019ici la fin de l\u2019ann\u00e9e 2025"},"content":{"rendered":"\n<p>Le ministre de l\u2019Urbanisme, des Collectivit\u00e9s territoriales et de l\u2019Am\u00e9nagement des territoires, Moussa Bala Fofana, a pr\u00e9sid\u00e9, hier \u00e0 Tambacounda, la journ\u00e9e de partage sur les p\u00f4les territoriaux, avec les ex\u00e9cutifs locaux du p\u00f4les Sud-Est. Il a, lors de cette rencontre, r\u00e9v\u00e9l\u00e9 que deux ou trois p\u00f4les seront lanc\u00e9s d\u2019ici la fin de l\u2019ann\u00e9e.<\/p>\n\n\n\n<p>TAMABACOUNDA&nbsp;\u2013 Le ministre de l\u2019Urbanisme, des Collectivit\u00e9s territoriales et de l\u2019Am\u00e9nagement des territoires, Moussa Bala Fofana a achev\u00e9, hier, sa tourn\u00e9e \u00e0 Tambacounda. \u00c0 cette occasion, il a annonc\u00e9 le lancement de deux ou trois p\u00f4les territoriaux avant la fin de l\u2019ann\u00e9e. \u00ab Et 2026 sera l\u2019ann\u00e9e de parach\u00e8vement de l\u2019implantation de ces nouvelles organisations administratives. Et \u00e0 la fin de l\u2019ann\u00e9e 2026, l\u2019ensemble des p\u00f4les seront op\u00e9rationnels, et dans une logique de mise en \u0153uvre, a rassur\u00e9 le ministre \u00bb, Moussa Bala Fofana, devant les \u00e9lus territoriaux de Tambacounda et de K\u00e9dougou, les deux r\u00e9gions qui constituent le p\u00f4le Sud-Est.<\/p>\n\n\n\n<p>Pour lui, l\u2019approche p\u00f4le est centr\u00e9e sur la question de l\u2019\u00e9conomie, les infrastructures, la mobilit\u00e9, le d\u00e9veloppement durable, la gestion des ressources, et aussi comment faire pour que les p\u00f4les aient cette capacit\u00e9 en recherche et d\u00e9veloppement. Ce qui est attendu des acteurs territoriaux durant cette journ\u00e9e d\u2019\u00e9changes \u00ab c\u2019est qu\u2019ils se r\u00e9unissent en Conseil de territoire capable de doter le p\u00f4le d\u2019une approche strat\u00e9gique et d\u2019une politique de d\u00e9veloppement, capable d\u2019amener l\u2019essor dans les territoires. Car pour lui, \u00ab un p\u00f4le peut avoir autant de potentialit\u00e9s, mais s\u2019il n\u2019a pas ces \u00e9l\u00e9ments, il ne pourra pas lutter contre les d\u00e9fis de l\u2019heure, dont la pauvret\u00e9, les changements climatiques, etc. \u00bb, a dit le ministre. Le p\u00f4le Sud-Est est riche en ressources, a d\u00e9clar\u00e9 le ministre, lors de cette derni\u00e8re journ\u00e9e \u00e0 Tambacounda. \u00ab Ce que j\u2019aimerai soulever, c\u2019est que ce p\u00f4le a \u00e9norm\u00e9ment de potentialit\u00e9s. Le S\u00e9n\u00e9gal oriental a l\u2019avantage d\u2019avoir non seulement une capacit\u00e9 en termes de secteur primaire (agriculture, \u00e9levage et p\u00eache), mais surtout de richesses mini\u00e8res et la dimension touristique \u00bb, a indiqu\u00e9 le ministre.<\/p>\n\n\n\n<p>Cependant, malgr\u00e9 ces potentialit\u00e9s et ce dynamisme, c\u2019est une r\u00e9gion qui fait face \u00e0 des ph\u00e9nom\u00e8nes comme la pauvret\u00e9, la croissance urbaine incontr\u00f4l\u00e9e et beaucoup d\u2019autres d\u00e9fis majeurs, a-t-il ajout\u00e9. De l\u2019avis du ministre, la structuration des p\u00f4les va doter cette zone g\u00e9ographique d\u2019un cadre de gouvernance, qui va lui donner les instruments n\u00e9cessaires, mais surtout la capacit\u00e9 strat\u00e9gique de planifier son d\u00e9veloppement territorial. Ainsi, au p\u00f4le, le Conseil du territoire pourra discuter des questions essentielles, telles que l\u2019industrialisation, les terres agricoles, la mise en \u0153uvre de tout ce qui est politique de lutte contre l\u2019impact sur l\u2019environnement, etc. Selon le ministre, il est question, avec cette approche, d\u2019\u00eatre dans une logique de territorialisation des politiques publiques.<\/p>\n\n\n\n<p><strong>Boubacar Agna CAMARA (Correspondant)<\/strong><\/p>\n","protected":false},"excerpt":{"rendered":"<p>Le ministre de l\u2019Urbanisme, des Collectivit\u00e9s territoriales et de l\u2019Am\u00e9nagement des territoires, Moussa Bala Fofana, a pr\u00e9sid\u00e9, hier \u00e0 Tambacounda,<\/p>\n","protected":false},"author":1,"featured_media":56087,"comment_status":"open","ping_status":"open","sticky":false,"template":"","format":"standard","meta":{"footnotes":""},"categories":[3],"tags":[],"class_list":["post-56086","post","type-post","status-publish","format-standard","has-post-thumbnail","hentry","category-event-more-news"],"_links":{"self":[{"href":"https:\/\/dekkbi.com\/index.php?rest_route=\/wp\/v2\/posts\/56086","targetHints":{"allow":["GET"]}}],"collection":[{"href":"https:\/\/dekkbi.com\/index.php?rest_route=\/wp\/v2\/posts"}],"about":[{"href":"https:\/\/dekkbi.com\/index.php?rest_route=\/wp\/v2\/types\/post"}],"author":[{"embeddable":true,"href":"https:\/\/dekkbi.com\/index.php?rest_route=\/wp\/v2\/users\/1"}],"replies":[{"embeddable":true,"href":"https:\/\/dekkbi.com\/index.php?rest_route=%2Fwp%2Fv2%2Fcomments&post=56086"}],"version-history":[{"count":2,"href":"https:\/\/dekkbi.com\/index.php?rest_route=\/wp\/v2\/posts\/56086\/revisions"}],"predecessor-version":[{"id":56121,"href":"https:\/\/dekkbi.com\/index.php?rest_route=\/wp\/v2\/posts\/56086\/revisions\/56121"}],"wp:featuredmedia":[{"embeddable":true,"href":"https:\/\/dekkbi.com\/index.php?rest_route=\/wp\/v2\/media\/56087"}],"wp:attachment":[{"href":"https:\/\/dekkbi.com\/index.php?rest_route=%2Fwp%2Fv2%2Fmedia&parent=56086"}],"wp:term":[{"taxonomy":"category","embeddable":true,"href":"https:\/\/dekkbi.com\/index.php?rest_route=%2Fwp%2Fv2%2Fcategories&post=56086"},{"taxonomy":"post_tag","embeddable":true,"href":"https:\/\/dekkbi.com\/index.php?rest_route=%2Fwp%2Fv2%2Ftags&post=56086"}],"curies":[{"name":"wp","href":"https:\/\/api.w.org\/{rel}","templated":true}]}}