{"id":5607,"date":"2023-01-02T09:44:25","date_gmt":"2023-01-02T09:44:25","guid":{"rendered":"https:\/\/dekkbi.com\/?p=5607"},"modified":"2023-01-02T09:46:03","modified_gmt":"2023-01-02T09:46:03","slug":"3e-mandat-la-nouvelle-sortie-de-ismaila-madior-fall","status":"publish","type":"post","link":"https:\/\/dekkbi.com\/?p=5607","title":{"rendered":"3e mandat : la nouvelle sortie de Isma\u00efla Madior Fall"},"content":{"rendered":"\n<p>Il est l\u2019auteur de la derni\u00e8re r\u00e9forme constitutionnelle qui avait, entre autres objectifs, de stopper le nombre de candidatures pr\u00e9sidentielles \u00e0 deux. \u00a0\u00c0 un an de la future pr\u00e9sidentielle, Ismaila Madior fall s\u2019est encore \u00e9panch\u00e9 sur la question, au micro de nos confr\u00e8res de la t\u00e9l\u00e9vision nationale.<\/p>\n\n\n\n<p>\u00abDans l\u2019histoire politique du S\u00e9n\u00e9gal, on n\u2019a jamais emp\u00each\u00e9 un pr\u00e9sident de pouvoir \u00eatre candidat parce qu\u2019il y a une limitation des mandats &nbsp;\u00e0 deux. Non. M\u00eame s\u2019il faut le croire, s\u2019il y a une r\u00e8gle qu\u2019il faut respecter et qui dit que les mandats sont limit\u00e9s \u00e0 deux, mais ok. Apr\u00e8s, ce ne sont pas les professeurs d\u2019Universit\u00e9 qui d\u00e9cident, ni les journalistes. C\u2019est le conseil constitutionnel qui d\u00e9cide\u00bb, a d\u00e9clar\u00e9 Isma\u00efla Madior Fall, sur la Rts1.<br><br>Le ministre de la Justice, Garde des Sceaux, estime que la candidature du Pr\u00e9sident Macky Sall \u00ab\u00a0ne d\u00e9pend de qui que ce soit, du point de vue strictement juridique.\u00a0\u00bbPour lui,&nbsp; il appartient au Conseil constitutionnel de d\u00e9cider.<br><br><em><strong>\u00ab\u00a0Le conseil avait supprim\u00e9 les<\/strong><\/em><br><em><strong>dispositions transitoires&#8230;\u00a0\u00bb<br><br><\/strong><\/em>Dans son argumentaire, l&rsquo;homme qui \u00e9tait \u00e0 la baguette de la r\u00e9forme constitutionnelle de 2016, indique que lors de l&rsquo;\u00e9criture du projet de texte, ils avaient ins\u00e9r\u00e9 des dispositions transitoires pour signaler que le premier mandat \u00e9tait concern\u00e9 par la limitation.<br><br>\u00abOn a mis: \u2019\u2019Le pr\u00e9sident est \u00e9lu pour un mandat de 5 ans renouvelable une fois. Nul ne peut faire &nbsp;plus de deux mandats cons\u00e9cutifs. Cette disposition s\u2019applique au mandat en cours.\u2019\u2019 Et le conseil constitutionnel a enlev\u00e9 la disposition pour dire que le \u00ab\u00a0mandat en cours \u00e9chappe \u00e0 la loi nouvelle\u00a0\u00bb. Et le conseil a supprim\u00e9 les dispositions transitoires\u00bb, dit-il.<\/p>\n","protected":false},"excerpt":{"rendered":"<p>Il est l\u2019auteur de la derni\u00e8re r\u00e9forme constitutionnelle qui avait, entre autres objectifs, de stopper le nombre de candidatures pr\u00e9sidentielles<\/p>\n","protected":false},"author":1,"featured_media":5610,"comment_status":"open","ping_status":"open","sticky":false,"template":"","format":"standard","meta":{"footnotes":""},"categories":[6],"tags":[],"class_list":["post-5607","post","type-post","status-publish","format-standard","has-post-thumbnail","hentry","category-politics"],"_links":{"self":[{"href":"https:\/\/dekkbi.com\/index.php?rest_route=\/wp\/v2\/posts\/5607","targetHints":{"allow":["GET"]}}],"collection":[{"href":"https:\/\/dekkbi.com\/index.php?rest_route=\/wp\/v2\/posts"}],"about":[{"href":"https:\/\/dekkbi.com\/index.php?rest_route=\/wp\/v2\/types\/post"}],"author":[{"embeddable":true,"href":"https:\/\/dekkbi.com\/index.php?rest_route=\/wp\/v2\/users\/1"}],"replies":[{"embeddable":true,"href":"https:\/\/dekkbi.com\/index.php?rest_route=%2Fwp%2Fv2%2Fcomments&post=5607"}],"version-history":[{"count":2,"href":"https:\/\/dekkbi.com\/index.php?rest_route=\/wp\/v2\/posts\/5607\/revisions"}],"predecessor-version":[{"id":5611,"href":"https:\/\/dekkbi.com\/index.php?rest_route=\/wp\/v2\/posts\/5607\/revisions\/5611"}],"wp:featuredmedia":[{"embeddable":true,"href":"https:\/\/dekkbi.com\/index.php?rest_route=\/wp\/v2\/media\/5610"}],"wp:attachment":[{"href":"https:\/\/dekkbi.com\/index.php?rest_route=%2Fwp%2Fv2%2Fmedia&parent=5607"}],"wp:term":[{"taxonomy":"category","embeddable":true,"href":"https:\/\/dekkbi.com\/index.php?rest_route=%2Fwp%2Fv2%2Fcategories&post=5607"},{"taxonomy":"post_tag","embeddable":true,"href":"https:\/\/dekkbi.com\/index.php?rest_route=%2Fwp%2Fv2%2Ftags&post=5607"}],"curies":[{"name":"wp","href":"https:\/\/api.w.org\/{rel}","templated":true}]}}