{"id":56061,"date":"2025-05-06T16:39:07","date_gmt":"2025-05-06T16:39:07","guid":{"rendered":"https:\/\/dekkbi.com\/?p=56061"},"modified":"2025-05-06T16:39:08","modified_gmt":"2025-05-06T16:39:08","slug":"encore-une-erreur-du-secretaire-americain-a-la-defense-pete-hegseth-il-a-suspendu-laide-a-lukraine-a-linsu-de-trump","status":"publish","type":"post","link":"https:\/\/dekkbi.com\/?p=56061","title":{"rendered":"Encore une erreur du secr\u00e9taire am\u00e9ricain \u00e0 la D\u00e9fense Pete Hegseth: \u201cIl a suspendu l\u2019aide \u00e0 l\u2019Ukraine \u00e0 l\u2019insu de Trump\u201d"},"content":{"rendered":"\n<p>Le secr\u00e9taire am\u00e9ricain \u00e0 la D\u00e9fense Pete Hegseth, d\u00e9j\u00e0 point\u00e9 du doigt apr\u00e8s avoir commis plusieurs erreurs impliquant des informations sensibles, est de nouveau sous le feu des projecteurs. L\u2019agence de presse Reuters r\u00e9v\u00e8le une nouvelle erreur de sa part: environ une semaine apr\u00e8s le d\u00e9but du second mandat de Donald Trump, il aurait suspendu l\u2019aide militaire \u00e0 l\u2019Ukraine \u00e0 l\u2019insu de la Maison-Blanche.<\/p>\n\n\n\n<p><strong>Source:<\/strong>\u00a0HLN, Belga, Reuters<\/p>\n\n\n\n<p>Selon Reuters, les faits remonteraient au d\u00e9but du mois de f\u00e9vrier. Hegseth aurait alors ordonn\u00e9 l\u2019arr\u00eat temporaire de l\u2019envoi a\u00e9rien d\u2019aide militaire vers l\u2019Ukraine sans en informer la Maison-Blanche. Il s\u2019agissait plus pr\u00e9cis\u00e9ment de onze avions charg\u00e9s de grenades et d\u2019autres armes destin\u00e9es \u00e0 l\u2019Ukraine, rapporte l\u2019agence de presse.<\/p>\n\n\n\n<p>L\u2019ordre a imm\u00e9diatement suscit\u00e9 l\u2019indignation des responsables ukrainiens et polonais, qui ont contact\u00e9 Washington pour exiger des explications.<\/p>\n\n\n\n<figure class=\"wp-block-image\"><a class=\"slideshow-trigger__overlay\" href=\"https:\/\/www.7sur7.be\/monde\/encore-une-erreur-du-secretaire-americain-a-la-defense-pete-hegseth-il-a-suspendu-laide-a-lukraine-a-linsu-de-trump~a0273d56\/257142083\/\"><img decoding=\"async\" src=\"https:\/\/images.7sur7.be\/NWVlODBmM2ZjYzA3ZThlOTQ3YTYvZGlvLzI1NzE0MjA4My9maXQtd2lkdGgvNjk0\/le-secretaire-a-la-defense-pete-hegseth-et-le-president-donald-trump\" alt=\"Le secr\u00e9taire \u00e0 la D\u00e9fense Pete Hegseth et le pr\u00e9sident Donald Trump.\"\/><\/a><figcaption class=\"wp-element-caption\">Le secr\u00e9taire \u00e0 la D\u00e9fense Pete Hegseth et le pr\u00e9sident Donald Trump.&nbsp;\u00a9 REUTERS<\/figcaption><\/figure>\n\n\n\n<h2 class=\"wp-block-heading\">2,2 millions de dollars<\/h2>\n\n\n\n<p>Hegseth aurait pris cette d\u00e9cision apr\u00e8s une r\u00e9union dans le Bureau ovale le 30 janvier. La suspension de l\u2019aide avait \u00e9t\u00e9 discut\u00e9e \u00e0 cette occasion, mais pas approuv\u00e9e par Trump. Quatre personnes au courant du dossier affirment que certains membres du personnel du Pentagone ont \u00e9galement conseill\u00e9 \u00e0 Hegseth de suspendre l\u2019aide.<\/p>\n\n\n\n<p>Les vols ont finalement repris le 5 f\u00e9vrier, apr\u00e8s une interruption de trois jours. Un retour \u00e0 la situation qui s\u2019est produit apr\u00e8s une intervention du conseiller \u00e0 la s\u00e9curit\u00e9 nationale Mike Waltz, aujourd\u2019hui limog\u00e9, a d\u00e9clar\u00e9 une source anonyme \u00e0 Reuters. Les vols annul\u00e9s auraient co\u00fbt\u00e9 au commandement des transports des \u00c9tats-Unis (TRANSCOM) un total de 2,2 millions de dollars.<\/p>\n\n\n\n<p>Trump a suspendu son aide \u00e0 l\u2019Ukraine d\u00e9but mars apr\u00e8s sa tristement c\u00e9l\u00e8bre dispute \u00e0 la Maison-Blanche avec le pr\u00e9sident ukrainien Volodymyr Zelensky. L\u2019aide militaire a \u00e0 nouveau repris le 11 mars apr\u00e8s que Zelensky a d\u00e9clar\u00e9 qu\u2019il \u00e9tait pr\u00eat \u00e0 un cessez-le-feu d\u2019un mois \u00e0 la suite de pourparlers entre les d\u00e9l\u00e9gations ukrainienne et am\u00e9ricaine dans la ville portuaire saoudienne de Djeddah.<\/p>\n\n\n\n<h2 class=\"wp-block-heading\">Fuite d\u2019informations<\/h2>\n\n\n\n<p>Pour Hegseth, cette nouvelle erreur est pour le moins g\u00eanante. Fin mars, le secr\u00e9taire \u00e0 la D\u00e9fense et plusieurs autres collaborateurs de Trump se sont retrouv\u00e9s dans l\u2019\u0153il du cyclone apr\u00e8s que le r\u00e9dacteur en chef du magazine The Atlantic a \u00e9t\u00e9 accidentellement ajout\u00e9 \u00e0 un groupe Signal priv\u00e9. Dans cette discussion, Waltz, Hegseth et d\u2019autres hauts responsables \u00e9tablissaient les plans visant \u00e0 bombarder les rebelles houthis au Y\u00e9men. Une deuxi\u00e8me fuite via un groupe Signal comprenant sa femme et son fr\u00e8re a par la suite de nouveau mis Hegseth dans l\u2019embarras.<\/p>\n\n\n\n<p>Trump continue pour le moment de soutenir son secr\u00e9taire \u00e0 la D\u00e9fense et l\u2019a d\u00e9fendu la semaine derni\u00e8re dans une interview accord\u00e9e \u00e0 ABC. \u201cC\u2019est un homme talentueux. Il est jeune, intelligent et tr\u00e8s instruit. Je pense qu\u2019il sera un tr\u00e8s bon, et j\u2019esp\u00e8re un excellent secr\u00e9taire \u00e0 la D\u00e9fense\u201d, a d\u00e9clar\u00e9 Trump, ajoutant avoir eu une conversation avec lui.<\/p>\n","protected":false},"excerpt":{"rendered":"<p>Le secr\u00e9taire am\u00e9ricain \u00e0 la D\u00e9fense Pete Hegseth, d\u00e9j\u00e0 point\u00e9 du doigt apr\u00e8s avoir commis plusieurs erreurs impliquant des informations<\/p>\n","protected":false},"author":1,"featured_media":32520,"comment_status":"open","ping_status":"open","sticky":false,"template":"","format":"standard","meta":{"footnotes":""},"categories":[51],"tags":[],"class_list":["post-56061","post","type-post","status-publish","format-standard","has-post-thumbnail","hentry","category-general"],"_links":{"self":[{"href":"https:\/\/dekkbi.com\/index.php?rest_route=\/wp\/v2\/posts\/56061","targetHints":{"allow":["GET"]}}],"collection":[{"href":"https:\/\/dekkbi.com\/index.php?rest_route=\/wp\/v2\/posts"}],"about":[{"href":"https:\/\/dekkbi.com\/index.php?rest_route=\/wp\/v2\/types\/post"}],"author":[{"embeddable":true,"href":"https:\/\/dekkbi.com\/index.php?rest_route=\/wp\/v2\/users\/1"}],"replies":[{"embeddable":true,"href":"https:\/\/dekkbi.com\/index.php?rest_route=%2Fwp%2Fv2%2Fcomments&post=56061"}],"version-history":[{"count":1,"href":"https:\/\/dekkbi.com\/index.php?rest_route=\/wp\/v2\/posts\/56061\/revisions"}],"predecessor-version":[{"id":56062,"href":"https:\/\/dekkbi.com\/index.php?rest_route=\/wp\/v2\/posts\/56061\/revisions\/56062"}],"wp:featuredmedia":[{"embeddable":true,"href":"https:\/\/dekkbi.com\/index.php?rest_route=\/wp\/v2\/media\/32520"}],"wp:attachment":[{"href":"https:\/\/dekkbi.com\/index.php?rest_route=%2Fwp%2Fv2%2Fmedia&parent=56061"}],"wp:term":[{"taxonomy":"category","embeddable":true,"href":"https:\/\/dekkbi.com\/index.php?rest_route=%2Fwp%2Fv2%2Fcategories&post=56061"},{"taxonomy":"post_tag","embeddable":true,"href":"https:\/\/dekkbi.com\/index.php?rest_route=%2Fwp%2Fv2%2Ftags&post=56061"}],"curies":[{"name":"wp","href":"https:\/\/api.w.org\/{rel}","templated":true}]}}