{"id":56057,"date":"2025-05-06T16:24:02","date_gmt":"2025-05-06T16:24:02","guid":{"rendered":"https:\/\/dekkbi.com\/?p=56057"},"modified":"2025-05-06T16:24:03","modified_gmt":"2025-05-06T16:24:03","slug":"allemagne-friedrich-merz-finalement-elu-chancelier-apres-un-second-tour-historique","status":"publish","type":"post","link":"https:\/\/dekkbi.com\/?p=56057","title":{"rendered":"Allemagne: Friedrich Merz finalement \u00e9lu chancelier apr\u00e8s un second tour historique"},"content":{"rendered":"\n<p>Le conservateur allemand Friedrich Merz a finalement \u00e9t\u00e9 \u00e9lu chancelier ce mardi 6 mai apr\u00e8s un second tour historique. Il avait subi ce matin un camouflet historique en \u00e9chouant \u00e0 se faire \u00e9lire&nbsp;au premier tour de scrutin par les d\u00e9put\u00e9s allemands, cr\u00e9ant la stup\u00e9faction dans le pays qui s&rsquo;enfonce dans la crise politique.&nbsp;<\/p>\n\n\n\n<p>Le conservateur\u00a0<strong>Friedrich Merz\u00a0<\/strong>a \u00e9t\u00e9 \u00e9lu chancelier allemand par les d\u00e9put\u00e9s du Bundestag ce mardi 6 mai et succ\u00e8de donc au social-d\u00e9mocrate\u00a0<strong>Olaf Scholz<\/strong>. Il a obtenu 325 voix pour, soit davantage que les 316 requises. Il y a eu 289 voix contre, une abstention et trois votes nuls. Un r\u00e9sultat rapidement consacr\u00e9 par le pr\u00e9sident\u00a0Frank-Walter Steinmeier qui a officiellement nomm\u00e9 Friedrich Merz chancelier ce mardi en fin de journ\u00e9e.<\/p>\n\n\n\n<p>Cette \u00e9lection est une victoire en demi-teinte pour le conservateur\u00a0<strong>Friedrich Merz<\/strong>\u00a0qui aura du mal \u00e0 faire oublier le cinglant revers subit ce mardi matin. Faute \u00e0 six voix manquantes, il n&rsquo;est pas parvenu \u00e0 obtenir le soutien de la majorit\u00e9 absolue des d\u00e9put\u00e9s allemands pour \u00eatre confirm\u00e9 d\u00e8s le premier tour de scrutin \u00e0 la chancellerie, une premi\u00e8re dans l&rsquo;histoire du pays.<\/p>\n\n\n\n<h2 class=\"wp-block-heading\">Coalition fragile<\/h2>\n\n\n\n<p>Ce revers illustre la fragilit\u00e9 du dirigeant d\u00e9mocrate-chr\u00e9tien et de la coalition avec laquelle il entend gouverner la premi\u00e8re \u00e9conomie europ\u00e9enne dans un monde en plein chamboulement g\u00e9opolitique et sous pression \u00e0 la fois de l&rsquo;administration Trump et, sur le plan int\u00e9rieur, d&rsquo;une extr\u00eame droite en plein essor.<\/p>\n\n\n\n<p>\u00c2g\u00e9 de 69 ans, le conservateur d\u00e9bute affaibli son mandat de quatre ans alors qu&rsquo;il \u00e9tait cens\u00e9 apporter de la stabilit\u00e9 apr\u00e8s la crise politique nationale ouverte par la chute du gouvernement Scholz en novembre.<\/p>\n\n\n\n<p>Ce coup de th\u00e9\u00e2tre mine d&#8217;embl\u00e9e ses promesses de relance du pays, en crise \u00e9conomique, et de l&rsquo;Europe. D\u00e9j\u00e0 peu populaire dans l&rsquo;opinion, il est contest\u00e9 jusque dans ses propres rangs depuis qu&rsquo;il est revenu sur une promesse de campagne en assouplissant les r\u00e8gles nationales tr\u00e8s strictes de d\u00e9penses budg\u00e9taires.&nbsp;Il avait pris cette d\u00e9cision pour pouvoir financer un vaste programme de r\u00e9armement du pays cens\u00e9 r\u00e9pondre \u00e0 la menace russe, au d\u00e9sengagement militaire am\u00e9ricain du continent europ\u00e9en et le besoin de modernisation du pays pour un budget de plusieurs centaines de milliards d&rsquo;euros<\/p>\n\n\n\n<h2 class=\"wp-block-heading\">Un \u00ab&nbsp;<em>connaisseur de l&rsquo;Europe<\/em>&nbsp;\u00bb<\/h2>\n\n\n\n<p>Sur le plan international, cette \u00e9lection chaotique met \u00e0 mal l&rsquo;image de stabilit\u00e9 de l&rsquo;Allemagne, d&rsquo;autant plus que le nouveau chancelier est attendu mercredi en France et en Pologne. Fervent partisan d&rsquo;un nouveau \u00ab&nbsp;<em>leadership&nbsp;<\/em>\u00bb en Europe et soutien sans faille \u00e0 l&rsquo;Ukraine, il esp\u00e8re ainsi resserrer ses liens avec Paris et Varsovie. Emmanuel Macron a d&rsquo;ailleurs donn\u00e9 rendez-vous \u00e0 M. Merz mercredi afin de \u00ab<em>&nbsp;rendre le moteur et le r\u00e9flexe franco-allemand plus forts que jamais<\/em>&nbsp;\u00bb. \u00ab<em>&nbsp;\u00c0 nous d\u2019acc\u00e9l\u00e9rer sur notre agenda europ\u00e9en de souverainet\u00e9, de s\u00e9curit\u00e9 et de comp\u00e9titivit\u00e9&nbsp;<\/em>\u00bb, a-t-il post\u00e9 sur X.<\/p>\n\n\n\n<p>La pr\u00e9sidente de la Commission europ\u00e9enne Ursula von der Leyen a f\u00e9licit\u00e9 mardi M. Merz pour son \u00e9lection, saluant un \u00ab&nbsp;<em>connaisseur de l&rsquo;Europe<\/em>&nbsp;\u00bb. \u00ab&nbsp;<em>Ensemble, nous travaillerons pour une Europe forte et plus comp\u00e9titive&nbsp;<\/em>\u00bb, a-t-elle d\u00e9clar\u00e9 sur le r\u00e9seau social X. \u00ab&nbsp;<em>Je me r\u00e9jouis de notre collaboration sur un ambitieux agenda europ\u00e9en commun&nbsp;<\/em>\u00bb, a rench\u00e9ri le pr\u00e9sident du Conseil, Antonio Costa.<\/p>\n\n\n\n<p>M\u00eame soulagement c\u00f4t\u00e9 ukrainien.&nbsp;Volodymyr Zelensky a \u00ab f\u00e9licit\u00e9 \u00bb Friedrich Merz. \u00ab&nbsp;<em>Nous esp\u00e9rons sinc\u00e8rement que l&rsquo;Allemagne deviendra encore plus forte et que nous verrons davantage le leadership allemand s&rsquo;affirmer dans les affaires europ\u00e9ennes et transatlantiques<\/em>&nbsp;\u00bb, a \u00e9crit M. Zelensky sur les r\u00e9seaux sociaux.<\/p>\n\n\n\n<p>SOURCE RFI<\/p>\n","protected":false},"excerpt":{"rendered":"<p>Le conservateur allemand Friedrich Merz a finalement \u00e9t\u00e9 \u00e9lu chancelier ce mardi 6 mai apr\u00e8s un second tour historique. Il<\/p>\n","protected":false},"author":1,"featured_media":52469,"comment_status":"open","ping_status":"open","sticky":false,"template":"","format":"standard","meta":{"footnotes":""},"categories":[51],"tags":[],"class_list":["post-56057","post","type-post","status-publish","format-standard","has-post-thumbnail","hentry","category-general"],"_links":{"self":[{"href":"https:\/\/dekkbi.com\/index.php?rest_route=\/wp\/v2\/posts\/56057","targetHints":{"allow":["GET"]}}],"collection":[{"href":"https:\/\/dekkbi.com\/index.php?rest_route=\/wp\/v2\/posts"}],"about":[{"href":"https:\/\/dekkbi.com\/index.php?rest_route=\/wp\/v2\/types\/post"}],"author":[{"embeddable":true,"href":"https:\/\/dekkbi.com\/index.php?rest_route=\/wp\/v2\/users\/1"}],"replies":[{"embeddable":true,"href":"https:\/\/dekkbi.com\/index.php?rest_route=%2Fwp%2Fv2%2Fcomments&post=56057"}],"version-history":[{"count":1,"href":"https:\/\/dekkbi.com\/index.php?rest_route=\/wp\/v2\/posts\/56057\/revisions"}],"predecessor-version":[{"id":56058,"href":"https:\/\/dekkbi.com\/index.php?rest_route=\/wp\/v2\/posts\/56057\/revisions\/56058"}],"wp:featuredmedia":[{"embeddable":true,"href":"https:\/\/dekkbi.com\/index.php?rest_route=\/wp\/v2\/media\/52469"}],"wp:attachment":[{"href":"https:\/\/dekkbi.com\/index.php?rest_route=%2Fwp%2Fv2%2Fmedia&parent=56057"}],"wp:term":[{"taxonomy":"category","embeddable":true,"href":"https:\/\/dekkbi.com\/index.php?rest_route=%2Fwp%2Fv2%2Fcategories&post=56057"},{"taxonomy":"post_tag","embeddable":true,"href":"https:\/\/dekkbi.com\/index.php?rest_route=%2Fwp%2Fv2%2Ftags&post=56057"}],"curies":[{"name":"wp","href":"https:\/\/api.w.org\/{rel}","templated":true}]}}