{"id":56040,"date":"2025-05-06T10:20:01","date_gmt":"2025-05-06T10:20:01","guid":{"rendered":"https:\/\/dekkbi.com\/?p=56040"},"modified":"2025-05-06T10:22:52","modified_gmt":"2025-05-06T10:22:52","slug":"petersen-le-mouvement-des-commercants-locaux-exprime-son-indignation-face-a-linaccessibilite-des-magasins-aux-senegalais","status":"publish","type":"post","link":"https:\/\/dekkbi.com\/?p=56040","title":{"rendered":"Petersen : le mouvement des commer\u00e7ants locaux exprime son indignation face \u00e0 l&rsquo;inaccessibilit\u00e9 des magasins aux S\u00e9n\u00e9galais"},"content":{"rendered":"\n<h3 class=\"wp-block-heading\">Le mouvement M6, repr\u00e9sentant les commer\u00e7ants locaux de Petersen, exprime son indignation face \u00e0 l&rsquo;inaccessibilit\u00e9 des magasins aux S\u00e9n\u00e9galais, domin\u00e9s par des commer\u00e7ants chinois. Le pr\u00e9sident Dame Badiane appelle \u00e0 une prise de conscience des autorit\u00e9s pour rem\u00e9dier \u00e0 cette situation jug\u00e9e injuste, tandis que l&rsquo;Unacois soutient cette lutte contre une concurrence per\u00e7ue comme d\u00e9loyale.<\/h3>\n\n\n\n<figure class=\"wp-block-embed is-type-rich is-provider-prise-en-charge-des-contenus-embarqu-s wp-block-embed-prise-en-charge-des-contenus-embarqu-s wp-embed-aspect-16-9 wp-has-aspect-ratio\"><div class=\"wp-block-embed__wrapper\">\n<iframe loading=\"lazy\" title=\"Petersen : les commer\u00e7ants locaux expriment leur indignation face \u00e0 l&#039;inaccessibilit\u00e9 des magasins\" width=\"800\" height=\"450\" src=\"https:\/\/www.youtube.com\/embed\/C68hf7fEwHc?feature=oembed\" frameborder=\"0\" allow=\"accelerometer; autoplay; clipboard-write; encrypted-media; gyroscope; picture-in-picture; web-share\" referrerpolicy=\"strict-origin-when-cross-origin\" allowfullscreen><\/iframe>\n<\/div><\/figure>\n\n\n\n<p>SOURCE LERAL<\/p>\n","protected":false},"excerpt":{"rendered":"<p>Le mouvement M6, repr\u00e9sentant les commer\u00e7ants locaux de Petersen, exprime son indignation face \u00e0 l&rsquo;inaccessibilit\u00e9 des magasins aux S\u00e9n\u00e9galais, domin\u00e9s<\/p>\n","protected":false},"author":1,"featured_media":56042,"comment_status":"open","ping_status":"open","sticky":false,"template":"","format":"standard","meta":{"footnotes":""},"categories":[26],"tags":[],"class_list":["post-56040","post","type-post","status-publish","format-standard","has-post-thumbnail","hentry","category-fait-divers"],"_links":{"self":[{"href":"https:\/\/dekkbi.com\/index.php?rest_route=\/wp\/v2\/posts\/56040","targetHints":{"allow":["GET"]}}],"collection":[{"href":"https:\/\/dekkbi.com\/index.php?rest_route=\/wp\/v2\/posts"}],"about":[{"href":"https:\/\/dekkbi.com\/index.php?rest_route=\/wp\/v2\/types\/post"}],"author":[{"embeddable":true,"href":"https:\/\/dekkbi.com\/index.php?rest_route=\/wp\/v2\/users\/1"}],"replies":[{"embeddable":true,"href":"https:\/\/dekkbi.com\/index.php?rest_route=%2Fwp%2Fv2%2Fcomments&post=56040"}],"version-history":[{"count":2,"href":"https:\/\/dekkbi.com\/index.php?rest_route=\/wp\/v2\/posts\/56040\/revisions"}],"predecessor-version":[{"id":56045,"href":"https:\/\/dekkbi.com\/index.php?rest_route=\/wp\/v2\/posts\/56040\/revisions\/56045"}],"wp:featuredmedia":[{"embeddable":true,"href":"https:\/\/dekkbi.com\/index.php?rest_route=\/wp\/v2\/media\/56042"}],"wp:attachment":[{"href":"https:\/\/dekkbi.com\/index.php?rest_route=%2Fwp%2Fv2%2Fmedia&parent=56040"}],"wp:term":[{"taxonomy":"category","embeddable":true,"href":"https:\/\/dekkbi.com\/index.php?rest_route=%2Fwp%2Fv2%2Fcategories&post=56040"},{"taxonomy":"post_tag","embeddable":true,"href":"https:\/\/dekkbi.com\/index.php?rest_route=%2Fwp%2Fv2%2Ftags&post=56040"}],"curies":[{"name":"wp","href":"https:\/\/api.w.org\/{rel}","templated":true}]}}