{"id":56001,"date":"2025-05-05T11:48:34","date_gmt":"2025-05-05T11:48:34","guid":{"rendered":"https:\/\/dekkbi.com\/?p=56001"},"modified":"2025-05-05T11:53:20","modified_gmt":"2025-05-05T11:53:20","slug":"leglise-retient-son-souffle-avant-le-debut-dun-conclave-tres-ouvert","status":"publish","type":"post","link":"https:\/\/dekkbi.com\/?p=56001","title":{"rendered":"Quelle direction pour l&rsquo;Eglise catholique? &#8211; L&rsquo;Eglise retient son souffle avant le d\u00e9but d&rsquo;un conclave tr\u00e8s ouvert"},"content":{"rendered":"\n<p>Par Cl\u00e9ment MELKI et Claire GALLEN \u00a9 2025 AFP &#8211;  A Rome et dans le monde, des millions de fid\u00e8les retiennent leur souffle avant l&rsquo;ouverture mercredi d&rsquo;un conclave \u00e0 l&rsquo;issue tr\u00e8s incertaine, lors duquel 133 cardinaux \u00e9liront le successeur du pape Fran\u00e7ois.<\/p>\n\n\n\n<p>Signe concret de la proximit\u00e9 du conclave: lundi matin, \u00e0 l&rsquo;aide d&rsquo;une grue mobile, des techniciens ont install\u00e9 sur le balcon de la basilique Saint-Pierre des rideaux rouges \u00e0 travers lesquels le pape \u00e9lu fera sa premi\u00e8re apparition publique.<\/p>\n\n\n\n<p>Comme presque tous les jours, les cardinaux se sont retrouv\u00e9s lundi matin en \u00ab\u00a0congr\u00e9gation g\u00e9n\u00e9rale\u00a0\u00bb, une r\u00e9union \u00e0 huis clos o\u00f9 ils dressent le portrait robot du successeur de Pierre et les priorit\u00e9s pour le prochain pontificat. Une rencontre suppl\u00e9mentaire a \u00e9t\u00e9 ajout\u00e9e lundi apr\u00e8s-midi, pour la premi\u00e8re fois depuis le d\u00e9c\u00e8s du pape.<\/p>\n\n\n\n<p>Participeront au conclave un nombre record de 133 cardinaux \u00e9lecteurs &#8211; ceux \u00e2g\u00e9s de moins de 80 ans -, qui s&rsquo;att\u00e8leront d\u00e8s mercredi \u00e0 la lourde t\u00e2che d&rsquo;\u00e9lire le successeur du pape Fran\u00e7ois, d\u00e9c\u00e9d\u00e9 le 21 avril \u00e0 88 ans. Un pape \u00ab\u00a0r\u00e9volutionnaire\u00a0\u00bb pour certains, dont le pontificat fut, pendant douze ans, marqu\u00e9 par une tr\u00e8s grande popularit\u00e9 mais aussi une farouche opposition interne.<\/p>\n\n\n\n<p>Des Italiens Pietro Parolin et Pierbattista Pizzaballa au Maltais Mario Grech en passant par l&rsquo;archev\u00eaque de Marseille Jean-Marc Aveline ou le Philippin Luis Antonio Tagle, plusieurs noms ont \u00e9merg\u00e9 parmi les \u00ab\u00a0papabili\u00a0\u00bb, consid\u00e9r\u00e9s comme favoris.<\/p>\n\n\n\n<p>Mais, \u00e0 l&rsquo;image de l&rsquo;\u00e9lection de Jorge Bergoglio en 2013, \u00ab\u00a0une surprise\u00a0\u00bb est aussi possible, pr\u00e9vient aupr\u00e8s de l&rsquo;AFP le vaticaniste italien Marco Politi, qui \u00e9voque \u00ab\u00a0le conclave le plus spectaculaire des cinquante derni\u00e8res ann\u00e9es\u00a0\u00bb.<\/p>\n\n\n\n<figure class=\"wp-block-image\"><img decoding=\"async\" src=\"https:\/\/information.tv5monde.com\/sites\/tv5-info\/files\/styles\/entete\/public\/2025-05\/field_media_image-2921642-f6c3111f9ab6a0f7ccb4837119696689b3bba15e.jpg?itok=vxmahNeG\" alt=\"Conclave : les lieux cl\u00e9s\" title=\"Conclave : les lieux cl\u00e9s\"\/><\/figure>\n\n\n\n<p>Infographie montrant les lieux cl\u00e9s au Vatican pour le conclave papal, pr\u00e9vu \u00e0 partir du 7 mai &#8211; AFP &#8211; Ioana PLESEA, David LORY<\/p>\n\n\n\n<p>Une mise en garde rappelant un dicton c\u00e9l\u00e8bre \u00e0 Rome: \u00ab\u00a0Qui entre pape au conclave en ressort cardinal\u00a0\u00bb.<\/p>\n\n\n\n<p>Au Vatican, les pr\u00e9paratifs battent leur plein depuis plusieurs jours: outre les rideaux rouges du balcon de Saint-Pierre, la chapelle Sixtine a \u00e9t\u00e9 ferm\u00e9e aux touristes et am\u00e9nag\u00e9e pour accueillir le c\u00e9r\u00e9monial h\u00e9rit\u00e9 du Moyen-\u00c2ge \u00e0 partir de mercredi &#8211; 16H30 (14H30 GMT) &#8211; dans le d\u00e9cor majestueux des fresques de Michel-Ange, dont l&rsquo;impressionnant Jugement Dernier.<\/p>\n\n\n\n<h2 class=\"wp-block-heading\">Streaming et paris en ligne<\/h2>\n\n\n\n<p>Les jours suivants, coup\u00e9s du monde, les cardinaux voteront quatre fois par jour &#8211; deux fois le matin, deux l&rsquo;apr\u00e8s-midi &#8211; \u00e0 bulletins secrets, qui seront ensuite br\u00fbl\u00e9s dans un po\u00eale.<\/p>\n\n\n\n<p>Le monde aura alors les yeux riv\u00e9s sur la chemin\u00e9e m\u00e9tallique per\u00e7ant le toit de la chapelle, d&rsquo;o\u00f9 \u00e9manera, tous les deux tours de scrutins, une fum\u00e9e blanche en cas d&rsquo;\u00e9lection, ou noire si la majorit\u00e9 des deux tiers &#8211; 89 voix &#8211; n&rsquo;est pas atteinte.<\/p>\n\n\n\n<p>Violences sexuelles, crise des vocations, place des femmes&#8230; Nombreux sont les d\u00e9fis attendant le 267e pape, \u00e0 la fois chef d&rsquo;Etat et boussole morale dans un monde en proie \u00e0 des conflits majeurs et marqu\u00e9 par la mont\u00e9e des gouvernements populistes, le d\u00e9veloppement de l&rsquo;intelligence artificielle et la crise \u00e9cologique.<\/p>\n\n\n\n<p>Couvert par quelque 5.000 journalistes, ce conclave suscite un int\u00e9r\u00eat in\u00e9dit dans le monde, bien au-del\u00e0 des sph\u00e8res religieuses, \u00e0 l&rsquo;image des millions d&rsquo;euros de paris sur l&rsquo;identit\u00e9 du prochain pape, du succ\u00e8s des jeux en ligne ou des records du film am\u00e9ricano-britannique Conclave, avec Ralph Fiennes, sorti en 2024.<\/p>\n\n\n\n<figure class=\"wp-block-image\"><img decoding=\"async\" src=\"https:\/\/information.tv5monde.com\/sites\/tv5-info\/files\/styles\/entete\/public\/2025-05\/field_media_image-2921644-fce811fd451f28009b5b1417745bf81d71b5f08d.jpg?itok=F_Tzv81f\" alt=\"Le conclave\" title=\"Le conclave\"\/><\/figure>\n\n\n\n<p>Infographie expliquant le processus d&rsquo;\u00e9lection d&rsquo;un nouveau pape dans l&rsquo;\u00c9glise catholique<\/p>\n\n\n\n<p>AFP<\/p>\n\n\n\n<p>Christophe THALABOT, Ioana PLESEA, Gal ROMA<\/p>\n\n\n\n<p>Pour le cardinal Jean-Paul Vesco, archev\u00eaque d&rsquo;Alger, la ligne de fracture entre cardinaux \u00ab\u00a0n&rsquo;est ni Nord-Sud, ni fonction des p\u00e9riph\u00e9ries\u00a0\u00bb, mais s&rsquo;articule plut\u00f4t entre \u00ab\u00a0ceux qui jugent n\u00e9cessaire de recadrer les choses et d&rsquo;autres qui appellent \u00e0 poursuivre le chantier\u00a0\u00bb, a-t-il confi\u00e9 \u00e0 l&rsquo;AFP.<\/p>\n\n\n\n<p>Face aux profondes divisions traversant l&rsquo;Eglise, \u00ab\u00a0on peut dire ironiquement qu&rsquo;il y a le choix entre un pape qui freine et un pape qui avance tr\u00e8s lentement. Car on le sait, il n&rsquo;y aura pas de Fran\u00e7ois II\u00a0\u00bb, pr\u00e9dit Marco Politi.<\/p>\n\n\n\n<p>Devant les profondes divisions que traverse l&rsquo;Eglise, le prochain pape devra \u00eatre une figure de \u00ab\u00a0consensus\u00a0\u00bb capable de \u00ab\u00a0raccommoder\u00a0\u00bb les diff\u00e9rents courants \u00e0 travers davantage de coll\u00e9gialit\u00e9, estime-t-il.<\/p>\n","protected":false},"excerpt":{"rendered":"<p>Par Cl\u00e9ment MELKI et Claire GALLEN \u00a9 2025 AFP &#8211; A Rome et dans le monde, des millions de fid\u00e8les<\/p>\n","protected":false},"author":1,"featured_media":56002,"comment_status":"open","ping_status":"open","sticky":false,"template":"","format":"standard","meta":{"footnotes":""},"categories":[51],"tags":[],"class_list":["post-56001","post","type-post","status-publish","format-standard","has-post-thumbnail","hentry","category-general"],"_links":{"self":[{"href":"https:\/\/dekkbi.com\/index.php?rest_route=\/wp\/v2\/posts\/56001","targetHints":{"allow":["GET"]}}],"collection":[{"href":"https:\/\/dekkbi.com\/index.php?rest_route=\/wp\/v2\/posts"}],"about":[{"href":"https:\/\/dekkbi.com\/index.php?rest_route=\/wp\/v2\/types\/post"}],"author":[{"embeddable":true,"href":"https:\/\/dekkbi.com\/index.php?rest_route=\/wp\/v2\/users\/1"}],"replies":[{"embeddable":true,"href":"https:\/\/dekkbi.com\/index.php?rest_route=%2Fwp%2Fv2%2Fcomments&post=56001"}],"version-history":[{"count":2,"href":"https:\/\/dekkbi.com\/index.php?rest_route=\/wp\/v2\/posts\/56001\/revisions"}],"predecessor-version":[{"id":56004,"href":"https:\/\/dekkbi.com\/index.php?rest_route=\/wp\/v2\/posts\/56001\/revisions\/56004"}],"wp:featuredmedia":[{"embeddable":true,"href":"https:\/\/dekkbi.com\/index.php?rest_route=\/wp\/v2\/media\/56002"}],"wp:attachment":[{"href":"https:\/\/dekkbi.com\/index.php?rest_route=%2Fwp%2Fv2%2Fmedia&parent=56001"}],"wp:term":[{"taxonomy":"category","embeddable":true,"href":"https:\/\/dekkbi.com\/index.php?rest_route=%2Fwp%2Fv2%2Fcategories&post=56001"},{"taxonomy":"post_tag","embeddable":true,"href":"https:\/\/dekkbi.com\/index.php?rest_route=%2Fwp%2Fv2%2Ftags&post=56001"}],"curies":[{"name":"wp","href":"https:\/\/api.w.org\/{rel}","templated":true}]}}