{"id":55994,"date":"2025-05-05T11:31:33","date_gmt":"2025-05-05T11:31:33","guid":{"rendered":"https:\/\/dekkbi.com\/?p=55994"},"modified":"2025-05-05T11:31:33","modified_gmt":"2025-05-05T11:31:33","slug":"lonu-prepare-une-reforme-radicale-de-son-fonctionnement-face-aux-contraintes-budgetaires","status":"publish","type":"post","link":"https:\/\/dekkbi.com\/?p=55994","title":{"rendered":"L&rsquo;ONU pr\u00e9pare une r\u00e9forme radicale de son fonctionnement face aux contraintes budg\u00e9taires"},"content":{"rendered":"\n<p>L\u2019ONU se pr\u00e9pare \u00e0 une r\u00e9organisation majeure, selon un m\u00e9mo qui a r\u00e9cemment fuit\u00e9. Cette r\u00e9v\u00e9lation inqui\u00e8te tout le personnel des Nations unies, de New York \u00e0 Gen\u00e8ve, o\u00f9 500 fonctionnaires ont m\u00eame manifest\u00e9, jeudi 1er mai.&nbsp;<\/p>\n\n\n\n<p><strong><em>Avec Carrie Nooten <\/em>, <em>correspondante  RFI \u00e0 New York,<\/em><\/strong><\/p>\n\n\n\n<p>Si toutes les suggestions d\u00e9taill\u00e9es dans la note qui a fuit\u00e9 r\u00e9v\u00e9lant la volont\u00e9 de l\u2019ONU de r\u00e9organiser l\u2019entit\u00e9 sont adopt\u00e9es, ce pourrait \u00eatre la r\u00e9forme la plus radicale pr\u00e9sent\u00e9e depuis des d\u00e9cennies. Il y aura un vrai mouvement de rationalisation pour \u00e9viter les doublons &#8211; et les dizaines d&rsquo;agences de l&rsquo;<strong><a href=\"https:\/\/www.rfi.fr\/fr\/tag\/onu\/\">ONU<\/a><\/strong>&nbsp;seront dispatch\u00e9es sous quatre d\u00e9partements principaux : paix et s\u00e9curit\u00e9, affaires humanitaires, d\u00e9veloppement durable et droits de l\u2019homme.<\/p>\n\n\n\n<p>Une des options pr\u00e9voit notamment que les op\u00e9rations du Programme alimentaire mondial, de l\u2019Unicef, de l\u2019Organisation mondiale de la sant\u00e9 et du Haut-Commissariat pour les r\u00e9fugi\u00e9s soient fusionn\u00e9s au sein d\u2019une seule et m\u00eame agence.<\/p>\n\n\n\n<p>Ce document pointe aussi les d\u00e9fis syst\u00e9miques qui mettent en p\u00e9ril le bon \u00e9quilibre de l\u2019organisation, comme les probl\u00e8mes de financements car il y a de moins en moins d\u2019argent vers\u00e9 par les pays membres \u00e0 l\u2019ONU. L\u2019administration Trump, par exemple, pr\u00e9voit de supprimer toute sa contribution, selon la fuite d\u2019un autre m\u00e9mo du d\u00e9partement d\u2019\u00c9tat am\u00e9ricain. Cela repr\u00e9sente 25% du budget total de l\u2019organisation. D\u2019autre part, les Nations unies ont de plus en plus de travail puisque le Conseil de s\u00e9curit\u00e9 multiplie les mandats.<\/p>\n\n\n\n<h2 class=\"wp-block-heading\">\u00ab&nbsp;<em>Nous sommes tr\u00e8s inquiets \u00bb<\/em><\/h2>\n\n\n\n<p>Une situation contre laquelle l\u2019ONU se d\u00e9bat depuis plusieurs ann\u00e9es. Le porte-parole St\u00e9phane Dujarric n\u2019a pas pu cacher vendredi l\u2019inqui\u00e9tude de son patron,\u00a0<strong>Antonio Guterres<\/strong>. \u00ab\u00a0<em>Nous sommes tr\u00e8s inquiets. Je pense que vous pouvez observer ce qu&rsquo;il a fait pour g\u00e9rer la crise de liquidit\u00e9s qui n&rsquo;est pas due \u00e0 des coupes budg\u00e9taires mais au fait que les \u00c9tats membres paient de plus en plus tard, voire pas du tout\u00a0<\/em>\u00bb, a-t-il d\u00e9clar\u00e9.<\/p>\n\n\n\n<p>Et d&rsquo;ajouter : \u00ab&nbsp;<em>Il s&rsquo;est beaucoup concentr\u00e9 sur cela, s&rsquo;assurant que nous puissions poursuivre notre travail et que nos employ\u00e9s puissent conserver leurs emplois. Il a un devoir envers le personnel et se soucie des fonds que cette organisation doit g\u00e9rer<\/em>. \u00bb<\/p>\n\n\n\n<h2 class=\"wp-block-heading\">Baisse des effectifs<\/h2>\n\n\n\n<p>Et les effets de ces difficult\u00e9s se font d\u00e9j\u00e0 sentir car les agences de l\u2019ONU ont \u00e9t\u00e9 oblig\u00e9es de prendre les devants. Le bureau des affaires humanitaires (Ocha) a d\u00e9j\u00e0 annonc\u00e9 couper 20% de ses effectifs. L&rsquo;Unicef pr\u00e9voit de r\u00e9duire son budget de 20%, tandis que l&rsquo;Organisation internationale pour les migrations (OIM) s\u2019attend \u00e0 une baisse de 30% de son budget, ce qui affectera 6 000 emplois. Et puis une partie du si\u00e8ge de l\u2019ONU va \u00eatre d\u00e9m\u00e9nag\u00e9e \u00e0 Nairobi, au\u00a0<strong>Kenya,<\/strong>\u00a0pour faire des \u00e9conomies.<\/p>\n\n\n\n<p>Toutefois, rien ne se fera sans l\u2019accord des 193 pays membres. Antonio Guterres n\u2019est pas le dirigeant de l\u2019ONU comme il se pla\u00eet \u00e0 le rappeler, il est le chef de l\u2019administration charg\u00e9e de mettre en \u0153uvre les d\u00e9cisions des pays membres, et en particulier les d\u00e9cisions du Conseil de s\u00e9curit\u00e9.<\/p>\n\n\n\n<p>Le groupe de travail planche encore en ce moment sur d\u2019autres solutions \u00e0 pr\u00e9senter aux pays membres d\u2019ici quelques semaines.<\/p>\n","protected":false},"excerpt":{"rendered":"<p>L\u2019ONU se pr\u00e9pare \u00e0 une r\u00e9organisation majeure, selon un m\u00e9mo qui a r\u00e9cemment fuit\u00e9. Cette r\u00e9v\u00e9lation inqui\u00e8te tout le personnel<\/p>\n","protected":false},"author":1,"featured_media":55995,"comment_status":"open","ping_status":"open","sticky":false,"template":"","format":"standard","meta":{"footnotes":""},"categories":[51],"tags":[],"class_list":["post-55994","post","type-post","status-publish","format-standard","has-post-thumbnail","hentry","category-general"],"_links":{"self":[{"href":"https:\/\/dekkbi.com\/index.php?rest_route=\/wp\/v2\/posts\/55994","targetHints":{"allow":["GET"]}}],"collection":[{"href":"https:\/\/dekkbi.com\/index.php?rest_route=\/wp\/v2\/posts"}],"about":[{"href":"https:\/\/dekkbi.com\/index.php?rest_route=\/wp\/v2\/types\/post"}],"author":[{"embeddable":true,"href":"https:\/\/dekkbi.com\/index.php?rest_route=\/wp\/v2\/users\/1"}],"replies":[{"embeddable":true,"href":"https:\/\/dekkbi.com\/index.php?rest_route=%2Fwp%2Fv2%2Fcomments&post=55994"}],"version-history":[{"count":1,"href":"https:\/\/dekkbi.com\/index.php?rest_route=\/wp\/v2\/posts\/55994\/revisions"}],"predecessor-version":[{"id":55996,"href":"https:\/\/dekkbi.com\/index.php?rest_route=\/wp\/v2\/posts\/55994\/revisions\/55996"}],"wp:featuredmedia":[{"embeddable":true,"href":"https:\/\/dekkbi.com\/index.php?rest_route=\/wp\/v2\/media\/55995"}],"wp:attachment":[{"href":"https:\/\/dekkbi.com\/index.php?rest_route=%2Fwp%2Fv2%2Fmedia&parent=55994"}],"wp:term":[{"taxonomy":"category","embeddable":true,"href":"https:\/\/dekkbi.com\/index.php?rest_route=%2Fwp%2Fv2%2Fcategories&post=55994"},{"taxonomy":"post_tag","embeddable":true,"href":"https:\/\/dekkbi.com\/index.php?rest_route=%2Fwp%2Fv2%2Ftags&post=55994"}],"curies":[{"name":"wp","href":"https:\/\/api.w.org\/{rel}","templated":true}]}}