{"id":55991,"date":"2025-05-05T11:24:32","date_gmt":"2025-05-05T11:24:32","guid":{"rendered":"https:\/\/dekkbi.com\/?p=55991"},"modified":"2025-05-05T11:24:32","modified_gmt":"2025-05-05T11:24:32","slug":"france-une-semaine-tres-europeenne-pour-emmanuel-macron","status":"publish","type":"post","link":"https:\/\/dekkbi.com\/?p=55991","title":{"rendered":"France: une semaine tr\u00e8s europ\u00e9enne pour Emmanuel Macron"},"content":{"rendered":"\n<p>Emmanuel Macron et Ursula von der Leyen participent lundi 5 mai \u00e0 la Sorbonne \u00e0 la conf\u00e9rence \u00ab&nbsp;Choose Europe for Science&nbsp;\u00bb. \u00c0 l&rsquo;image des sommets \u00ab&nbsp;Choose France&nbsp;\u00bb lanc\u00e9s par le chef de l&rsquo;\u00c9tat pour attirer les entrepreneurs, cette initiative vise \u00e0 appeler les scientifiques \u00e0 venir en Europe au moment o\u00f9 ils font l&rsquo;objet de menaces aux \u00c9tats-Unis. Il s&rsquo;agit de la premi\u00e8re s\u00e9quence d&rsquo;une semaine tr\u00e8s europ\u00e9enne pour Emmanuel Macron.<\/p>\n\n\n\n<p>Par : Val\u00e9rie Gas &#8211; SOURCE RFI<\/p>\n\n\n\n<p><strong>Ursula von der Leyen<\/strong>\u00a0ce lundi 5 mai, Friedrich Merz le 7 mai et Donald Tusk le 9 mai. Trois interlocuteurs pour trois rendez-vous destin\u00e9s \u00e0 afficher l&rsquo;ambition europ\u00e9enne d&rsquo;<strong>Emmanuel Macron<\/strong>. Avec la pr\u00e9sidente de la Commission de Bruxelles, le chef de l&rsquo;\u00c9tat veut acc\u00e9l\u00e9rer l\u2019agenda europ\u00e9en de comp\u00e9titivit\u00e9 et de souverainet\u00e9 depuis\u00a0la Sorbonne, l\u00e0 o\u00f9 il avait fait son grand discours sur l&rsquo;Europe en 2017.<\/p>\n\n\n\n<p>Avec le nouveau chancelier allemand, qui \u00e0 peine investi va venir \u00e0 Paris et dont la relation avec le pr\u00e9sident de la R\u00e9publique est d\u00e9crite par l&rsquo;\u00c9lys\u00e9e comme \u00ab<em>&nbsp;approfondie, sinc\u00e8re et op\u00e9rationnelle<\/em>&nbsp;\u00bb, Emmanuel Macron veut \u00ab&nbsp;<em>retrouver le r\u00e9flexe franco-allemand<\/em>&nbsp;\u00bb un peu perdu avec Olaf Scholz.<\/p>\n\n\n\n<p>Avec le Premier ministre polonais, qu&rsquo;il va recevoir \u00e0 Nancy, Emmanuel Macron veut renforcer le lien bilat\u00e9ral en signant un trait\u00e9 d&rsquo;amiti\u00e9 et de coop\u00e9ration sur le mod\u00e8le de ceux qui lient la France \u00e0 l&rsquo;Allemagne, l&rsquo;Italie ou l&rsquo;Espagne. Au moment o\u00f9 le sort de l\u2019Ukraine est toujours suspendu aux n\u00e9gociations entre les \u00c9tats-Unis et la Russie, Emmanuel Macron entend resserrer les liens notamment en mati\u00e8re de d\u00e9fense avec le plus grand pays d&rsquo;Europe orientale.<\/p>\n\n\n\n<p>Trois s\u00e9quences et un objectif :&nbsp;montrer qu&rsquo;Emmanuel Macron veut plus que jamais porter le projet europ\u00e9en.<\/p>\n\n\n\n<p>L&rsquo;Europe donne rendez-vous au monde de la recherche<\/p>\n\n\n\n<p>Un lieu prestigieux&nbsp;: l&rsquo;universit\u00e9 de la Sorbonne, la pr\u00e9sence d&rsquo;Emmanuel Macron et d&rsquo;Ursula von der Leyen, des pr\u00e9sidents d&rsquo;universit\u00e9s europ\u00e9ennes r\u00e9unis&#8230; Le message que la France et l&rsquo;Europe veulent envoyer aux chercheurs \u00e9trangers est clair&nbsp;: \u00ab Venez travailler chez nous !&nbsp;\u00bb.&nbsp;Le pr\u00e9sident avait annonc\u00e9 la tenue de la conf\u00e9rence \u00e0 la mi-avril, au moment o\u00f9 \u00e9tait lanc\u00e9e une plateforme Choose France for Science. Avant l&rsquo;annonce d&rsquo;une initiative similaire du Centre national de la recherche fran\u00e7aise (CNRS), premier organisme europ\u00e9en en nombre de chercheurs.<\/p>\n\n\n\n<p>Selon l&rsquo;\u00c9lys\u00e9e, l&rsquo;enjeu est de montrer l&rsquo;attractivit\u00e9 du vieux continent \u00e0 l&rsquo;heure o\u00f9 la libert\u00e9 acad\u00e9mique est attaqu\u00e9e aux \u00c9tats-Unis par la nouvelle administration Trump. Autrefois paradis de la recherche, de plus en plus de chercheurs, jeunes et moins jeunes, envisagent de quitter le pays.<\/p>\n\n\n\n<p>Pour les attirer, le pr\u00e9sident fran\u00e7ais et celle de la commission europ\u00e9enne pr\u00e9sentent donc un programme d&rsquo;accueil dont les contours restent encore flous. La conf\u00e9rence m\u00eale annonces concr\u00e8tes et r\u00e9flexions sur l&rsquo;avenir. Des cr\u00e9dits et des montants seront annonc\u00e9s pr\u00e9cisent les organisateurs. On connait cependant la cible. Les chercheurs travaillant dans des domaines d\u00e9j\u00e0 identifi\u00e9s comme l&rsquo;intelligence artificielle, l&rsquo;informatique quantique ou les technologies de d\u00e9carbonation sont vis\u00e9s.<em>&nbsp;A priori<\/em>, rien en revanche pour les sciences humaines et sociales, pourtant parmi les plus touch\u00e9es par l&rsquo;offensive contre la recherche acad\u00e9mique lanc\u00e9e aux \u00c9tats-Unis.<\/p>\n\n\n\n<p>La plateforme Choose France for Science indique que l&rsquo;\u00c9tat pourrait abonder jusqu&rsquo;\u00e0 50% de certains projets de recherche, au m\u00e9rite. Mais les op\u00e9rateurs attendent une annonce sur l&rsquo;enveloppe globale qui sera allou\u00e9e. L&rsquo;initiative fait grincer les dents des syndicats fran\u00e7ais de l&rsquo;enseignement sup\u00e9rieur et de la recherche qui la jugent \u00ab<em>&nbsp;choquante, voire ind\u00e9cente<\/em>&nbsp;\u00bb.<\/p>\n\n\n\n<p>Rien n&rsquo;a encore filtr\u00e9 d&rsquo;\u00e9ventuelles mesures que pourrait annoncer Ursula von der Leyen, qui a fait savoir mardi que Bruxelles ferait des \u00ab&nbsp;<em>propositions pour aider les scientifiques et les chercheurs \u00e0<\/em>&nbsp;\u00ab\u00a0Choisir l&rsquo;Europe\u00a0\u00bb&nbsp;\u00bb.<\/p>\n\n\n\n<p>Il s&rsquo;agit de rendre plus attractifs la France et le Vieux Continent, o\u00f9 les r\u00e9mun\u00e9rations et les montants consacr\u00e9s aux chercheurs et \u00e0 la recherche sont tr\u00e8s en de\u00e7\u00e0 des \u00c9tats-Unis. M\u00eame si le continent dispose d&rsquo;atouts ind\u00e9niables en la mati\u00e8re, que ce soit dans la qualit\u00e9 de ses infrastructures de recherche pour leurs travaux ou dans le cadre d&rsquo;accueil pour leurs familles.<\/p>\n","protected":false},"excerpt":{"rendered":"<p>Emmanuel Macron et Ursula von der Leyen participent lundi 5 mai \u00e0 la Sorbonne \u00e0 la conf\u00e9rence \u00ab&nbsp;Choose Europe for<\/p>\n","protected":false},"author":1,"featured_media":49917,"comment_status":"open","ping_status":"open","sticky":false,"template":"","format":"standard","meta":{"footnotes":""},"categories":[51],"tags":[],"class_list":["post-55991","post","type-post","status-publish","format-standard","has-post-thumbnail","hentry","category-general"],"_links":{"self":[{"href":"https:\/\/dekkbi.com\/index.php?rest_route=\/wp\/v2\/posts\/55991","targetHints":{"allow":["GET"]}}],"collection":[{"href":"https:\/\/dekkbi.com\/index.php?rest_route=\/wp\/v2\/posts"}],"about":[{"href":"https:\/\/dekkbi.com\/index.php?rest_route=\/wp\/v2\/types\/post"}],"author":[{"embeddable":true,"href":"https:\/\/dekkbi.com\/index.php?rest_route=\/wp\/v2\/users\/1"}],"replies":[{"embeddable":true,"href":"https:\/\/dekkbi.com\/index.php?rest_route=%2Fwp%2Fv2%2Fcomments&post=55991"}],"version-history":[{"count":1,"href":"https:\/\/dekkbi.com\/index.php?rest_route=\/wp\/v2\/posts\/55991\/revisions"}],"predecessor-version":[{"id":55992,"href":"https:\/\/dekkbi.com\/index.php?rest_route=\/wp\/v2\/posts\/55991\/revisions\/55992"}],"wp:featuredmedia":[{"embeddable":true,"href":"https:\/\/dekkbi.com\/index.php?rest_route=\/wp\/v2\/media\/49917"}],"wp:attachment":[{"href":"https:\/\/dekkbi.com\/index.php?rest_route=%2Fwp%2Fv2%2Fmedia&parent=55991"}],"wp:term":[{"taxonomy":"category","embeddable":true,"href":"https:\/\/dekkbi.com\/index.php?rest_route=%2Fwp%2Fv2%2Fcategories&post=55991"},{"taxonomy":"post_tag","embeddable":true,"href":"https:\/\/dekkbi.com\/index.php?rest_route=%2Fwp%2Fv2%2Ftags&post=55991"}],"curies":[{"name":"wp","href":"https:\/\/api.w.org\/{rel}","templated":true}]}}