{"id":55976,"date":"2025-05-05T10:55:41","date_gmt":"2025-05-05T10:55:41","guid":{"rendered":"https:\/\/dekkbi.com\/?p=55976"},"modified":"2025-05-05T10:55:42","modified_gmt":"2025-05-05T10:55:42","slug":"vol-dakar-abidjan-plus-de-11-heures-de-retard-les-passagers-dair-senegal-haussent-le-ton","status":"publish","type":"post","link":"https:\/\/dekkbi.com\/?p=55976","title":{"rendered":"Vol Dakar-Abidjan : Plus de 11 heures de retard, les passagers d\u2019Air S\u00e9n\u00e9gal haussent le ton"},"content":{"rendered":"\n<p>Ce dimanche matin, les passagers du vol Dakar-Abidjan d\u2019Air S\u00e9n\u00e9gal ont v\u00e9cu une m\u00e9saventure qui restera longtemps grav\u00e9e dans leurs m\u00e9moires. Pr\u00e9vu initialement \u00e0 8h 00, le vol n\u2019a finalement d\u00e9coll\u00e9 qu\u2019\u00e0 19h25, soit plus de 11 heures de retard, sans communication claire, selon les t\u00e9moignages recueillis sur place, rapporte iGFM.<\/p>\n\n\n\n<p>Nombreux sont les voyageurs qui ont exprim\u00e9 leur ras-le-bol face \u00e0 ce qu\u2019ils qualifient de \u00ab\u00a0n\u00e9gligence r\u00e9p\u00e9t\u00e9e\u00a0\u00bb de la compagnie nationale. \u00ab<em>&nbsp;Nous sommes rest\u00e9s dans le hall sans explication ni prise en charge digne de ce nom. Ce genre de traitement est inadmissible<\/em>&nbsp;\u00bb, d\u00e9nonce un passager joint par t\u00e9l\u00e9phone.<\/p>\n\n\n\n<p>L\u2019attente prolong\u00e9e a suscit\u00e9 une grogne g\u00e9n\u00e9rale \u00e0 l\u2019AIBD, o\u00f9 les voyageurs ont interpell\u00e9 les autorit\u00e9s de l\u2019aviation civile, tout en prenant \u00e0 t\u00e9moin l\u2019opinion publique. \u00ab<em>&nbsp;J\u2019ai Air senegal dans le c\u0153ur en tant que Senegalais, mais trop, c\u2019est trop. Si rien ne change, ce genre de situation se reproduira plus&nbsp;<\/em>\u00bb, ajoute notre interlocuteur m\u00e9content.<\/p>\n\n\n\n<p>Ce nouveau dysfonctionnement de la compagnie Air S\u00e9n\u00e9gal relance le d\u00e9bat sur la qualit\u00e9 du service, la gestion des retards et le respect des droits des passagers.<\/p>\n\n\n\n<p>Mame Fatou K\u00e9b\u00e9<br>SOURCE LERAL<\/p>\n","protected":false},"excerpt":{"rendered":"<p>Ce dimanche matin, les passagers du vol Dakar-Abidjan d\u2019Air S\u00e9n\u00e9gal ont v\u00e9cu une m\u00e9saventure qui restera longtemps grav\u00e9e dans leurs<\/p>\n","protected":false},"author":1,"featured_media":41579,"comment_status":"open","ping_status":"open","sticky":false,"template":"","format":"standard","meta":{"footnotes":""},"categories":[21],"tags":[],"class_list":["post-55976","post","type-post","status-publish","format-standard","has-post-thumbnail","hentry","category-societe"],"_links":{"self":[{"href":"https:\/\/dekkbi.com\/index.php?rest_route=\/wp\/v2\/posts\/55976","targetHints":{"allow":["GET"]}}],"collection":[{"href":"https:\/\/dekkbi.com\/index.php?rest_route=\/wp\/v2\/posts"}],"about":[{"href":"https:\/\/dekkbi.com\/index.php?rest_route=\/wp\/v2\/types\/post"}],"author":[{"embeddable":true,"href":"https:\/\/dekkbi.com\/index.php?rest_route=\/wp\/v2\/users\/1"}],"replies":[{"embeddable":true,"href":"https:\/\/dekkbi.com\/index.php?rest_route=%2Fwp%2Fv2%2Fcomments&post=55976"}],"version-history":[{"count":1,"href":"https:\/\/dekkbi.com\/index.php?rest_route=\/wp\/v2\/posts\/55976\/revisions"}],"predecessor-version":[{"id":55977,"href":"https:\/\/dekkbi.com\/index.php?rest_route=\/wp\/v2\/posts\/55976\/revisions\/55977"}],"wp:featuredmedia":[{"embeddable":true,"href":"https:\/\/dekkbi.com\/index.php?rest_route=\/wp\/v2\/media\/41579"}],"wp:attachment":[{"href":"https:\/\/dekkbi.com\/index.php?rest_route=%2Fwp%2Fv2%2Fmedia&parent=55976"}],"wp:term":[{"taxonomy":"category","embeddable":true,"href":"https:\/\/dekkbi.com\/index.php?rest_route=%2Fwp%2Fv2%2Fcategories&post=55976"},{"taxonomy":"post_tag","embeddable":true,"href":"https:\/\/dekkbi.com\/index.php?rest_route=%2Fwp%2Fv2%2Ftags&post=55976"}],"curies":[{"name":"wp","href":"https:\/\/api.w.org\/{rel}","templated":true}]}}