{"id":55966,"date":"2025-05-05T10:37:27","date_gmt":"2025-05-05T10:37:27","guid":{"rendered":"https:\/\/dekkbi.com\/?p=55966"},"modified":"2025-05-05T10:56:44","modified_gmt":"2025-05-05T10:56:44","slug":"tambacounda-moustapha-guirassy-apres-avoir-rendu-visite-aux-eleves-blesses-indignation-desolation-et-tristesse","status":"publish","type":"post","link":"https:\/\/dekkbi.com\/?p=55966","title":{"rendered":"Tambacounda \u2013 apr\u00e8s avoir rendu visite aux \u00e9l\u00e8ves bless\u00e9s : \u00abIndignation, d\u00e9solation et tristesse\u00bb"},"content":{"rendered":"\n<p><strong>Indignation, d\u00e9solation et tristesse. Ce sont les mots que le Ministre de l\u2019\u00e9ducation nationale (Men) a utilis\u00e9s pour manifester son ressenti apr\u00e8s avoir rendu visite aux \u00e9l\u00e8ves bless\u00e9s lors d\u2019un accident et \u00e9vacu\u00e9s au Chu de Tamba. Moustapha Guirassy s\u2019est dit profond\u00e9ment atterr\u00e9 par la trag\u00e9die qui a touch\u00e9 le coll\u00e8ge de Sar\u00e9 Coly Sal\u00e9, un \u00e9tablissement situ\u00e9 dans la circonscription de V\u00e9lingara. Le drame a fait deux morts et plusieurs bless\u00e9s graves.<\/strong><\/p>\n\n\n\n<p>&nbsp;Ce dimanche n\u2019aura pas \u00e9t\u00e9 de tout repos pour le ministre de l\u2019Education nationale. Un de ses \u00e9tablissements a \u00e9t\u00e9 touch\u00e9 par un accident d\u2019une tr\u00e8s rare violence. Il s\u2019agit du Coll\u00e8ge d\u2019enseignement moyen de Sar\u00e9 Coly Sal\u00e9, situ\u00e9 dans la circonscription \u00e9ducative de V\u00e9lingara, dont les \u00e9l\u00e8ves ont subi un gros choc ce samedi. Deux pertes en vie humaine ont \u00e9t\u00e9 d\u00e9nombr\u00e9es&nbsp;: il s\u2019agit d\u2019un \u00e9l\u00e8ve et du chauffeur de leur v\u00e9hicule entr\u00e9 en collision avec un camion. \u00abNous sommes ici pour rendre visite aux bless\u00e9s, leur apporter le soutien n\u00e9cessaire et compatir \u00e0 la douleur des familles, a prononc\u00e9 Mous\u00adtapha Guirassy. Nous les avons rencontr\u00e9s et avons \u00e9chang\u00e9 avec le personnel m\u00e9dical. Ce dernier nous a d\u2019ailleurs rassur\u00e9s quant \u00e0 leur prise en charge. Ils sont bien suivis et bien pris en charge.\u00bb Aux parents et autres accompagnants, il a tenu \u00e0 pr\u00e9ciser qu\u2019il s\u2019occupera de tout le n\u00e9cessaire relatif \u00e0 leur prise en charge. \u00abD\u00e9j\u00e0, rel\u00e8ve-t-il, la Premi\u00e8re Dame m\u2019a appel\u00e9 par t\u00e9l\u00e9phone d\u00e8s les premi\u00e8res heures du drame pour s\u2019enqu\u00e9rir de la situation des \u00e9l\u00e8ves. Profond\u00e9ment attach\u00e9e \u00e0 tout ce qui touche l\u2019\u00e9cole, je demeure convaincu quant \u00e0 son implication dans la prise en charge des bless\u00e9s et m\u00eame des personnes d\u00e9c\u00e9d\u00e9es\u00bb, esp\u00e8re Moustapha Guirassy.<\/p>\n\n\n\n<p>Apr\u00e8s Tambacounda, le ministre promet de se rendre \u00e0 Sar\u00e9 Coly Sal\u00e9, localit\u00e9 o\u00f9 habitent les \u00e9l\u00e8ves. Une occasion pour lui de pr\u00e9senter les condol\u00e9ances de l\u2019Etat de mani\u00e8re g\u00e9n\u00e9rale, du gouvernement et du d\u00e9partement minist\u00e9riel qu\u2019il dirige. \u00abCe qui s\u2019est pass\u00e9 est tr\u00e8s dur, a not\u00e9 le ministre. Cependant, il y a une part de responsabilit\u00e9 de l\u2019homme.\u00bb D\u2019o\u00f9 son appel \u00e0 plus de prudence et de responsabilit\u00e9 sur les routes. \u00abIl faut avoir du respect pour les autres. Il faut beaucoup plus de responsabilit\u00e9, de prudence et surtout de civisme sur les routes, insiste Moustapha Guirassy. Aucune richesse ne pourra \u00eatre b\u00e2tie si elle n\u2019est pas adoss\u00e9e aux valeurs civiques. Et c\u2019est tout le sens de la transformation \u00e9ducative de l\u2019\u00e9cole en une soci\u00e9t\u00e9 \u00e9ducative. Chacun doit participer \u00e0 l\u2019effort d\u2019\u00e9ducation\u00bb, exhorte le Men.<\/p>\n\n\n\n<p><strong>Par Abdoulaye FALL \u2013<\/strong> <strong>afall@lequotidien.sn<\/strong><\/p>\n","protected":false},"excerpt":{"rendered":"<p>Indignation, d\u00e9solation et tristesse. Ce sont les mots que le Ministre de l\u2019\u00e9ducation nationale (Men) a utilis\u00e9s pour manifester son<\/p>\n","protected":false},"author":1,"featured_media":39656,"comment_status":"open","ping_status":"open","sticky":false,"template":"","format":"standard","meta":{"footnotes":""},"categories":[21],"tags":[],"class_list":["post-55966","post","type-post","status-publish","format-standard","has-post-thumbnail","hentry","category-societe"],"_links":{"self":[{"href":"https:\/\/dekkbi.com\/index.php?rest_route=\/wp\/v2\/posts\/55966","targetHints":{"allow":["GET"]}}],"collection":[{"href":"https:\/\/dekkbi.com\/index.php?rest_route=\/wp\/v2\/posts"}],"about":[{"href":"https:\/\/dekkbi.com\/index.php?rest_route=\/wp\/v2\/types\/post"}],"author":[{"embeddable":true,"href":"https:\/\/dekkbi.com\/index.php?rest_route=\/wp\/v2\/users\/1"}],"replies":[{"embeddable":true,"href":"https:\/\/dekkbi.com\/index.php?rest_route=%2Fwp%2Fv2%2Fcomments&post=55966"}],"version-history":[{"count":3,"href":"https:\/\/dekkbi.com\/index.php?rest_route=\/wp\/v2\/posts\/55966\/revisions"}],"predecessor-version":[{"id":55979,"href":"https:\/\/dekkbi.com\/index.php?rest_route=\/wp\/v2\/posts\/55966\/revisions\/55979"}],"wp:featuredmedia":[{"embeddable":true,"href":"https:\/\/dekkbi.com\/index.php?rest_route=\/wp\/v2\/media\/39656"}],"wp:attachment":[{"href":"https:\/\/dekkbi.com\/index.php?rest_route=%2Fwp%2Fv2%2Fmedia&parent=55966"}],"wp:term":[{"taxonomy":"category","embeddable":true,"href":"https:\/\/dekkbi.com\/index.php?rest_route=%2Fwp%2Fv2%2Fcategories&post=55966"},{"taxonomy":"post_tag","embeddable":true,"href":"https:\/\/dekkbi.com\/index.php?rest_route=%2Fwp%2Fv2%2Ftags&post=55966"}],"curies":[{"name":"wp","href":"https:\/\/api.w.org\/{rel}","templated":true}]}}