{"id":55962,"date":"2025-05-05T10:34:11","date_gmt":"2025-05-05T10:34:11","guid":{"rendered":"https:\/\/dekkbi.com\/?p=55962"},"modified":"2025-05-05T10:43:10","modified_gmt":"2025-05-05T10:43:10","slug":"communique-de-presse-du-cdeps-subvention-adepme-la-verite-des-faits","status":"publish","type":"post","link":"https:\/\/dekkbi.com\/?p=55962","title":{"rendered":"Communique de presse du CDEPS : subvention ADEPME : la v\u00e9rit\u00e9 des faits"},"content":{"rendered":"\n<p>Le Conseil des Diffuseurs et \u00c9diteurs de Presse du S\u00e9n\u00e9gal (CDEPS) se f\u00e9licite de l\u2019appui que l\u2019Agence de D\u00e9veloppement et d\u2019Encadrement des Petites et Moyennes Entreprises (ADEPME) a octroy\u00e9&nbsp;\u00e0 douze (12) entreprises de presse le samedi 3 mai 2025, dans le cadre du Programme d\u2019appui \u00e0 l\u2019acc\u00e9l\u00e9ration industrielle, \u00e0 la comp\u00e9titivit\u00e9 et \u00e0 l\u2019emploi (PAAICE) financ\u00e9 par la Banque Africaine de D\u00e9veloppement (BAD) depuis d\u00e9cembre 2021. C\u2019est \u00e0 l\u2019instar du programme ETER de la Banque mondiale. Cette subvention repr\u00e9sente un v\u00e9ritable souffle de relance pour des entreprises en difficult\u00e9 depuis pr\u00e8s d\u2019un an.<\/p>\n\n\n\n<p>Le processus d\u2019accompagnement a d\u00e9marr\u00e9 en octobre 2024 avec une rencontre tripartite patronat de presse\/\u00e9quipe projet ADEPME\/Cabinets Ibrahima Tour\u00e9 (ITO) et Alioune Tour\u00e9 (ATO). Les discussions ont port\u00e9 sur la mise en \u0153uvre d\u2019un programme de restructuration ax\u00e9 sur plusieurs volets : la protection de l\u2019entreprise face \u00e0 ses cr\u00e9anciers publics ou priv\u00e9s, la relance et le d\u00e9veloppement de ses activit\u00e9s, la mobilisation de financements et de subventions, ainsi que la digitalisation des outils et processus de production de l\u2019entreprise de presse<\/p>\n\n\n\n<p>Le financement de l\u2019ADEPME entre dans le cadre de son portefeuille \u00abFonds \u00e0 frais partag\u00e9s\u00bb et porte sur 75% de la subvention totale. Chacune des 12 entreprises concern\u00e9es devra lib\u00e9rer, selon l\u2019article 3 de la Convention, sa quote-part de 25% avant d\u2019acc\u00e9der \u00e0 l\u2019allocation. Aucun fonds n\u2019a pour l\u2019heure \u00e9t\u00e9 vers\u00e9 aux entreprises tant que les 25% ne sont pas mobilis\u00e9s et consomm\u00e9s.<\/p>\n\n\n\n<p>Le CDEPS exprime sa profonde gratitude \u00e0 l\u2019ADEPME, qui a su reconna\u00eetre que les m\u00e9dias font pleinement partie du tissu \u00e9conomique national et traversent, \u00e0 l\u2019instar d\u2019autres PME, de grandes difficult\u00e9s.<\/p>\n\n\n\n<p>\u00c0 aucun moment, le minist\u00e8re de la Communication ne s\u2019est impliqu\u00e9 dans le processus de cette initiative. Nous d\u00e9non\u00e7ons avec fermet\u00e9 cette tentative de r\u00e9cup\u00e9ration malveillante, motiv\u00e9e par la volont\u00e9 manifeste de manipuler l\u2019opinion et de discr\u00e9diter les responsables d\u2019entreprises de presse.<\/p>\n\n\n\n<p>Il convient de rappeler que l\u2019ADEPME est intervenue dans plusieurs secteurs pour soutenir la restructuration et la relance d\u2019entit\u00e9s \u00e9conomiques, sans que cela ne donne lieu \u00e0 un tel battage m\u00e9diatique.<\/p>\n\n\n\n<p>Au lieu de jouer son r\u00f4le de soutien et de repr\u00e9sentation en p\u00e9riode de crise, le minist\u00e8re de la Communication contribue \u00e0 fragiliser davantage les entreprises de presse. Depuis sa prise de fonction, M. Alioune Sall n\u2019a jamais proc\u00e9d\u00e9 \u00e0 la distribution du Fonds d\u2019Appui et de D\u00e9veloppement de la Presse (FADP). En 2024, il a volontairement ralenti la proc\u00e9dure, entra\u00eenant le reversement du budget allou\u00e9 au FADP au Tr\u00e9sor public. Contrairement \u00e0 ce que laisse entendre le directeur de la Communication, ce montant est loin d\u2019\u00eatre perdu. Une loi de finances rectificative peut permettre sa r\u00e9cup\u00e9ration.<\/p>\n\n\n\n<p>Par ailleurs, le minist\u00e8re vient d\u2019annoncer, en ce cinqui\u00e8me mois de l\u2019ann\u00e9e 2025, une r\u00e9forme pr\u00e9cipit\u00e9e et unilat\u00e9rale du d\u00e9cret portant sur le FADP, sans aucune concertation avec les professionnels du secteur. Cela, alors m\u00eame que le CORED est en sommeil et que la Commission de la Carte nationale de Presse n\u2019a pas d\u00e9livr\u00e9 de cartes professionnelles depuis plus d\u2019un an.<\/p>\n\n\n\n<p>Le minist\u00e8re de la Communication semble se complaire dans les effets d\u2019annonce, au d\u00e9triment des v\u00e9ritables urgences du secteur<\/p>\n\n\n\n<p>Par ailleurs, le CDEPS informe l\u2019opinion que ses avocats ont d\u00e9pos\u00e9 le vendredi 2 mai 2025, le recours en r\u00e9f\u00e9r\u00e9 \u00e0 la Cour supr\u00eame pour une suspension des assignations de \u00abcessation imm\u00e9diate de parution ou de diffusion\u00bb. Il est aussi pr\u00e9vu d\u2019attaquer dans le fond l\u2019arr\u00eat\u00e9 du ministre de la Communication<\/p>\n","protected":false},"excerpt":{"rendered":"<p>Le Conseil des Diffuseurs et \u00c9diteurs de Presse du S\u00e9n\u00e9gal (CDEPS) se f\u00e9licite de l\u2019appui que l\u2019Agence de D\u00e9veloppement et<\/p>\n","protected":false},"author":1,"featured_media":55968,"comment_status":"open","ping_status":"open","sticky":false,"template":"","format":"standard","meta":{"footnotes":""},"categories":[3],"tags":[],"class_list":["post-55962","post","type-post","status-publish","format-standard","has-post-thumbnail","hentry","category-event-more-news"],"_links":{"self":[{"href":"https:\/\/dekkbi.com\/index.php?rest_route=\/wp\/v2\/posts\/55962","targetHints":{"allow":["GET"]}}],"collection":[{"href":"https:\/\/dekkbi.com\/index.php?rest_route=\/wp\/v2\/posts"}],"about":[{"href":"https:\/\/dekkbi.com\/index.php?rest_route=\/wp\/v2\/types\/post"}],"author":[{"embeddable":true,"href":"https:\/\/dekkbi.com\/index.php?rest_route=\/wp\/v2\/users\/1"}],"replies":[{"embeddable":true,"href":"https:\/\/dekkbi.com\/index.php?rest_route=%2Fwp%2Fv2%2Fcomments&post=55962"}],"version-history":[{"count":1,"href":"https:\/\/dekkbi.com\/index.php?rest_route=\/wp\/v2\/posts\/55962\/revisions"}],"predecessor-version":[{"id":55964,"href":"https:\/\/dekkbi.com\/index.php?rest_route=\/wp\/v2\/posts\/55962\/revisions\/55964"}],"wp:featuredmedia":[{"embeddable":true,"href":"https:\/\/dekkbi.com\/index.php?rest_route=\/wp\/v2\/media\/55968"}],"wp:attachment":[{"href":"https:\/\/dekkbi.com\/index.php?rest_route=%2Fwp%2Fv2%2Fmedia&parent=55962"}],"wp:term":[{"taxonomy":"category","embeddable":true,"href":"https:\/\/dekkbi.com\/index.php?rest_route=%2Fwp%2Fv2%2Fcategories&post=55962"},{"taxonomy":"post_tag","embeddable":true,"href":"https:\/\/dekkbi.com\/index.php?rest_route=%2Fwp%2Fv2%2Ftags&post=55962"}],"curies":[{"name":"wp","href":"https:\/\/api.w.org\/{rel}","templated":true}]}}