{"id":55960,"date":"2025-05-05T10:22:53","date_gmt":"2025-05-05T10:22:53","guid":{"rendered":"https:\/\/dekkbi.com\/?p=55960"},"modified":"2025-05-05T10:22:53","modified_gmt":"2025-05-05T10:22:53","slug":"le-message-inaugural-de-monseigneur-andre-gueye-nous-devons-tous-porter-ensemble-la-mission-de-leglise-dans-notre-pays","status":"publish","type":"post","link":"https:\/\/dekkbi.com\/?p=55960","title":{"rendered":"Le message inaugural de Monseigneur Andr\u00e9 Gueye \u201cNous devons tous porter ensemble la mission de l\u2019\u00c9glise dans notre pays\u201d"},"content":{"rendered":"\n<p><strong>Au terme de la messe d\u2019intronisation c\u00e9l\u00e9br\u00e9e pour son entr\u00e9e en fonction comme Archev\u00eaque m\u00e9tropolitain de Dakar<\/strong><strong>, Monseigneur Andr\u00e9 Gueye, dans son discours empreint de gratitude, d\u2019humilit\u00e9 et d\u2019un engagement profond, a engag\u00e9 tous les fid\u00e8les \u00e0&nbsp;<\/strong><strong><em>\u201cporter ensemble la mission de l\u2019\u00c9glise dans notre pays\u201d.<\/em><\/strong><\/p>\n\n\n\n<p>Dans son allocution, Monseigneur Gu\u00e8ye a d\u2019abord a soulign\u00e9 l\u2019importance de la pri\u00e8re dans sa mission. Il a \u00e9voqu\u00e9 avec \u00e9motion la neuvaine de pri\u00e8res pr\u00e9paratoires qui l\u2019a accompagn\u00e9 avant cette grande \u00e9tape de sa vie pastorale, la qualifiant de source de motivation et de programme de vie. \u201cLa pri\u00e8re, elle constitue une source de motivation pour moi. Je ne cesserai de la relire car elle d\u00e9voile tout le programme de vie du pasteur que je suis.\u201d<\/p>\n\n\n\n<p>Il a ensuite \u00e9voqu\u00e9 l\u2019exhortation du Cardinal Luis Antonio Tagle, au nom du Pape Fran\u00e7ois, qui lui a souhait\u00e9 \u201cune bonne continuation de la mission \u00e0 la suite du Christ, le bon pasteur.\u201d Un programme de vie qu\u2019il d\u00e9finit en termes de proximit\u00e9, d\u2019\u00e9coute, de compassion, et de g\u00e9n\u00e9rosit\u00e9. Des valeurs essentielles qu\u2019il compte incarner tout au long de son \u00e9piscopat.<\/p>\n\n\n\n<p>Le nouvel archev\u00eaque a \u00e9galement pris un moment pour rendre hommage \u00e0 ses pr\u00e9d\u00e9cesseurs, des pasteurs \u201cvaillants, dignes et exceptionnels\u201d, et a exprim\u00e9 sa gratitude envers Monseigneur Benjamin Ndiaye, son pr\u00e9d\u00e9cesseur imm\u00e9diat, pour son \u201camour inconditionnel, humble et g\u00e9n\u00e9reux envers l\u2019\u00c9glise de Christ.\u201d \u201cJe remercie Excellence d\u2019avoir d\u00e9blay\u00e9 le terrain et indiqu\u00e9 la direction \u00e0 suivre,\u201d a-t-il ajout\u00e9, faisant preuve d\u2019une profonde reconnaissance pour le travail accompli par son pr\u00e9d\u00e9cesseur.<\/p>\n\n\n\n<p><strong>ENGAGE POUR LA SYNODALITE ET LA COLLABORATION<\/strong><\/p>\n\n\n\n<p>Monseigneur Gueye a \u00e9galement \u00e9voqu\u00e9 l\u2019importance de la synodalit\u00e9 dans la gouvernance de l\u2019\u00c9glise, en appelant ses confr\u00e8res Ev\u00eaques et les Pr\u00eatres de l\u2019Archidioc\u00e8se \u00e0 collaborer \u00e9troitement avec lui. Il a rappel\u00e9 que son r\u00f4le n\u2019\u00e9tait pas d\u2019impliquer directement l\u2019\u00c9glise dans les affaires internes des autres dioc\u00e8ses, mais plut\u00f4t de \u201ccoordonner, repr\u00e9senter et consulter\u201d dans un esprit de collaboration et de solidarit\u00e9. \u201cNous devons tous, chers confr\u00e8res, porter ensemble la mission de l\u2019\u00c9glise dans notre pays\u201d, a-t-il affirm\u00e9, appelant \u00e0 un travail commun pour un S\u00e9n\u00e9gal de \u201cjustice et de paix, condition d\u2019un d\u00e9veloppement humain int\u00e9gral.\u201d<\/p>\n\n\n\n<p><strong>DIVERSITE DES CHARISMES<\/strong><\/p>\n\n\n\n<p>L\u2019Archev\u00eaque a exprim\u00e9 son enthousiasme face \u00e0 la richesse et \u00e0 la diversit\u00e9 de l\u2019Archidioc\u00e8se de Dakar, et a encourag\u00e9 les la\u00efcs et les religieux \u00e0 travailler ensemble pour renforcer la mission de l\u2019\u00c9glise. \u201cLes dons de la gr\u00e2ce sont vari\u00e9s, mais c\u2019est toujours le m\u00eame esprit. Les services sont vari\u00e9s, mais c\u2019est le m\u00eame Seigneur,\u201d a-t-il cit\u00e9, reprenant l\u2019enseignement de Saint Paul dans 1 Corinthiens 12. Il a insist\u00e9 sur l\u2019importance de l\u2019\u00e9change des dons entre les diff\u00e9rents membres de la communaut\u00e9, en particulier dans un contexte synodal.<\/p>\n\n\n\n<p><strong>LA COLLABORATION AVEC LES LA\u00cfCS<\/strong><\/p>\n\n\n\n<p>Monseigneur Gueye a ensuite adress\u00e9 un message particulier aux la\u00efcs, les invitant \u00e0 \u00eatre les \u201csel de la terre et la lumi\u00e8re du monde,\u201d selon l\u2019\u00c9vangile de Saint Matthieu (5:13). Il a encourag\u00e9 les membres des mouvements et associations \u00e0 prendre des initiatives et \u00e0 travailler main dans la main avec les pr\u00eatres et les pasteurs, mais il a aussi rappel\u00e9 qu\u2019il ne fallait pas \u201cfaire sans eux.\u201d \u201cNe faites pas sans eux. N\u2019attendez pas tout d\u2019eux,\u201d a-t-il insist\u00e9, soulignant l\u2019importance d\u2019une collaboration mutuelle et d\u2019une responsabilit\u00e9 partag\u00e9e dans la conduite de la mission.<\/p>\n\n\n\n<p>L\u2019Archev\u00eaque de Dakar n\u2019a pas manqu\u00e9 de saluer l\u2019engagement des organisateurs de la c\u00e9r\u00e9monie, ainsi que des donateurs et des responsables des commissions qui ont \u0153uvr\u00e9 avec d\u00e9vouement pour la r\u00e9ussite de l\u2019\u00e9v\u00e9nement. \u201cQue Dieu qui conna\u00eet le c\u0153ur accorde \u00e0 chacun la r\u00e9compense de son engagement g\u00e9n\u00e9reux et gratuit,\u201d a-t-il exprim\u00e9 avec gratitude.<\/p>\n\n\n\n<p>Monseigneur Andr\u00e9 a exprim\u00e9 sa confiance en la mission qui lui est confi\u00e9e, tout en reconnaissant les d\u00e9fis \u00e0 venir. Il a confi\u00e9 son \u00e9piscopat sous la protection de Notre-Dame de Victoire et de Saint Joseph, les deux figures qui l\u2019accompagnent spirituellement. \u201cJe me mets avec votre pri\u00e8re \u00e0 l\u2019ombre du manteau de Notre-Dame de Victoire et de la d\u00e9livrance,\u201d a-t-il confi\u00e9, avant de souligner la n\u00e9cessit\u00e9 d\u2019un travail commun et de soutien mutuel pour r\u00e9ussir cette mission sacr\u00e9e.<\/p>\n\n\n\n<p>Il a conclu son discours avec une note d\u2019humilit\u00e9, de d\u00e9vouement et de profond respect envers l\u2019\u00c9glise de Dakar et ses fid\u00e8les. \u201cJe compte sur votre soutien comme premier collaborateur de l\u2019Ev\u00eaque,\u201d a-t-il conclu, exprimant sa disponibilit\u00e9 et son ouverture aux pr\u00e9occupations pastorales et personnelles de chacun.<\/p>\n\n\n\n<p>Cette allocution, empreinte de sinc\u00e9rit\u00e9 et de confiance, marque un engagement fort de Monseigneur Andr\u00e9 Gueye \u00e0 poursuivre l\u2019\u0153uvre de ses pr\u00e9d\u00e9cesseurs, tout en s\u2019effor\u00e7ant de construire une \u00c9glise unie, synodale et proche de ses fid\u00e8les. Sa mission \u00e0 la t\u00eate de l\u2019archidioc\u00e8se de Dakar s\u2019annonce sous le signe du service, de la collaboration et de la pri\u00e8re, dans la continuit\u00e9 de la tradition apostolique et de la mission du Christ.<\/p>\n\n\n\n<p><strong>Avec ucs.sn<\/strong><\/p>\n","protected":false},"excerpt":{"rendered":"<p>Au terme de la messe d\u2019intronisation c\u00e9l\u00e9br\u00e9e pour son entr\u00e9e en fonction comme Archev\u00eaque m\u00e9tropolitain de Dakar, Monseigneur Andr\u00e9 Gueye,<\/p>\n","protected":false},"author":1,"featured_media":52420,"comment_status":"open","ping_status":"open","sticky":false,"template":"","format":"standard","meta":{"footnotes":""},"categories":[21],"tags":[],"class_list":["post-55960","post","type-post","status-publish","format-standard","has-post-thumbnail","hentry","category-societe"],"_links":{"self":[{"href":"https:\/\/dekkbi.com\/index.php?rest_route=\/wp\/v2\/posts\/55960","targetHints":{"allow":["GET"]}}],"collection":[{"href":"https:\/\/dekkbi.com\/index.php?rest_route=\/wp\/v2\/posts"}],"about":[{"href":"https:\/\/dekkbi.com\/index.php?rest_route=\/wp\/v2\/types\/post"}],"author":[{"embeddable":true,"href":"https:\/\/dekkbi.com\/index.php?rest_route=\/wp\/v2\/users\/1"}],"replies":[{"embeddable":true,"href":"https:\/\/dekkbi.com\/index.php?rest_route=%2Fwp%2Fv2%2Fcomments&post=55960"}],"version-history":[{"count":1,"href":"https:\/\/dekkbi.com\/index.php?rest_route=\/wp\/v2\/posts\/55960\/revisions"}],"predecessor-version":[{"id":55961,"href":"https:\/\/dekkbi.com\/index.php?rest_route=\/wp\/v2\/posts\/55960\/revisions\/55961"}],"wp:featuredmedia":[{"embeddable":true,"href":"https:\/\/dekkbi.com\/index.php?rest_route=\/wp\/v2\/media\/52420"}],"wp:attachment":[{"href":"https:\/\/dekkbi.com\/index.php?rest_route=%2Fwp%2Fv2%2Fmedia&parent=55960"}],"wp:term":[{"taxonomy":"category","embeddable":true,"href":"https:\/\/dekkbi.com\/index.php?rest_route=%2Fwp%2Fv2%2Fcategories&post=55960"},{"taxonomy":"post_tag","embeddable":true,"href":"https:\/\/dekkbi.com\/index.php?rest_route=%2Fwp%2Fv2%2Ftags&post=55960"}],"curies":[{"name":"wp","href":"https:\/\/api.w.org\/{rel}","templated":true}]}}