{"id":55957,"date":"2025-05-05T10:20:23","date_gmt":"2025-05-05T10:20:23","guid":{"rendered":"https:\/\/dekkbi.com\/?p=55957"},"modified":"2025-05-05T10:20:24","modified_gmt":"2025-05-05T10:20:24","slug":"thies-menace-dune-nouvelle-greve-plus-longue-les-producteurs-dans-un-mauvais-champ-dans-les-niayes","status":"publish","type":"post","link":"https:\/\/dekkbi.com\/?p=55957","title":{"rendered":"Thi\u00e8s \u2013 Menace d\u2019une nouvelle gr\u00e8ve plus longue : Les producteurs dans un mauvais champ dans les Niayes"},"content":{"rendered":"\n<p><strong>Apr\u00e8s 48 heures de gr\u00e8ve, les producteurs envisagent de durcir le ton, avec une cessation de travail de 5 \u00e0 15 jours.\u00a0<\/strong><\/p>\n\n\n\n<p>Suite \u00e0 leur mot d\u2019ordre de gr\u00e8ve de 48 heures sans marcher, les mercredi 30 avril et jeudi 1er mai 2025 derniers, les producteurs mara\u00eechers de la zone des Niayes menacent de durcir le ton. Ils projettent de d\u00e9cr\u00e9ter une gr\u00e8ve de 5 \u00e0 15 jours, avec un arr\u00eat total de travail, donc de la r\u00e9colte et de la commercialisation de leurs produits. En plus des \u00abprix d\u00e9risoires\u00bb et de \u00abla m\u00e9vente de nos productions qui dure depuis le d\u00e9but de la saison\u00bb, les mara\u00eechers des Niayes, ces braves soldats de la terre, disent avoir commenc\u00e9 la r\u00e9colte avant le mois de Ramadan, mais ne peuvent, jusqu\u2019\u00e0 pr\u00e9sent, vendre leurs l\u00e9gumes. Ils protestent contre \u00abla concurrence d\u00e9loyale qui fragilise nos activit\u00e9s\u00bb. \u00abC\u2019est notre probl\u00e8me majeur, cette concurrence, et avec les institutions financi\u00e8res&nbsp; (banques) qui nous accompagnent pour la culture de l\u2019oignon et de la pomme de terre, si nous ne vendons pas, nous ne pourrons point honorer nos engagements vis-\u00e0-vis d\u2019elles\u00bb, s\u2019inqui\u00e8tent Mous\u00adtapha Ka, producteur \u00e0 Keur Abdou Ndoye (commune de Cayar), et ses camarades. Aussi de poursuivre&nbsp;: \u00abNous avons d\u00e9cr\u00e9t\u00e9 ces deux jours de gr\u00e8ve, qui concernent tous les producteurs au niveau national, pour alerter l\u2019Etat.\u00bb<\/p>\n\n\n\n<p><strong>Crise dans les Niayes<\/strong><br>C\u2019est en d\u00e9sespoir de cause que ces producteurs d\u00e9noncent avec fermet\u00e9 \u00abla p\u00e9dagogie adopt\u00e9e par l\u2019Etat du S\u00e9n\u00e9gal vis-\u00e0-vis des Indiens et d\u2019autres agrobusiness qui ont inond\u00e9 le march\u00e9 depuis 8 mois. Cette d\u00e9marche tue la production locale. Le ministre du Commerce n\u2019a pas respect\u00e9 ses promesses. Des tonnes d\u2019oignons et de pommes de terre pourrissent dans les p\u00e9rim\u00e8tres mara\u00eechers et finissent par se transformer en ordures, faute surtout de chambres de stockage\u00bb.<\/p>\n\n\n\n<p>Moustapha Ka et ses camarades indexent l\u2019Etat comme \u00abresponsable de toute cette situation\u00bb. Et de souligner&nbsp;: \u00abLe pr\u00e9sident de la R\u00e9pu\u00adblique, son Premier ministre et les ministres de l\u2019Agriculture et du Commerce sont au courant de tout. Il n\u2019est pas de leur devoir de d\u00e9laisser \u00e0 tort les petits producteurs des Niayes. A d\u00e9faut de financements, ils devraient au moins nous couvrir. Aujourd\u2019hui, notre dignit\u00e9 est compl\u00e8tement bafou\u00e9e, les banques nous mettent la pression et nous sommes dans l\u2019incapacit\u00e9 de rembourser les dettes contract\u00e9es.\u00bb<\/p>\n\n\n\n<p>Les producteurs dans la zone des Niayes, tr\u00e8s remont\u00e9s, ne sachant plus o\u00f9 donner de la t\u00eate, souhaiteraient que les autorit\u00e9s suspendent concr\u00e8tement la mise sur le march\u00e9 des pommes de terre et autres l\u00e9gumes par les agrobusiness. Ils appellent plus que jamais \u00e0 une mobilisation g\u00e9n\u00e9rale en faveur de \u00abprix justes et r\u00e9mun\u00e9rateurs\u00bb, condition essentielle \u00e0 la survie de leur activit\u00e9.<\/p>\n\n\n\n<p><strong>Par Cheikh CAMARA \u2013\u00a0cheikh.camara@lequotidien.sn<\/strong><\/p>\n","protected":false},"excerpt":{"rendered":"<p>Apr\u00e8s 48 heures de gr\u00e8ve, les producteurs envisagent de durcir le ton, avec une cessation de travail de 5 \u00e0<\/p>\n","protected":false},"author":1,"featured_media":55958,"comment_status":"open","ping_status":"open","sticky":false,"template":"","format":"standard","meta":{"footnotes":""},"categories":[26],"tags":[],"class_list":["post-55957","post","type-post","status-publish","format-standard","has-post-thumbnail","hentry","category-fait-divers"],"_links":{"self":[{"href":"https:\/\/dekkbi.com\/index.php?rest_route=\/wp\/v2\/posts\/55957","targetHints":{"allow":["GET"]}}],"collection":[{"href":"https:\/\/dekkbi.com\/index.php?rest_route=\/wp\/v2\/posts"}],"about":[{"href":"https:\/\/dekkbi.com\/index.php?rest_route=\/wp\/v2\/types\/post"}],"author":[{"embeddable":true,"href":"https:\/\/dekkbi.com\/index.php?rest_route=\/wp\/v2\/users\/1"}],"replies":[{"embeddable":true,"href":"https:\/\/dekkbi.com\/index.php?rest_route=%2Fwp%2Fv2%2Fcomments&post=55957"}],"version-history":[{"count":1,"href":"https:\/\/dekkbi.com\/index.php?rest_route=\/wp\/v2\/posts\/55957\/revisions"}],"predecessor-version":[{"id":55959,"href":"https:\/\/dekkbi.com\/index.php?rest_route=\/wp\/v2\/posts\/55957\/revisions\/55959"}],"wp:featuredmedia":[{"embeddable":true,"href":"https:\/\/dekkbi.com\/index.php?rest_route=\/wp\/v2\/media\/55958"}],"wp:attachment":[{"href":"https:\/\/dekkbi.com\/index.php?rest_route=%2Fwp%2Fv2%2Fmedia&parent=55957"}],"wp:term":[{"taxonomy":"category","embeddable":true,"href":"https:\/\/dekkbi.com\/index.php?rest_route=%2Fwp%2Fv2%2Fcategories&post=55957"},{"taxonomy":"post_tag","embeddable":true,"href":"https:\/\/dekkbi.com\/index.php?rest_route=%2Fwp%2Fv2%2Ftags&post=55957"}],"curies":[{"name":"wp","href":"https:\/\/api.w.org\/{rel}","templated":true}]}}