{"id":55945,"date":"2025-05-05T09:23:51","date_gmt":"2025-05-05T09:23:51","guid":{"rendered":"https:\/\/dekkbi.com\/?p=55945"},"modified":"2025-05-05T09:23:52","modified_gmt":"2025-05-05T09:23:52","slug":"complexe-cheikh-ahmadoul-khadim-de-touba-linstitut-coranique-receptionne","status":"publish","type":"post","link":"https:\/\/dekkbi.com\/?p=55945","title":{"rendered":"Complexe Cheikh Ahmadoul Khadim de Touba: l\u2019institut coranique r\u00e9ceptionn\u00e9"},"content":{"rendered":"\n<p><strong>Des op\u00e9rateurs \u00e9conomiques ont remis officiellement au Khalife g\u00e9n\u00e9ral des Mourides, Serigne Mountakha Mback\u00e9, samedi dernier, les cl\u00e9s de six nouveaux b\u00e2timents de l\u2019Institut coranique du Complexe Cheikh Ahmadoul Khadim de Touba.&nbsp;&nbsp;<\/strong><\/p>\n\n\n\n<p>MBACK\u00c9 \u2013 Le Complexe Cheikh Ahmadoul Khadim pour l\u2019\u00c9ducation et la Formation (Ccak\/Ef) de Touba a r\u00e9ceptionn\u00e9, samedi dernier, les b\u00e2timents de l\u2019institut coranique. R\u00e9alis\u00e9e en r\u00e9ponse \u00e0 l\u2019appel du Khalife g\u00e9n\u00e9ral des Mourides, l\u2019infrastructure a \u00e9t\u00e9 enti\u00e8rement financ\u00e9e par des op\u00e9rateurs \u00e9conomiques pour un montant estim\u00e9 \u00e0 pr\u00e8s de 7 milliards de FCfa, a indiqu\u00e9 Mbaye Sarr, le fondateur du groupe \u00ab Senecartours \u00bb, lors de la c\u00e9r\u00e9monie de remise des cl\u00e9s \u00e0 Serigne Mountakha Mback\u00e9 par l\u2019interm\u00e9diaire de Serigne Ahmadou Badawi Mback\u00e9, le pr\u00e9sident du complexe. \u00ab Nous avons pris l\u2019engagement de construire un b\u00e2timent cl\u00e9 en main en guise de contribution \u00e0 l\u2019appel du patriarche de Darou Miname \u00bb, a-t-il affirm\u00e9, soulignant l\u2019attachement des donateurs aux enseignements de Cheikh Ahmadou Bamba. ;<\/p>\n\n\n\n<p>Selon lui, la concr\u00e9tisation de ce projet traduit l\u2019engagement des disciples de Serigne Touba en faveur de l\u2019\u00e9ducation et de la formation. Mbaye Sarr a exprim\u00e9 sa gratitude aux personnes qui ont contribu\u00e9 \u00e0 mobiliser les ressources n\u00e9cessaires \u00e0 la construction de ces b\u00e2timents. Il a encourag\u00e9 l\u2019\u00c9tat du S\u00e9n\u00e9gal \u00e0 faire confiance \u00e0 la main-d\u2019\u0153uvre locale. \u00ab Nous souhaitons que le gouvernement apporte son soutien aux entreprises locales \u0153uvrant dans le secteur du Btp \u00bb, a dit Mbaye Sarr, soulignant que le d\u00e9veloppement du pays doit b\u00e9n\u00e9ficier \u00e0 ses fils. Il a \u00e9galement exhort\u00e9 les entreprises locales \u00e0 se conformer aux normes internationales. Ibrahima Niang, l\u2019architecte en charge du projet a pr\u00e9cis\u00e9 que les b\u00e2timents sont organis\u00e9s en six sections distinctes.<\/p>\n\n\n\n<p>Les deux premi\u00e8res sont destin\u00e9es \u00e0 l\u2019h\u00e9bergement des enseignants, avec une capacit\u00e9 d\u2019accueil de 124 ma\u00eetres coraniques ; les deux autres sections vont servir de salles de classe avec une capacit\u00e9 d\u2019accueil d\u2019environ 1.300 apprenants. L\u2019infrastructure dispose aussi de dortoirs pour les \u00e9l\u00e8ves. Au nom du Khalife, Serigne Ahmadou Badawi Mback\u00e9 a salu\u00e9 \u00ab l\u2019initiative remarquable des op\u00e9rateurs \u00e9conomiques Mourides \u00bb. Il a soulign\u00e9 que le Coran repr\u00e9sente la source supr\u00eame de la connaissance ; ce qui explique l\u2019importance particuli\u00e8re que le fondateur du Mouridisme a accord\u00e9e \u00e0 ce sujet. \u00ab C\u2019est un jour de joie \u00bb, a-t-il d\u00e9clar\u00e9, en remerciant tous ceux qui ont contribu\u00e9 \u00e0 la r\u00e9alisation de ce projet. \u00ab Le Khalife vous exprime sa sinc\u00e8re gratitude. Vous serez r\u00e9compens\u00e9s par Dieu \u00bb, a-t-il ajout\u00e9, invitant, au nom du Khalife, les hommes d\u2019affaires Mourides \u00e0 se mettre, chaque jour, au service de Cheikh Ahmadou Bamba.<\/p>\n\n\n\n<p>Birane DIOP (Correspondant)<\/p>\n","protected":false},"excerpt":{"rendered":"<p>Des op\u00e9rateurs \u00e9conomiques ont remis officiellement au Khalife g\u00e9n\u00e9ral des Mourides, Serigne Mountakha Mback\u00e9, samedi dernier, les cl\u00e9s de six<\/p>\n","protected":false},"author":1,"featured_media":55946,"comment_status":"open","ping_status":"open","sticky":false,"template":"","format":"standard","meta":{"footnotes":""},"categories":[26],"tags":[],"class_list":["post-55945","post","type-post","status-publish","format-standard","has-post-thumbnail","hentry","category-fait-divers"],"_links":{"self":[{"href":"https:\/\/dekkbi.com\/index.php?rest_route=\/wp\/v2\/posts\/55945","targetHints":{"allow":["GET"]}}],"collection":[{"href":"https:\/\/dekkbi.com\/index.php?rest_route=\/wp\/v2\/posts"}],"about":[{"href":"https:\/\/dekkbi.com\/index.php?rest_route=\/wp\/v2\/types\/post"}],"author":[{"embeddable":true,"href":"https:\/\/dekkbi.com\/index.php?rest_route=\/wp\/v2\/users\/1"}],"replies":[{"embeddable":true,"href":"https:\/\/dekkbi.com\/index.php?rest_route=%2Fwp%2Fv2%2Fcomments&post=55945"}],"version-history":[{"count":1,"href":"https:\/\/dekkbi.com\/index.php?rest_route=\/wp\/v2\/posts\/55945\/revisions"}],"predecessor-version":[{"id":55947,"href":"https:\/\/dekkbi.com\/index.php?rest_route=\/wp\/v2\/posts\/55945\/revisions\/55947"}],"wp:featuredmedia":[{"embeddable":true,"href":"https:\/\/dekkbi.com\/index.php?rest_route=\/wp\/v2\/media\/55946"}],"wp:attachment":[{"href":"https:\/\/dekkbi.com\/index.php?rest_route=%2Fwp%2Fv2%2Fmedia&parent=55945"}],"wp:term":[{"taxonomy":"category","embeddable":true,"href":"https:\/\/dekkbi.com\/index.php?rest_route=%2Fwp%2Fv2%2Fcategories&post=55945"},{"taxonomy":"post_tag","embeddable":true,"href":"https:\/\/dekkbi.com\/index.php?rest_route=%2Fwp%2Fv2%2Ftags&post=55945"}],"curies":[{"name":"wp","href":"https:\/\/api.w.org\/{rel}","templated":true}]}}