{"id":55940,"date":"2025-05-05T09:13:47","date_gmt":"2025-05-05T09:13:47","guid":{"rendered":"https:\/\/dekkbi.com\/?p=55940"},"modified":"2025-05-05T09:13:47","modified_gmt":"2025-05-05T09:13:47","slug":"le-pm-ousmane-sonko-au-daaka-une-rubrique-du-budget-2026-sera-dediee-aux-affaires-religieuses","status":"publish","type":"post","link":"https:\/\/dekkbi.com\/?p=55940","title":{"rendered":"Le PM Ousmane Sonko au \u00ab\u00a0Daaka\u00a0\u00bb: \u00abUne rubrique du budget 2026 sera d\u00e9di\u00e9e aux affaires religieuses\u00bb"},"content":{"rendered":"\n<p><strong>La retraite spirituelle de Madina-Gounass, encore appel\u00e9e \u00abdaaka\u00bb, qui prend fin ce matin, a enregistr\u00e9, hier, la venue du Premier ministre Ousmane Sonko \u00e0 la t\u00eate d\u2019une forte d\u00e9l\u00e9gation. Il a annonc\u00e9 qu\u2019une rubrique sera d\u00e9di\u00e9e dans le budget de l\u2019ann\u00e9e 2026 aux affaires religieuses.<\/strong><\/p>\n\n\n\n<p>MADINA- GOUNASS&nbsp;\u2013 Le \u00abdaaka\u00bb (retraite spirituelle) de Madina Gounass a re\u00e7u, hier, le Premier ministre, Ousmane Sonko. \u00c0 l\u2019occasion, le chef du gouvernement a r\u00e9it\u00e9r\u00e9 l\u2019engagement de l\u2019\u00c9tat \u00e0 \u00eatre aux \u00abc\u00f4t\u00e9s de la communaut\u00e9 de Madina-Gounass, rassembl\u00e9e pour dix jours de d\u00e9votion, et du guide religieux qui est un p\u00e8re et une boussole\u00bb. Il a annonc\u00e9 qu\u2019une rubrique sera d\u00e9finie dans le budget de 2026 aux affaires religieuses devant couvrir enseignement, formation, rassemblements \u00e0 l\u2019image d\u2019autres secteurs comme la sant\u00e9, l\u2019\u00e9ducation\u2026 Venu repr\u00e9senter le chef de l\u2019\u00c9tat, emp\u00each\u00e9 par un voyage \u00e0 l\u2019\u00e9tranger, Ousmane Sonko, \u00e0 la t\u00eate d\u2019une forte d\u00e9l\u00e9gation minist\u00e9rielle, a soulign\u00e9 que le khalife Thierno Amadou Tidiane B\u00e2 \u0153uvre toute l\u2019ann\u00e9e pour l\u2019islam dont il est un soldat. Martelant la disponibilit\u00e9 des autorit\u00e9s pour les familles religieuses, il a rappel\u00e9 que la nomination du charg\u00e9 des affaires religieuses, Djim Dram\u00e9, \u00e9galement dans la d\u00e9l\u00e9gation, entre dans ce cadre.<\/p>\n\n\n\n<p>Le Premier ministre s\u2019est dit \u00abtr\u00e8s heureux de constater que la retraite spirituelle se d\u00e9roule tr\u00e8s bien puisqu\u2019on a connu pire\u00bb. Remerciant Dieu d\u2019avoir aid\u00e9 \u00e0 la bonne tenue du \u00abdaaka\u00bb, il a soulign\u00e9 que l\u2019\u00c9tat a mis les bouch\u00e9es doubles pour sa r\u00e9ussite. C\u2019est d\u00e9j\u00e0 en Conseil des ministres que des instructions avaient \u00e9t\u00e9 d\u00e9j\u00e0 donn\u00e9es pour la pr\u00e9paration de cette retraite pour qu\u2019elle ne connaisse aucun impair aux plans hydraulique, s\u00e9curitaire et sanitaire. Se projetant sur l\u2019avenir, M. Sonko a souhait\u00e9 que les prochaines \u00e9ditions soient encore mieux organis\u00e9es. Le chef du gouvernement a aussi pri\u00e9 pour que les invocations des fid\u00e8les et hommes de Dieu r\u00e9unis ici depuis dix jours soient exauc\u00e9es pour le bien du S\u00e9n\u00e9gal, de l\u2019Afrique et du monde entier.<\/p>\n\n\n\n<p>Mais aussi pour une \u00absant\u00e9 et une long\u00e9vit\u00e9 de Thierno\u00bb. Des pri\u00e8res que le khalife a reformul\u00e9es pour la paix, la concorde, l\u2019unit\u00e9 et la s\u00e9curit\u00e9 du pays. Prenant la parole, au nom du khalife, Thierno Ibnou Oumar Thierno B\u00e2, tout en se r\u00e9jouissant de la venue de la d\u00e9l\u00e9gation, a soulign\u00e9 que le \u00abS\u00e9n\u00e9gal est un peuple \u00e9lu, choisi du bon Dieu, malgr\u00e9 qu\u2019il soit g\u00e9ographiquement tr\u00e8s petit, avec ses nombreux saints dont les pri\u00e8res ont \u00e9t\u00e9 entendues par le bon Dieu\u00bb. \u00abM\u00eame disparus, certains saints ont leur baraka qui couvre encore ce pays et leur survit. Encore que nous avons des contemporains qui sont des exemples de pi\u00e9t\u00e9 et qui continuent de prier toujours pour le bien du pays\u00bb, a-t-il insist\u00e9.<\/p>\n\n\n\n<p>Donnant une v\u00e9ritable le\u00e7on, le guide religieux a rappel\u00e9 que le pouvoir est d\u2019\u00abordre divin\u00bb et qu\u2019il faille toujours accepter la \u00absentence de Dieu qui le donne \u00e0 qui il veut\u00bb. Aussi, il n\u2019a pas manqu\u00e9 de signaler la \u00ablourdeur de la charge qui p\u00e8se sur les \u00e9paules de ceux qui dirigent et que les autres ne peuvent pas comprendre ou imaginer\u00bb d\u2019o\u00f9 la n\u00e9cessit\u00e9 d\u2019implorer Allah pour qu\u2019il leur \u00abfacilite et all\u00e8ge la t\u00e2che\u00bb. D\u2019autant plus que ce sont les populations qui vont ressentir les b\u00e9n\u00e9fices cet all\u00e8gement. Revenant sur le sens du \u00abdaaka\u00bb, Thierno Ibnou Oumar Thierno B\u00e2 a rappel\u00e9 que les \u00abfid\u00e8les r\u00e9unis ici ne le sont que pour adorer Allah et son agr\u00e9ment\u00bb. Magnifiant les \u00abefforts de l\u2019\u00c9tat pour sa bonne tenue\u00bb, le khalife a exhort\u00e9 les autorit\u00e9s \u00e9tatiques \u00e0 faciliter le retour des p\u00e8lerins apr\u00e8s la cl\u00f4ture du rassemblement religieux.<\/p>\n\n\n\n<p><strong>De notre envoy\u00e9 sp\u00e9cial, Ibrahima Khaliloullah NDIAYE<\/strong><\/p>\n\n\n\n<p>LESOLEIL<\/p>\n\n\n\n<p><\/p>\n","protected":false},"excerpt":{"rendered":"<p>La retraite spirituelle de Madina-Gounass, encore appel\u00e9e \u00abdaaka\u00bb, qui prend fin ce matin, a enregistr\u00e9, hier, la venue du Premier<\/p>\n","protected":false},"author":1,"featured_media":55941,"comment_status":"open","ping_status":"open","sticky":false,"template":"","format":"standard","meta":{"footnotes":""},"categories":[21],"tags":[],"class_list":["post-55940","post","type-post","status-publish","format-standard","has-post-thumbnail","hentry","category-societe"],"_links":{"self":[{"href":"https:\/\/dekkbi.com\/index.php?rest_route=\/wp\/v2\/posts\/55940","targetHints":{"allow":["GET"]}}],"collection":[{"href":"https:\/\/dekkbi.com\/index.php?rest_route=\/wp\/v2\/posts"}],"about":[{"href":"https:\/\/dekkbi.com\/index.php?rest_route=\/wp\/v2\/types\/post"}],"author":[{"embeddable":true,"href":"https:\/\/dekkbi.com\/index.php?rest_route=\/wp\/v2\/users\/1"}],"replies":[{"embeddable":true,"href":"https:\/\/dekkbi.com\/index.php?rest_route=%2Fwp%2Fv2%2Fcomments&post=55940"}],"version-history":[{"count":1,"href":"https:\/\/dekkbi.com\/index.php?rest_route=\/wp\/v2\/posts\/55940\/revisions"}],"predecessor-version":[{"id":55942,"href":"https:\/\/dekkbi.com\/index.php?rest_route=\/wp\/v2\/posts\/55940\/revisions\/55942"}],"wp:featuredmedia":[{"embeddable":true,"href":"https:\/\/dekkbi.com\/index.php?rest_route=\/wp\/v2\/media\/55941"}],"wp:attachment":[{"href":"https:\/\/dekkbi.com\/index.php?rest_route=%2Fwp%2Fv2%2Fmedia&parent=55940"}],"wp:term":[{"taxonomy":"category","embeddable":true,"href":"https:\/\/dekkbi.com\/index.php?rest_route=%2Fwp%2Fv2%2Fcategories&post=55940"},{"taxonomy":"post_tag","embeddable":true,"href":"https:\/\/dekkbi.com\/index.php?rest_route=%2Fwp%2Fv2%2Ftags&post=55940"}],"curies":[{"name":"wp","href":"https:\/\/api.w.org\/{rel}","templated":true}]}}