{"id":55928,"date":"2025-05-02T12:33:04","date_gmt":"2025-05-02T12:33:04","guid":{"rendered":"https:\/\/dekkbi.com\/?p=55928"},"modified":"2025-05-02T12:49:43","modified_gmt":"2025-05-02T12:49:43","slug":"affaire-des-fonds-covid-19-limmunite-parlementaire-de-moustapha-diop-levee-pour-la-deuxieme-fois-avec-116-voix-pour-et-8-contre","status":"publish","type":"post","link":"https:\/\/dekkbi.com\/?p=55928","title":{"rendered":"Affaire des Fonds Covid-19 : l\u2019immunit\u00e9 parlementaire de Moustapha Diop lev\u00e9e pour la deuxi\u00e8me fois avec 116 voix Pour et 8 Contre"},"content":{"rendered":"\n<p>L\u2019Assembl\u00e9e nationale a vot\u00e9, ce vendredi 2 mai 2025, la lev\u00e9e de l\u2019immunit\u00e9 parlementaire du d\u00e9put\u00e9-maire Moustapha Diop, dans le cadre de l\u2019enqu\u00eate portant sur la gestion des Fonds Covid-19. C\u2019est la deuxi\u00e8me fois que l\u2019ancien ministre est vis\u00e9 par une telle proc\u00e9dure. Sur les 124 votants, dont 16 d\u00e9l\u00e9gations de vote, 116 d\u00e9put\u00e9s se sont prononc\u00e9s en faveur de la lev\u00e9e de l\u2019immunit\u00e9, contre 8 voix oppos\u00e9es.<\/p>\n\n\n\n<p>En proclamant les r\u00e9sultats, le pr\u00e9sident de l\u2019Assembl\u00e9e nationale a conclu sans ambigu\u00eft\u00e9 : \u00ab L\u2019immunit\u00e9 parlementaire du d\u00e9put\u00e9 Moustapha Diop est lev\u00e9e. \u00bb<\/p>\n\n\n\n<p>Ce vote ouvre ainsi la voie \u00e0 des poursuites judiciaires contre le parlementaire, soup\u00e7onn\u00e9 d\u2019irr\u00e9gularit\u00e9s dans l\u2019utilisation des fonds allou\u00e9s durant la pand\u00e9mie de Covid-19.<\/p>\n\n\n\n<figure class=\"wp-block-embed is-type-rich is-provider-prise-en-charge-des-contenus-embarqu-s wp-block-embed-prise-en-charge-des-contenus-embarqu-s wp-embed-aspect-16-9 wp-has-aspect-ratio\"><div class=\"wp-block-embed__wrapper\">\n<iframe loading=\"lazy\" title=\"Affaire des Fonds Covid-19 : l\u2019immunit\u00e9 parlementaire de Moustapha Diop lev\u00e9e pour la deuxi\u00e8me fois\" width=\"800\" height=\"450\" src=\"https:\/\/www.youtube.com\/embed\/ixpUOGXFcQA?feature=oembed\" frameborder=\"0\" allow=\"accelerometer; autoplay; clipboard-write; encrypted-media; gyroscope; picture-in-picture; web-share\" referrerpolicy=\"strict-origin-when-cross-origin\" allowfullscreen><\/iframe>\n<\/div><\/figure>\n\n\n\n<p>SOURCE DAKARACTU<\/p>\n","protected":false},"excerpt":{"rendered":"<p>L\u2019Assembl\u00e9e nationale a vot\u00e9, ce vendredi 2 mai 2025, la lev\u00e9e de l\u2019immunit\u00e9 parlementaire du d\u00e9put\u00e9-maire Moustapha Diop, dans le<\/p>\n","protected":false},"author":1,"featured_media":55930,"comment_status":"open","ping_status":"open","sticky":false,"template":"","format":"standard","meta":{"footnotes":""},"categories":[6],"tags":[],"class_list":["post-55928","post","type-post","status-publish","format-standard","has-post-thumbnail","hentry","category-politics"],"_links":{"self":[{"href":"https:\/\/dekkbi.com\/index.php?rest_route=\/wp\/v2\/posts\/55928","targetHints":{"allow":["GET"]}}],"collection":[{"href":"https:\/\/dekkbi.com\/index.php?rest_route=\/wp\/v2\/posts"}],"about":[{"href":"https:\/\/dekkbi.com\/index.php?rest_route=\/wp\/v2\/types\/post"}],"author":[{"embeddable":true,"href":"https:\/\/dekkbi.com\/index.php?rest_route=\/wp\/v2\/users\/1"}],"replies":[{"embeddable":true,"href":"https:\/\/dekkbi.com\/index.php?rest_route=%2Fwp%2Fv2%2Fcomments&post=55928"}],"version-history":[{"count":1,"href":"https:\/\/dekkbi.com\/index.php?rest_route=\/wp\/v2\/posts\/55928\/revisions"}],"predecessor-version":[{"id":55931,"href":"https:\/\/dekkbi.com\/index.php?rest_route=\/wp\/v2\/posts\/55928\/revisions\/55931"}],"wp:featuredmedia":[{"embeddable":true,"href":"https:\/\/dekkbi.com\/index.php?rest_route=\/wp\/v2\/media\/55930"}],"wp:attachment":[{"href":"https:\/\/dekkbi.com\/index.php?rest_route=%2Fwp%2Fv2%2Fmedia&parent=55928"}],"wp:term":[{"taxonomy":"category","embeddable":true,"href":"https:\/\/dekkbi.com\/index.php?rest_route=%2Fwp%2Fv2%2Fcategories&post=55928"},{"taxonomy":"post_tag","embeddable":true,"href":"https:\/\/dekkbi.com\/index.php?rest_route=%2Fwp%2Fv2%2Ftags&post=55928"}],"curies":[{"name":"wp","href":"https:\/\/api.w.org\/{rel}","templated":true}]}}