{"id":5592,"date":"2022-12-30T11:54:55","date_gmt":"2022-12-30T11:54:55","guid":{"rendered":"https:\/\/dekkbi.com\/?p=5592"},"modified":"2022-12-30T11:54:57","modified_gmt":"2022-12-30T11:54:57","slug":"initiative-politique-de-developpement-du-senegal-la-societe-civile-lance-linitiative-demain-senegal","status":"publish","type":"post","link":"https:\/\/dekkbi.com\/?p=5592","title":{"rendered":"Initiative &#8211; Politique de d\u00e9veloppement du S\u00e9n\u00e9gal : La Soci\u00e9t\u00e9 civile lance l\u2019initiative Demain S\u00e9n\u00e9gal"},"content":{"rendered":"\n<p><strong>Avec la cr\u00e9ation de Demain S\u00e9n\u00e9gal, qui est une initiative citoyenne, la Soci\u00e9t\u00e9 civile vise la construction du S\u00e9n\u00e9gal de demain avec les S\u00e9n\u00e9galais d\u2019aujourd\u2019hui. Elle va s\u2019adosser aux conclusions des Assises nationales. Lors de son lancement, plusieurs intellectuels ont analys\u00e9 la situation actuelle du pays.<\/strong><\/p>\n\n\n\n<p><strong>Par Justin GOMIS&nbsp; \u2013<\/strong>&nbsp;Demain S\u00e9n\u00e9gal\u2026 C\u2019est une nouvelle vision pour mettre le S\u00e9n\u00e9gal sur les rampes du d\u00e9veloppement, \u00abau grand bonheur de tous\u00bb. Cette initiative est port\u00e9e par la Soci\u00e9t\u00e9 civile, qui r\u00eave d\u2019un S\u00e9n\u00e9gal prosp\u00e8re. \u00abSon objectif, c\u2019est de donner le pouvoir de d\u00e9cision et d\u2019action au Peuple s\u00e9n\u00e9galais, en particulier \u00e0 ceux qui sont le moins attendus et ceux qui sont les plus repr\u00e9sentatifs de la population, \u00e0 savoir les jeunes et les femmes\u00bb, expose la pr\u00e9sidente de la structure, Thiaba Camara Sy, qui a \u00e9t\u00e9 \u00e0 la c\u00e9r\u00e9monie de lancement du mouvement ce mercredi. Elle questionne d\u00e9j\u00e0 sur l\u2019\u00e9tat du pays qu\u2019on devra laisser aux g\u00e9n\u00e9rations futures. \u00abIl faut que nous arrivions \u00e0 faire entendre l\u2019ensemble des voix. Demain S\u00e9n\u00e9gal se propose d\u2019\u00eatre une plateforme d\u2019\u00e9changes pour que ces voix puissent \u00eatre entendues pour \u00e0 la fois exprimer des probl\u00e8mes et chercher des solutions\u00bb, ass\u00e8ne Mme Sy.<\/p>\n\n\n\n<p>Demain S\u00e9n\u00e9gal a fond\u00e9 son ambition sur cinq probl\u00e9matiques&nbsp;: la promotion de l\u2019Etat de Droit et la bonne gouvernance, l\u2019emploi et l\u2019entrepreneuriat, l\u2019\u00e9ducation et la formation, la sant\u00e9, l\u2019habitat et le cadre de vie. \u00abSi nous arrivons \u00e0 trouver des solutions sur ces cinq piliers, de mani\u00e8re positive et concr\u00e8te, et qui viennent des S\u00e9n\u00e9galais pour des S\u00e9n\u00e9\u00adgalais, cela sera un socle pour un d\u00e9veloppement harmonieux\u00bb, esp\u00e8re Thiaba Camara Sy. La pr\u00e9sidente de Demain S\u00e9n\u00e9gal insiste sur la concertation, en mettant en avant nos valeurs culturelles. Bien s\u00fbr, Demain S\u00e9n\u00e9gal ne va pas r\u00e9inventer la roue, mais elle va adosser ses activit\u00e9s aux conclusions des Assises nationales rang\u00e9es dans les tiroirs depuis plus de 10 ans. \u00abNous estimons que le travail qui a \u00e9t\u00e9 fait par les Assises, il y a une dizaine d\u2019ann\u00e9es, est un travail m\u00e9ticuleux. Elles ont fait ressortir une demande citoyenne qui \u00e9tait clairement formul\u00e9e. C\u2019est un travail qui sert de socle \u00e0 ce que nous sommes en train de faire. Nous ne partons pas de z\u00e9ro. Les Assises nationales ont propos\u00e9 une m\u00e9thodologie\u00bb, rappelle Thiaba Camara Sy.<\/p>\n\n\n\n<p>Aujourd\u2019hui, le pays est confront\u00e9 \u00e0 \u00abun probl\u00e8me d\u2019ing\u00e9nierie de changement\u00bb. Pour Penda Mbow, \u00abil faut une dose de patriotisme\u00bb dans les engagements politiques. \u00abNous refusons de nous sacrifier pour le collectif. Cet \u00e9tat d\u2019esprit, nous le voyons chez les jeunes, qui refusent de s\u2019engager \u00e0 faire des sacrifices pour l\u2019int\u00e9r\u00eat g\u00e9n\u00e9ral. Ils pensent \u00e0 leur avenir, \u00e0 leur r\u00e9ussite\u00bb, dit-elle. Elle poursuit&nbsp;: \u00abQuand nous regardons la liste des \u00e9tudiants \u00e0 l\u2019Ucad, nombre d\u2019entre eux nous viennent des r\u00e9gions p\u00e9riph\u00e9riques et qui continuent encore \u00e0 croire en l\u2019universit\u00e9. Mais ce n\u2019est pas le cas des jeunes qui habitent Thi\u00e8s, Baol, le Ndiambour. Ils s\u2019int\u00e9ressent plut\u00f4t au commerce, \u00e0 l\u2019informel et \u00e0 voyager, s\u2019ils ne sont pas dans les cours des marabouts.\u00bb<\/p>\n\n\n\n<p>Par ailleurs, l\u2019historienne a soulign\u00e9 les questions li\u00e9es \u00e0 l\u2019acc\u00e8s \u00e0 la terre. \u00abC\u2019est tr\u00e8s facile d\u2019acqu\u00e9rir une terre au S\u00e9n\u00e9gal. Le S\u00e9n\u00e9gal est un pays o\u00f9 l\u2019\u00e9tranger peut acqu\u00e9rir facilement un terrain. Ce qui n\u2019est pas possible dans d\u2019autres pays. Beaucoup d\u2019immeubles appartiennent \u00e0 des \u00e9trangers et nous risquons de perdre un jour Dakar\u00bb, met-elle en garde tout en d\u00e9non\u00e7ant une mauvaise politique d\u2019urbanisation \u00e0 Dakar sans \u00abespaces de convivialit\u00e9\u00bb. \u00abIl n\u2019y a plus de quartier r\u00e9sidentiel \u00e0 Dakar. C\u2019est comme un travail de Sisyphe, nous n\u2019avons jamais progress\u00e9 malgr\u00e9 les conclusions des Assises nationales\u00bb, ajoute la professeure d\u2019histoire \u00e0 l\u2019universit\u00e9 Cheikh Anta Diop de Dakar. Et sa conclusion est sans appel&nbsp;: \u00abCe sont les hommes politiques qui bloquent notre d\u00e9veloppement.\u00bb Que faire&nbsp;? \u00abNous devons revenir \u00e0 la r\u00e9flexion pour pouvoir mettre ensemble ce que les r\u00e9flexions comme les Assises ont produit. Il faut passer des soci\u00e9t\u00e9s traditionnelles aux soci\u00e9t\u00e9s modernes\u00bb, en\u00adcha\u00eene Pr Mamadou Diouf. Qui d\u00e9plore par contre la d\u00e9t\u00e9rioration du statut des femmes, \u00abdevenues dans ce pays des actrices de toutes les insultes que l\u2019on entend \u00e0 l\u2019Assembl\u00e9e nationale\u00bb.<\/p>\n\n\n\n<p>En \u00e9cho, Pr Ibrahima Khadim Bamba Diagne pense que le S\u00e9n\u00e9gal a un probl\u00e8me d\u2019adaptation de ses strat\u00e9gies. Il dit\u00a0: \u00ab67% des emplois au S\u00e9n\u00e9gal sont des emplois vuln\u00e9rables. Ils ne permettent pas aux jeunes de prendre en charge leurs besoins. Les autorit\u00e9s n\u2019aident pas nos entreprises locales \u00e0 \u00eatre comp\u00e9titives et \u00e0 se d\u00e9velopper.\u00bb<\/p>\n\n\n\n<p><br><strong>justin@lequotidien.sn<\/strong><\/p>\n","protected":false},"excerpt":{"rendered":"<p>Avec la cr\u00e9ation de Demain S\u00e9n\u00e9gal, qui est une initiative citoyenne, la Soci\u00e9t\u00e9 civile vise la construction du S\u00e9n\u00e9gal de<\/p>\n","protected":false},"author":1,"featured_media":5593,"comment_status":"open","ping_status":"open","sticky":false,"template":"","format":"standard","meta":{"footnotes":""},"categories":[6],"tags":[],"class_list":["post-5592","post","type-post","status-publish","format-standard","has-post-thumbnail","hentry","category-politics"],"_links":{"self":[{"href":"https:\/\/dekkbi.com\/index.php?rest_route=\/wp\/v2\/posts\/5592","targetHints":{"allow":["GET"]}}],"collection":[{"href":"https:\/\/dekkbi.com\/index.php?rest_route=\/wp\/v2\/posts"}],"about":[{"href":"https:\/\/dekkbi.com\/index.php?rest_route=\/wp\/v2\/types\/post"}],"author":[{"embeddable":true,"href":"https:\/\/dekkbi.com\/index.php?rest_route=\/wp\/v2\/users\/1"}],"replies":[{"embeddable":true,"href":"https:\/\/dekkbi.com\/index.php?rest_route=%2Fwp%2Fv2%2Fcomments&post=5592"}],"version-history":[{"count":1,"href":"https:\/\/dekkbi.com\/index.php?rest_route=\/wp\/v2\/posts\/5592\/revisions"}],"predecessor-version":[{"id":5594,"href":"https:\/\/dekkbi.com\/index.php?rest_route=\/wp\/v2\/posts\/5592\/revisions\/5594"}],"wp:featuredmedia":[{"embeddable":true,"href":"https:\/\/dekkbi.com\/index.php?rest_route=\/wp\/v2\/media\/5593"}],"wp:attachment":[{"href":"https:\/\/dekkbi.com\/index.php?rest_route=%2Fwp%2Fv2%2Fmedia&parent=5592"}],"wp:term":[{"taxonomy":"category","embeddable":true,"href":"https:\/\/dekkbi.com\/index.php?rest_route=%2Fwp%2Fv2%2Fcategories&post=5592"},{"taxonomy":"post_tag","embeddable":true,"href":"https:\/\/dekkbi.com\/index.php?rest_route=%2Fwp%2Fv2%2Ftags&post=5592"}],"curies":[{"name":"wp","href":"https:\/\/api.w.org\/{rel}","templated":true}]}}