{"id":55905,"date":"2025-05-02T10:39:20","date_gmt":"2025-05-02T10:39:20","guid":{"rendered":"https:\/\/dekkbi.com\/?p=55905"},"modified":"2025-05-02T10:39:21","modified_gmt":"2025-05-02T10:39:21","slug":"quelle-relation-entre-le-prochain-pape-et-le-monde-arabo-musulman-cher-a-francois","status":"publish","type":"post","link":"https:\/\/dekkbi.com\/?p=55905","title":{"rendered":"Quelle relation entre le prochain pape et le monde arabo-musulman, cher \u00e0 Fran\u00e7ois?"},"content":{"rendered":"\n<p>Le pape Fran\u00e7ois, mort ce 21 avril, a \u00e9t\u00e9 le premier souverain pontife \u00e0 se rapprocher autant du monde arabo-musulman tout au long de son r\u00e8gne, en actes et en paroles. Est-ce que son successeur sera libre de poursuivre sur la m\u00eame voie dans cette r\u00e9gion en \u00e9bullition\u202f?&nbsp;<\/p>\n\n\n\n<p>n pontificat d\u2019une douzaine d\u2019ann\u00e9es, le pape, chef religieux mais \u00e9galement \u00e0 la t\u00eate d\u2019un \u00c9tat, l\u2019\u00c9tat&nbsp;de la Cit\u00e9 du Vatican, a eu \u00e0 c\u0153ur de s\u2019ouvrir au monde arabe. La veille de sa mort, il appelait \u00e0 prier, entre autres, pour les communaut\u00e9s chr\u00e9tiennes du Moyen-Orient : \u00ab&nbsp;<em>J&rsquo;exhorte l\u2019\u00c9glise tout enti\u00e8re \u00e0 accompagner les chr\u00e9tiens du Moyen-Orient bien-aim\u00e9 par l\u2019attention et la pri\u00e8re<\/em>&nbsp;\u00bb. Dans un communiqu\u00e9 intitul\u00e9 \u00ab Fran\u00e7ois, l\u2019Oriental \u00bb, l\u2019\u0152uvre d\u2019Orient, association fran\u00e7aise fond\u00e9e en 1856,&nbsp;insiste aujourd\u2019hui sur la grande sollicitude pour les chr\u00e9tiens d\u2019Orient et les peuples du monde arabe, \u00ab&nbsp;<em>se mettant au service de tous avec une attention plus particuli\u00e8re aux plus vuln\u00e9rables<\/em>&nbsp;\u00bb. Le Saint-P\u00e8re aura ainsi&nbsp;marqu\u00e9&nbsp;un tournant dans la relation entre le Saint-Si\u00e8ge et le monde arabo-musulman.&nbsp;<\/p>\n\n\n\n<h2 class=\"wp-block-heading\">La coexistence, ma\u00eetre-mot des voyages du pape dans le monde arabe&nbsp;<\/h2>\n\n\n\n<p>Le fil rouge du Vatican a toujours \u00e9t\u00e9 la pr\u00e9servation des chr\u00e9tiens arabes demeurant sur place, seul lien charnel vivant avec les origines de la chr\u00e9tient\u00e9. Il ne saurait ainsi y avoir de protection des chr\u00e9tiens arabes sans un dialogue avec l\u2019islam. &nbsp;<\/p>\n\n\n\n<p>Pourtant, le pr\u00e9d\u00e9cesseur de Fran\u00e7ois,\u00a0<strong>Beno\u00eet XVI<\/strong>, s\u2019\u00e9tait attir\u00e9 les foudres et l\u2019incompr\u00e9hension du monde arabe apr\u00e8s son\u00a0<strong>discours mal compris de Ratisbonne<\/strong>\u00a0en 2006 qui traitait de l\u2019islam de mani\u00e8re incidente et abordait le lien entre islam et violence. Fran\u00e7ois, d\u00e8s sa prise de fonction en 2013, entend ainsi changer de cap, mettant en \u0153uvre tout un travail diplomatique pour reprendre le fil des discussions avec le monde musulman dans une p\u00e9riode marqu\u00e9e par une flamb\u00e9e de terrorisme jihadiste dans de nombreux pays.\u00a0<\/p>\n\n\n\n<p>En 2014, il entreprend son premier\u00a0<strong>voyage en Terre Sainte<\/strong>\u00a0et effectuera huit voyages officiels sans la r\u00e9gion (\u00c9gypte, Maroc, Bahre\u00efn, etc), dont certains resteront grav\u00e9s dans l\u2019Histoire. Parmi eux, celui qu\u2019il effectue en 2019 aux\u00a0<strong>\u00c9mirats arabes unis<\/strong>, plac\u00e9 sous le signe de la rencontre interreligieuse et de la \u00ab\u00a0<em>fraternit\u00e9 humaine\u00a0<\/em>\u00bb. Il devient d\u00e8s lors le premier chef de l\u2019\u00c9glise catholique \u00e0 fouler le sol de la p\u00e9ninsule arabique, berceau de l\u2019islam. Fran\u00e7ois confie alors avoir \u00ab\u00a0<em>r\u00e9alis\u00e9 son r\u00eave<\/em>\u00a0\u00bb.\u00a0\u00a0<\/p>\n\n\n\n<p>Le 4 f\u00e9vrier \u00e0 Abu Dhabi, il signe avec le grand imam d\u2019Al-Azhar, la plus haute institution de l\u2019islam sunnite, Ahmed al-Tayyeb, une d\u00e9claration in\u00e9dite sur \u00ab\u00a0<em>la fraternit\u00e9 humaine pour la paix mondiale et la coexistence commune\u00a0<\/em>\u00bb. Un texte dont le secr\u00e9taire g\u00e9n\u00e9ral de l\u2019ONU demandera ensuite au monde de s\u2019inspirer. Un texte qui \u00ab<em>\u00a0condamne fortement la violence (&#8230;) toute destruction, tout terrorisme\u00a0<\/em>\u00bb, confiera le pape\u00a0<strong>\u00e0 des journalistes<\/strong>\u00a0dans l\u2019avion du retour. \u00ab\u00a0<em>Nous l\u2019avons laiss\u00e9 m\u00fbrir de mani\u00e8re un peu confidentielle pour ne pas accoucher de l\u2019enfant avant son terme (&#8230;) Tant le grand imam que moi avons beaucoup pri\u00e9 pour ce texte.<\/em>\u00a0\u00bb\u00a0<\/p>\n\n\n\n<p>\u00ab&nbsp;<em>Ce type de document est int\u00e9ressant dans la mesure o\u00f9 on met par \u00e9crit un certain nombre de choses, et donc la politique qui est sous-jacente est une politique de tol\u00e9rance et de coexistence : faire reconna\u00eetre \u00e0 la fois le fait minoritaire chr\u00e9tien et demander \u00e0 ce que ce fait minoritaire soit reconnu et respect\u00e9 par les diff\u00e9rentes autres parties prenantes,<\/em>&nbsp;analyse Fran\u00e7ois Mabille*, professeur de sciences politiques, chercheur associ\u00e9 \u00e0 l\u2019Iris o\u00f9 il dirige l\u2019Observatoire g\u00e9opolitique du religieux.&nbsp;<em>Engager les diff\u00e9rents acteurs sur des principes communs. Il me semble que l\u00e0, il y a eu une \u00e9volution dans le contenu et, je dirais, dans la diplomatie. On quitte vraiment le domaine purement religieux pour \u00eatre dans le domaine \u00e9thico-politique associ\u00e9 \u00e0 cette question de la libert\u00e9 religieuse.<\/em>&nbsp;\u00bb&nbsp;&nbsp;<\/p>\n\n\n\n<p>Et puis, en 2021, Fran\u00e7ois effectue un voyage que tous pensaient impossible pour des raisons s\u00e9curitaires et en pleine \u00e9pid\u00e9mie de Covid :\u00a0<strong>\u00a0il se rend en Irak<\/strong>, terre d\u2019Abraham (patriarche\u00a0des religions juive, chr\u00e9tienne et musulmane), \u00e0 la rencontre des chr\u00e9tiens, cibles des jihadistes du groupe \u00c9tat islamique de 2014 \u00e0 2017. Il rencontre aussi dans ce pays ravag\u00e9 par les guerres le leader spirituel chiite iranien, Ali Al-Sistani, \u00e0 Nadjaf, ville sainte du chiisme. \u00c0 ses c\u00f4t\u00e9s, il rappelle \u00ab\u00a0<em>l\u2019importance de la collaboration et de l\u2019amiti\u00e9 entre les communaut\u00e9s religieuses\u00a0<\/em>\u00bb. Pasteur du dialogue inter-religieux, il condamne une nouvelle fois le terrorisme et la violence qui touchent tous les Irakiens, quelle que soit leur religion, qu\u2019il qualifie de \u00ab\u00a0<em>trahisons de la religion<\/em>\u00a0\u00bb. L\u2019\u00e9v\u00eaque de Rome recevra aussi tout au long de son r\u00e8gne de nombreuses figures de l\u2019islam. En 2016, il ram\u00e8nera au Vatican trois familles de r\u00e9fugi\u00e9s musulmans syriens de l\u2019\u00eele de Lesbos.\u00a0<\/p>\n\n\n\n<h2 class=\"wp-block-heading\">Entre guide spirituel et acteur diplomatique&nbsp;<\/h2>\n\n\n\n<p>Porte-voix de la paix et du dialogue inter-religieux dans cette zone meurtrie du monde, Fran\u00e7ois ne parvient cependant pas \u00e0 se faire entendre quand il r\u00e9clame que les armes se taisent. En 2013, alors qu\u2019une intervention militaire occidentale en Syrie est envisag\u00e9e, Fran\u00e7ois s\u2019y oppose, estimant que les chr\u00e9tiens de la r\u00e9gion ont trop \u00e0 perdre au renversement du dictateur Bachar el-Assad. Mais en ao\u00fbt 2014, alert\u00e9 sur les violences commises contre les minorit\u00e9s religieuses par l\u2019organisation \u00c9tat islamique en Irak, Fran\u00e7ois admet le recours \u00e0 la force. Ce sera la seule fois durant son r\u00e8gne qu\u2019il ne tiendra pas une position totalement pacifique. Le Saint-P\u00e8re n\u2019a de cesse \u00e9galement d\u2019appeler au dialogue et de r\u00e9clamer la paix au Y\u00e9men, mais aussi en Palestine o\u00f9 il pr\u00f4ne la solution \u00e0 deux \u00c9tats et un statut international pour J\u00e9rusalem. En 2015, il invite repr\u00e9sentants isra\u00e9lien et palestinien \u00e0 planter&nbsp;un olivier dans les jardins du Vatican.&nbsp;<\/p>\n\n\n\n<p>Le 20 avril dernier, il rappelait encore lors de son message Urbi et Orbi depuis le balcon de la place Saint-Pierre : \u00ab&nbsp;<em>Le terrible conflit continue de semer la mort et la destruction et de provoquer une situation humanitaire dramatique et ignoble&nbsp;<\/em>\u00bb. Et de s\u2019adresser directement aux bellig\u00e9rants : \u00ab&nbsp;<em>Cessez le feu, que les otages soient lib\u00e9r\u00e9s et que l\u2019aide pr\u00e9cieuse soit apport\u00e9e \u00e0 la population affam\u00e9e qui aspire \u00e0 un avenir de paix \u202f! \u00bb&nbsp;<\/em>Une prise de position sans ambigu\u00eft\u00e9s qui lui vaut le courroux d\u2019Isra\u00ebl, surtout depuis le 7-Octobre. Il faudra quatre jours pour que Tel-Aviv adresse ses condol\u00e9ances apr\u00e8s la mort de Fran\u00e7ois. \u00ab&nbsp;<em>Gaza repr\u00e9sente, en quelque sorte, tout ce qui \u00e9tait au c\u0153ur de son pontificat&nbsp;<\/em>\u00bb, a salu\u00e9 le patriarche latin de J\u00e9rusalem et&nbsp;successeur potentiel du pape Fran\u00e7ois, Pierbattista Pizzaballa, ce 22 avril.&nbsp;<\/p>\n\n\n\n<p>Les nombreux voyages du pape dans le monde arabe, ainsi que sa participation \u00e0 diff\u00e9rents rassemblements interreligieux, lui a en tout cas permis, selon le chercheur, de se mettre \u00e0 la m\u00eame place que les autres leaders religieux. \u00ab&nbsp;<em>Je pense que \u00e7a a eu un impact dans la perception qu&rsquo;une opinion publique musulmane ou que des responsables musulmans, fussent-ils politiques et religieux bien \u00e9videmment, ont pu avoir de ce pape<\/em>. \u00bb&nbsp;&nbsp;&nbsp;<\/p>\n\n\n\n<h2 class=\"wp-block-heading\">Un futur pape proche du monde arabo-musulman\u202f?&nbsp;<\/h2>\n\n\n\n<p>Avec la mort du pape Fran\u00e7ois, ce dialogue pouss\u00e9 \u00e0 un niveau sans pr\u00e9c\u00e9dent avec le monde arabo-musulman pourrait-il prendre fin\u202f? Ce qu&rsquo;un pape fait, un autre peut le d\u00e9faire. Et donc, le successeur du souverain pontife d\u00e9funt pourrait s\u2019orienter vers une dimension moins politique et plus religieuse durant son r\u00e8gne. Cela \u00e9tant, le prochain souverain pontife ne pourra pas totalement se d\u00e9sint\u00e9resser de la question de l&rsquo;islam, ne serait-ce que parce que beaucoup de chr\u00e9tiens arabes, malgr\u00e9 une h\u00e9morragie, vivent comme minorit\u00e9s dans des pays \u00e0 majorit\u00e9 musulmane. &nbsp;<\/p>\n\n\n\n<p><em>\u00ab Les relations que le pape a pu tenter de mettre en place avec des acteurs musulmans, se sont faites dans une diplomatie para-\u00e9tatique,<\/em>&nbsp;explique Fran\u00e7ois Mabille.&nbsp;<em>Quand les tensions sont trop forte, la diplomatie du Saint-Si\u00e8ge, traditionnellement, doit s&rsquo;appuyer sur d&rsquo;autres diplomaties \u00e9tatiques pour avoir gain de cause, en tout cas \u00eatre entendue. Et quand on est confront\u00e9 \u00e0 un monde o\u00f9 pr\u00e9cis\u00e9ment les alliances disparaissent ou qu&rsquo;on a une mont\u00e9e des nationalismes, etc., cette diplomatie est en difficult\u00e9.<\/em>&nbsp;<em>Le cas d&rsquo;Isra\u00ebl-Palestine est tout \u00e0 fait significatif. Et donc la diplomatie vaticane est r\u00e9duite \u00e0 ce qu&rsquo;elle est, une sorte de voix d\u00e9sarm\u00e9e. Et elle ne peut pas faire grand-chose.<\/em>&nbsp;\u00bb&nbsp;<\/p>\n\n\n\n<p>D\u2019ordinaire, la diplomatie vaticane \u2013 riche de 122 repr\u00e9sentations diplomatiques dans le monde &#8211; s\u2019appuie sur des relais, mais aujourd\u2019hui la Russie est prise dans le conflit en Ukraine et les \u00c9tats-Unis sont des alli\u00e9s inconditionnels d\u2019Isra\u00ebl dans la r\u00e9gion. D\u00e8s lors, le Saint-Si\u00e8ge ne peut trouver de relais \u00e0 ses appels \u00e0 la paix. Le Vatican est un petit \u00c9tat (0,44km2) qui est neutre, sans ressources \u00e9conomiques et sans arm\u00e9e, ce qui oblige le Saint-Si\u00e8ge \u00e0 avoir un comportement sp\u00e9cifique sur la sc\u00e8ne internationale afin de pouvoir manifester sa libert\u00e9 d\u2019action et la libert\u00e9 religieuse des catholiques.&nbsp;<\/p>\n\n\n\n<p>\u00ab&nbsp;<em>Je pense que le principal enjeu pour le prochain souverain, ce sera d&rsquo;\u00e9valuer \u00e0 temps et de savoir se positionner par rapport aux cons\u00e9quences des d\u00e9stabilisations qu&rsquo;on voit en cours depuis le retour de Trump au pouvoir et le soutien qu\u2019il d\u00e9tient de la part des sionistes chr\u00e9tiens. Il peut y avoir des opportunit\u00e9s et en m\u00eame temps des contraintes tr\u00e8s fortes<\/em>. \u00bb Nul ne sait en effet pour l\u2019heure quelles seront les cons\u00e9quences de la politique de Trump sur le Proche-Orient et quelles seront les cons\u00e9quences dans le monde musulman. Si la parole du chef du Vatican n\u2019est pas toujours \u00e9cout\u00e9e, elle est en tout cas relay\u00e9e. Le Vatican n\u2019est peupl\u00e9 que par un petit millier d\u2019habitants, mais le successeur de saint Pierre repr\u00e9sente pr\u00e8s d\u2019un milliard et demi de personnes, soit pr\u00e8s de 20% de l\u2019humanit\u00e9.&nbsp;<\/p>\n\n\n\n<p>*&nbsp;<em>Le Vatican. La papaut\u00e9 face \u00e0 un monde en crise<\/em>&nbsp;(\u00c9ditions Eyrolles)&nbsp;<\/p>\n","protected":false},"excerpt":{"rendered":"<p>Le pape Fran\u00e7ois, mort ce 21 avril, a \u00e9t\u00e9 le premier souverain pontife \u00e0 se rapprocher autant du monde arabo-musulman<\/p>\n","protected":false},"author":1,"featured_media":55906,"comment_status":"open","ping_status":"open","sticky":false,"template":"","format":"standard","meta":{"footnotes":""},"categories":[51],"tags":[],"class_list":["post-55905","post","type-post","status-publish","format-standard","has-post-thumbnail","hentry","category-general"],"_links":{"self":[{"href":"https:\/\/dekkbi.com\/index.php?rest_route=\/wp\/v2\/posts\/55905","targetHints":{"allow":["GET"]}}],"collection":[{"href":"https:\/\/dekkbi.com\/index.php?rest_route=\/wp\/v2\/posts"}],"about":[{"href":"https:\/\/dekkbi.com\/index.php?rest_route=\/wp\/v2\/types\/post"}],"author":[{"embeddable":true,"href":"https:\/\/dekkbi.com\/index.php?rest_route=\/wp\/v2\/users\/1"}],"replies":[{"embeddable":true,"href":"https:\/\/dekkbi.com\/index.php?rest_route=%2Fwp%2Fv2%2Fcomments&post=55905"}],"version-history":[{"count":1,"href":"https:\/\/dekkbi.com\/index.php?rest_route=\/wp\/v2\/posts\/55905\/revisions"}],"predecessor-version":[{"id":55907,"href":"https:\/\/dekkbi.com\/index.php?rest_route=\/wp\/v2\/posts\/55905\/revisions\/55907"}],"wp:featuredmedia":[{"embeddable":true,"href":"https:\/\/dekkbi.com\/index.php?rest_route=\/wp\/v2\/media\/55906"}],"wp:attachment":[{"href":"https:\/\/dekkbi.com\/index.php?rest_route=%2Fwp%2Fv2%2Fmedia&parent=55905"}],"wp:term":[{"taxonomy":"category","embeddable":true,"href":"https:\/\/dekkbi.com\/index.php?rest_route=%2Fwp%2Fv2%2Fcategories&post=55905"},{"taxonomy":"post_tag","embeddable":true,"href":"https:\/\/dekkbi.com\/index.php?rest_route=%2Fwp%2Fv2%2Ftags&post=55905"}],"curies":[{"name":"wp","href":"https:\/\/api.w.org\/{rel}","templated":true}]}}