{"id":55902,"date":"2025-05-02T10:34:06","date_gmt":"2025-05-02T10:34:06","guid":{"rendered":"https:\/\/dekkbi.com\/?p=55902"},"modified":"2025-05-02T10:34:06","modified_gmt":"2025-05-02T10:34:06","slug":"allemagne-le-parti-afd-confirme-extremiste-de-droite","status":"publish","type":"post","link":"https:\/\/dekkbi.com\/?p=55902","title":{"rendered":"Allemagne: le parti AfD confirm\u00e9 \u00abextr\u00e9miste de droite\u00bb"},"content":{"rendered":"\n<p>Le renseignement int\u00e9rieur allemand a class\u00e9 vendredi 2 mai l&rsquo;ensemble du parti Alternative pour l&rsquo;Allemagne (AfD), arriv\u00e9 deuxi\u00e8me aux derni\u00e8res l\u00e9gislatives, comme un mouvement \u00ab extr\u00e9miste de droite av\u00e9r\u00e9 \u00bb, ce qui permet en th\u00e9orie un placement sous surveillance intensive.&nbsp;<\/p>\n\n\n\n<p><strong>Par : RFI avec agences<\/strong><\/p>\n\n\n\n<p>L&rsquo;id\u00e9ologie de l&rsquo;AfD,\u00a0<em>Alternative f\u00fcr Deutschland<\/em>, qui \u00ab\u00a0<em>d\u00e9valorise des groupes entiers de la population en\u00a0<strong>Allemagne<\/strong>\u00a0et porte atteinte \u00e0 leur dignit\u00e9 humaine<\/em>\u00a0\u00bb, n&rsquo;est \u00ab\u00a0<em>pas compatible avec l&rsquo;ordre d\u00e9mocratique fondamental\u00a0<\/em>\u00bb, estime l&rsquo;Office de protection de la Constitution.\u00a0Commentant cette d\u00e9cision, la ministre de l&rsquo;Int\u00e9rieur Nancy Faeser a d\u00e9clar\u00e9 que l&rsquo;AfD mena\u00e7ait ouvertement la d\u00e9mocratie. \u00ab\u00a0<em>L&rsquo;AfD repr\u00e9sente un concept ethnique discriminant contre des groupes entiers de population<\/em>\u00a0\u00bb, a-t-elle dit dans un communiqu\u00e9.<\/p>\n\n\n\n<p>Cette d\u00e9cision des renseignements est une \u00e9tape indispensable vers la voie d&rsquo;une interdiction de l&rsquo;AfD, qui faisait d\u00e9bat en Allemagne depuis des ann\u00e9es, rapporte notre correspondante \u00e0 Berlin,&nbsp;<strong>Nathalie Versieux.<\/strong><\/p>\n\n\n\n<p>L&rsquo;AfD ne consid\u00e8re pas les citoyens allemands issus de l&rsquo;immigration et originaires de pays \u00e0 majorit\u00e9 musulmane comme&nbsp;des membres \u00e0 part enti\u00e8re du peuple allemand, selon le renseignement int\u00e9rieur allemand.&nbsp;<\/p>\n\n\n\n<p>Jeune parti cr\u00e9\u00e9 en 2013, l&rsquo;AfD \u00e9tait class\u00e9 comme \u00ab&nbsp;<em>cas suspect&nbsp;<\/em>\u00bb d&rsquo;extr\u00e9misme par le contre-espionnage depuis mars 2021, une d\u00e9cision contest\u00e9e sans succ\u00e8s par le parti devant la justice. Cette nouvelle d\u00e9signation permet aux autorit\u00e9s d&rsquo;utiliser des m\u00e9thodes secr\u00e8tes pour surveiller l&rsquo;AfD, comme le recrutement confidentiel d&rsquo;informateurs et l&rsquo;interception de communications.<\/p>\n\n\n\n<p>Le mouvement de jeunesse de l&rsquo;AfD et d&rsquo;autres sections du parti \u00e9taient d\u00e9j\u00e0 catalogu\u00e9s comme tels. Alice Weidel, co-pr\u00e9sidente du parti, avait d&rsquo;ailleurs\u00a0<strong>annonc\u00e9 \u00e0 la fin de l&rsquo;ann\u00e9e derni\u00e8re vouloir r\u00e9organiser<\/strong>\u00a0\u00ab<em>\u00a0l&rsquo;organisation de jeunesse&#8230; afin de la rapprocher du parti\u00a0<\/em>\u00bb, autrement dit vouloir en reprendre le contr\u00f4le dans la perspective des\u00a0<strong>l\u00e9gislatives de f\u00e9vrier.<\/strong><\/p>\n\n\n\n<p>Selon des analystes, cette d\u00e9signation pourrait in fine renforcer le soutien \u00e0 l&rsquo;AfD, plac\u00e9 en t\u00eate de plusieurs sondages ces derni\u00e8res semaines, et \u00e0 son discours visant \u00e0 se pr\u00e9senter comme la victime des partis \u00e9tablis.<\/p>\n\n\n\n<p>Lors des \u00e9lections l\u00e9gislatives du 23 f\u00e9vrier, l&rsquo;AfD men\u00e9e par Alice Weidel avait r\u00e9alis\u00e9 une perc\u00e9e historique, doublant son pr\u00e9c\u00e9dent score avec plus de 20\u00a0% des voix.\u00a0Depuis, le parti a m\u00eame d\u00e9pass\u00e9 dans certains sondages l&rsquo;Union chr\u00e9tienne-d\u00e9mocrate (CDU), le parti conservateur de\u00a0<strong>Friedrich Merz<\/strong>\u00a0qui pr\u00eate serment comme nouveau chancelier dans quelques jours. En th\u00e9orie, apr\u00e8s sa perc\u00e9e aux l\u00e9gislatives, la formation d&rsquo;extr\u00eame droite est en droit de briguer un certain nombre de pr\u00e9sidences de commissions au Bundestag, mais elle aurait pour cela besoin du soutien des autres partis. Il sera plus ais\u00e9 encore aux partis traditionnels de lui refuser ce soutien.<\/p>\n","protected":false},"excerpt":{"rendered":"<p>Le renseignement int\u00e9rieur allemand a class\u00e9 vendredi 2 mai l&rsquo;ensemble du parti Alternative pour l&rsquo;Allemagne (AfD), arriv\u00e9 deuxi\u00e8me aux derni\u00e8res<\/p>\n","protected":false},"author":1,"featured_media":55903,"comment_status":"open","ping_status":"open","sticky":false,"template":"","format":"standard","meta":{"footnotes":""},"categories":[51],"tags":[],"class_list":["post-55902","post","type-post","status-publish","format-standard","has-post-thumbnail","hentry","category-general"],"_links":{"self":[{"href":"https:\/\/dekkbi.com\/index.php?rest_route=\/wp\/v2\/posts\/55902","targetHints":{"allow":["GET"]}}],"collection":[{"href":"https:\/\/dekkbi.com\/index.php?rest_route=\/wp\/v2\/posts"}],"about":[{"href":"https:\/\/dekkbi.com\/index.php?rest_route=\/wp\/v2\/types\/post"}],"author":[{"embeddable":true,"href":"https:\/\/dekkbi.com\/index.php?rest_route=\/wp\/v2\/users\/1"}],"replies":[{"embeddable":true,"href":"https:\/\/dekkbi.com\/index.php?rest_route=%2Fwp%2Fv2%2Fcomments&post=55902"}],"version-history":[{"count":1,"href":"https:\/\/dekkbi.com\/index.php?rest_route=\/wp\/v2\/posts\/55902\/revisions"}],"predecessor-version":[{"id":55904,"href":"https:\/\/dekkbi.com\/index.php?rest_route=\/wp\/v2\/posts\/55902\/revisions\/55904"}],"wp:featuredmedia":[{"embeddable":true,"href":"https:\/\/dekkbi.com\/index.php?rest_route=\/wp\/v2\/media\/55903"}],"wp:attachment":[{"href":"https:\/\/dekkbi.com\/index.php?rest_route=%2Fwp%2Fv2%2Fmedia&parent=55902"}],"wp:term":[{"taxonomy":"category","embeddable":true,"href":"https:\/\/dekkbi.com\/index.php?rest_route=%2Fwp%2Fv2%2Fcategories&post=55902"},{"taxonomy":"post_tag","embeddable":true,"href":"https:\/\/dekkbi.com\/index.php?rest_route=%2Fwp%2Fv2%2Ftags&post=55902"}],"curies":[{"name":"wp","href":"https:\/\/api.w.org\/{rel}","templated":true}]}}