{"id":55883,"date":"2025-05-02T09:49:00","date_gmt":"2025-05-02T09:49:00","guid":{"rendered":"https:\/\/dekkbi.com\/?p=55883"},"modified":"2025-05-02T09:49:01","modified_gmt":"2025-05-02T09:49:01","slug":"secretariat-general-du-gouvernement-boubacar-camara-remplace-al-aminou-lo","status":"publish","type":"post","link":"https:\/\/dekkbi.com\/?p=55883","title":{"rendered":"Secr\u00e9tariat g\u00e9n\u00e9ral du gouvernement : Boubacar Camara remplace Al Aminou L\u00f4"},"content":{"rendered":"\n<p><strong>Depuis ce mercredi, Boubacar Camara est le nouveau ministre-Secr\u00e9taire g\u00e9n\u00e9ral du gouvernement. Membre de la Coalition \u00abDiomaye Pr\u00e9sident\u00bb, \u00abKamah\u00bb remplace Mouhamadou Al Aminou L\u00f4, nomm\u00e9 ministre en charge de la Coordination de l\u2019Agenda 2050.<\/strong><\/p>\n\n\n\n<p>Le bruit avait beaucoup couru ces derni\u00e8res semaines sur un remaniement du gouvernement. En lieu et place, il y a eu un petit r\u00e9am\u00e9nagement. Ainsi, on note, d\u2019apr\u00e8s le communiqu\u00e9 sanctionnant la r\u00e9union du Conseil des ministres du mercredi 30 avril, que Mouhamadou Al Aminou L\u00f4, jusqu\u2019ici ministre-Secr\u00e9taire g\u00e9n\u00e9ral du gouvernement, un des tr\u00e8s proches collaborateurs du Premier ministre Ousmane Sonko, quitte la Primature pour atterrir \u00e0 la pr\u00e9sidence de la R\u00e9publique. M. L\u00f4 est promu ministre aupr\u00e8s du pr\u00e9sident de la R\u00e9publique charg\u00e9 de la Coordination, du suivi et de l\u2019\u00e9valuation de l\u2019Agenda de transformation nationale 2050. Jusqu\u2019ici, Mouhamadou Al Aminou L\u00f4 avait habitu\u00e9 ses compatriotes \u00e0 ses interventions lors des s\u00e9ances d\u2019explications du gouvernement, exposant devant la presse la situation \u00e9conomique et financi\u00e8re du gouvernement.<\/p>\n\n\n\n<p>M. L\u00f4 c\u00e8de son fauteuil \u00e0 un membre \u00e9minent de la Coalition \u00abDiomaye Pr\u00e9\u00adsident\u00bb&nbsp;: Boubacar Camara, pr\u00e9sident du Parti pour la citoyennet\u00e9 et la solidarit\u00e9 (Pcs\/Tabaax jengu) et ancien candidat malheureux \u00e0 la derni\u00e8re \u00e9lection pr\u00e9sidentielle de mars 2024.<\/p>\n\n\n\n<p>\u00abKamah\u00bb a aussi \u00e9t\u00e9, dans le pass\u00e9, un alli\u00e9 du candidat malheureux Ousmane Sonko, lors de la premi\u00e8re participation du leader du parti Pasref \u00e0 la Pr\u00e9sidentielle de 2019.<\/p>\n\n\n\n<p>Sur le plan administratif, c\u2019est sous les habits d\u2019un ancien haut fonctionnaire, qui avait pris sa retraite par anticipation \u00e0 l\u2019Inspection g\u00e9n\u00e9rale d\u2019Etat (Ige), que Boubacar Cama se voit con\u00adfier les r\u00eanes du Secr\u00e9tariat g\u00e9n\u00e9ral du gouvernement. M. Camara a aussi fait un passage dans le secteur priv\u00e9 pour avoir \u00e9t\u00e9 nomm\u00e9 Pca de la Sococim. Apr\u00e8s avoir dirig\u00e9 les Douanes s\u00e9n\u00e9galaises et \u00e9t\u00e9 Secr\u00e9taire g\u00e9n\u00e9ral du Minist\u00e8re de la coop\u00e9ration internationale, de l\u2019am\u00e9nagement du territoire, des transports a\u00e9riens et des infrastructures (Micati), dirig\u00e9 alors par un certain Karim Wade. Boubacar Camara a occup\u00e9 sa derni\u00e8re fonction administrative au B\u00e9nin, comme Directeur g\u00e9n\u00e9ral adjoint des Douanes de ce pays.<\/p>\n\n\n\n<p>Par Amadou MBODJI \u2013\u00a0<strong>ambodji@lequotidien.sn<\/strong><\/p>\n","protected":false},"excerpt":{"rendered":"<p>Depuis ce mercredi, Boubacar Camara est le nouveau ministre-Secr\u00e9taire g\u00e9n\u00e9ral du gouvernement. Membre de la Coalition \u00abDiomaye Pr\u00e9sident\u00bb, \u00abKamah\u00bb remplace<\/p>\n","protected":false},"author":1,"featured_media":5458,"comment_status":"open","ping_status":"open","sticky":false,"template":"","format":"standard","meta":{"footnotes":""},"categories":[21],"tags":[],"class_list":["post-55883","post","type-post","status-publish","format-standard","has-post-thumbnail","hentry","category-societe"],"_links":{"self":[{"href":"https:\/\/dekkbi.com\/index.php?rest_route=\/wp\/v2\/posts\/55883","targetHints":{"allow":["GET"]}}],"collection":[{"href":"https:\/\/dekkbi.com\/index.php?rest_route=\/wp\/v2\/posts"}],"about":[{"href":"https:\/\/dekkbi.com\/index.php?rest_route=\/wp\/v2\/types\/post"}],"author":[{"embeddable":true,"href":"https:\/\/dekkbi.com\/index.php?rest_route=\/wp\/v2\/users\/1"}],"replies":[{"embeddable":true,"href":"https:\/\/dekkbi.com\/index.php?rest_route=%2Fwp%2Fv2%2Fcomments&post=55883"}],"version-history":[{"count":1,"href":"https:\/\/dekkbi.com\/index.php?rest_route=\/wp\/v2\/posts\/55883\/revisions"}],"predecessor-version":[{"id":55884,"href":"https:\/\/dekkbi.com\/index.php?rest_route=\/wp\/v2\/posts\/55883\/revisions\/55884"}],"wp:featuredmedia":[{"embeddable":true,"href":"https:\/\/dekkbi.com\/index.php?rest_route=\/wp\/v2\/media\/5458"}],"wp:attachment":[{"href":"https:\/\/dekkbi.com\/index.php?rest_route=%2Fwp%2Fv2%2Fmedia&parent=55883"}],"wp:term":[{"taxonomy":"category","embeddable":true,"href":"https:\/\/dekkbi.com\/index.php?rest_route=%2Fwp%2Fv2%2Fcategories&post=55883"},{"taxonomy":"post_tag","embeddable":true,"href":"https:\/\/dekkbi.com\/index.php?rest_route=%2Fwp%2Fv2%2Ftags&post=55883"}],"curies":[{"name":"wp","href":"https:\/\/api.w.org\/{rel}","templated":true}]}}