{"id":55880,"date":"2025-05-02T09:43:07","date_gmt":"2025-05-02T09:43:07","guid":{"rendered":"https:\/\/dekkbi.com\/?p=55880"},"modified":"2025-05-02T10:26:27","modified_gmt":"2025-05-02T10:26:27","slug":"ziguinchor-undo-mayo-2025-de-cabrousse-entre-interdiction-et-autorisation-la-volte-face-des-autorites","status":"publish","type":"post","link":"https:\/\/dekkbi.com\/?p=55880","title":{"rendered":"\u00abundo mayo\u00bb 2025 de Cabrousse : entre interdiction et autorisation, la volte-face des autorit\u00e9s"},"content":{"rendered":"\n<p>Interdite puis autoris\u00e9e, la manifestation du&nbsp;<em>\u00abundo mayo\u00bb,<\/em>&nbsp;une c\u00e9l\u00e9bration qui a lieu tous les ans le 1<sup>er<\/sup>&nbsp;mai \u00e0 la plage a connu des rebondissements extraordinaires cette ann\u00e9e. La d\u00e9cision interdisant cette manifestation, rendue publique la veille, mercredi 30 avril 2025, a plong\u00e9 les populations de Cabrousse dans une col\u00e8re noire. La situation \u00e0 failli d\u00e9g\u00e9n\u00e9rer lorsque&nbsp; les Forces de l\u2019ordre, d\u00e9ploy\u00e9es dans la zone, se sont frott\u00e9es aux jeunes d\u00e9termines \u00e0 maintenir la c\u00e9l\u00e9bration.<\/p>\n\n\n\n<p>Des tirs de grenades lacrymog\u00e8nes,&nbsp; des bless\u00e9s et des arrestations, la tension \u00e9tait bien palpable sur place au moment o\u00f9 les chefs coutumiers, notables, autorit\u00e9s locales de la zone \u00e9taient en conclave \u00e0 la Gouvernance de Ziguinchor pour trouver une solution avec le chef de l\u2019ex\u00e9cutif r\u00e9gional. Et c\u2019est en d\u00e9but de soir\u00e9e, avant-hier mercredi, que la d\u00e9cision de lever l\u2019interdiction \u00e0 \u00e9t\u00e9 prise par l\u2019autorit\u00e9 administrative. Une volte-face qui en disait long sur la d\u00e9termination des organisateurs \u00e0 tenir leur manifestation, le&nbsp;<em>\u00abundo mayo\u00bb<\/em>&nbsp;qui a mobilis\u00e9 des milliers de personnes qui ont d\u00e9barqu\u00e9 sur la plage de Cabrousse, hier jeudi,&nbsp; pour f\u00eater le 1<sup>er<\/sup>&nbsp;mai&nbsp; sur fond d\u2019ambiance carnavalesque.<\/p>\n\n\n\n<p>Rappeler que cette f\u00eate du&nbsp;<em>\u00abundo mayo\u00bb<\/em>&nbsp; tire toute sa quintessence de la tradition Bissau-guin\u00e9enne&nbsp;; d\u2019o\u00f9 la forte pr\u00e9sence de ressortissants Bissau-guin\u00e9ens. L\u2019une des fausses note de cette 16<sup>e<\/sup>&nbsp;\u00e9dition du&nbsp;<em>\u00abundo mayo\u00bb<\/em>&nbsp;a \u00e9t\u00e9 cet accident de la route sur l\u2019axe Ziguinchor\u2013Capskiring o\u00f9 un minibus qui transportait des passagers en partance pour le&nbsp;<em>\u00abundo mayo\u00bb<\/em>&nbsp;s\u2019est renvers\u00e9, faisant plusieurs bless\u00e9s dont certains gri\u00e8vement.&nbsp; Les victimes ont \u00e9t\u00e9 achemin\u00e9es dans les structures sanitaires de Ziguinchor. En plus de cas enregistr\u00e9s mercredi, lors des \u00e9chauffour\u00e9es entre populations de Cabrousse et Forces de l\u2019ordre dont 4 bless\u00e9s et un \u00e9vacu\u00e9 parmi ces agents de s\u00e9curit\u00e9 (les gendarmes) qui ont vu un de leurs v\u00e9hicules endommag\u00e9.<\/p>\n\n\n\n<p>Un accident qui est venu ternir un peu cette c\u00e9l\u00e9bration du&nbsp;<em>\u00abundo mayo\u00bb<\/em>&nbsp;\u00e9maill\u00e9 de consid\u00e9rations politiques, si l\u2019on en croit certains qui pointent du doigt une gu\u00e9guerre politique entre partisans du Pastef de Ziguinchor et ceux de Cabrousse. Certains n\u2019ont pas manqu\u00e9 de pointer du doigt un des responsables des jeunesses patriotes de Ziguinchor, r\u00e9cemment&nbsp;&nbsp;<em>\u00abbombard\u00e9\u00bb<\/em>&nbsp;Pr\u00e9sident de conseil d\u2019administration (PCA), qui serait \u00e0 l\u2019origine de cette pol\u00e9mique autour de l\u2019organisation de l\u2019\u00e9dition 2025 du&nbsp;<em>\u00abundo mayo\u00bb<\/em>.<\/p>\n\n\n\n<p><strong>Ignace NDEYE<\/strong><br>SUDQUOTIDIEN<\/p>\n","protected":false},"excerpt":{"rendered":"<p>Interdite puis autoris\u00e9e, la manifestation du&nbsp;\u00abundo mayo\u00bb,&nbsp;une c\u00e9l\u00e9bration qui a lieu tous les ans le 1er&nbsp;mai \u00e0 la plage a<\/p>\n","protected":false},"author":1,"featured_media":55881,"comment_status":"open","ping_status":"open","sticky":false,"template":"","format":"standard","meta":{"footnotes":""},"categories":[26],"tags":[],"class_list":["post-55880","post","type-post","status-publish","format-standard","has-post-thumbnail","hentry","category-fait-divers"],"_links":{"self":[{"href":"https:\/\/dekkbi.com\/index.php?rest_route=\/wp\/v2\/posts\/55880","targetHints":{"allow":["GET"]}}],"collection":[{"href":"https:\/\/dekkbi.com\/index.php?rest_route=\/wp\/v2\/posts"}],"about":[{"href":"https:\/\/dekkbi.com\/index.php?rest_route=\/wp\/v2\/types\/post"}],"author":[{"embeddable":true,"href":"https:\/\/dekkbi.com\/index.php?rest_route=\/wp\/v2\/users\/1"}],"replies":[{"embeddable":true,"href":"https:\/\/dekkbi.com\/index.php?rest_route=%2Fwp%2Fv2%2Fcomments&post=55880"}],"version-history":[{"count":2,"href":"https:\/\/dekkbi.com\/index.php?rest_route=\/wp\/v2\/posts\/55880\/revisions"}],"predecessor-version":[{"id":55900,"href":"https:\/\/dekkbi.com\/index.php?rest_route=\/wp\/v2\/posts\/55880\/revisions\/55900"}],"wp:featuredmedia":[{"embeddable":true,"href":"https:\/\/dekkbi.com\/index.php?rest_route=\/wp\/v2\/media\/55881"}],"wp:attachment":[{"href":"https:\/\/dekkbi.com\/index.php?rest_route=%2Fwp%2Fv2%2Fmedia&parent=55880"}],"wp:term":[{"taxonomy":"category","embeddable":true,"href":"https:\/\/dekkbi.com\/index.php?rest_route=%2Fwp%2Fv2%2Fcategories&post=55880"},{"taxonomy":"post_tag","embeddable":true,"href":"https:\/\/dekkbi.com\/index.php?rest_route=%2Fwp%2Fv2%2Ftags&post=55880"}],"curies":[{"name":"wp","href":"https:\/\/api.w.org\/{rel}","templated":true}]}}