{"id":55864,"date":"2025-05-02T09:18:34","date_gmt":"2025-05-02T09:18:34","guid":{"rendered":"https:\/\/dekkbi.com\/?p=55864"},"modified":"2025-05-02T11:01:55","modified_gmt":"2025-05-02T11:01:55","slug":"radiation-de-tidjane-thiam-des-listes-electorales-les-avis-contrastes-des-ivoiriens-residant-a-dakar","status":"publish","type":"post","link":"https:\/\/dekkbi.com\/?p=55864","title":{"rendered":"Radiation de Tidjane Thiam: Les avis contrast\u00e9s des Ivoiriens r\u00e9sidant \u00e0 Dakar"},"content":{"rendered":"\n<p><strong>Alors qu\u2019il incarnait une alternative s\u00e9rieuse au pouvoir en place, Tidjane Thiam a \u00e9t\u00e9 radi\u00e9 des listes \u00e9lectorales par la justice ivoirienne au motif d\u2019une perte non effective de sa nationalit\u00e9 fran\u00e7aise au moment de son inscription. \u00c0 Dakar, o\u00f9 r\u00e9side une partie active et engag\u00e9e de la diaspora ivoirienne, cette d\u00e9cision suscite des r\u00e9actions contrast\u00e9es.<\/strong><\/p>\n\n\n\n<p>Sous un soleil cl\u00e9ment, entre les rues anim\u00e9es de la M\u00e9dina et les amphith\u00e9\u00e2tres surchauff\u00e9s de l\u2019Universit\u00e9 Cheikh Anta Diop de Dakar (Ucad), l\u2019actualit\u00e9 politique ivoirienne est sur toutes les l\u00e8vres avec la radiation de Tidjane Thiam. L\u2019ancien banquier ivoirien, devenu opposant politique, a \u00e9t\u00e9 \u00e9cart\u00e9 de la course \u00e0 la pr\u00e9sidentielle dans son pays. Cette d\u00e9cision est jug\u00e9e brutale, injuste, voire orchestr\u00e9e par certains. Pour d\u2019autres, elle s\u2019inscrit dans le strict respect de la loi. Dans les rues comme dans les cercles intellectuels, le d\u00e9bat se pose au sein de la diaspora ivoirienne \u00e9tablie \u00e0 Dakar, m\u00eame si certains pr\u00e9f\u00e8rent rester silencieux sur une question jug\u00e9e sensible. Le 22 avril 2025, le tribunal d\u2019Abidjan radie officiellement Tidjane Thiam des listes \u00e9lectorales, estimant qu\u2019il avait perdu la nationalit\u00e9 ivoirienne en 1987 en devenant Fran\u00e7ais. Une interpr\u00e9tation contest\u00e9e du droit, que ses partisans jugent instrumentalis\u00e9e.<\/p>\n\n\n\n<p>\u00c0 Dakar, o\u00f9 vit une importante communaut\u00e9 ivoirienne, cette nouvelle tombe comme une onde de choc, m\u00eame si d\u2019autres y voient une application stricte de la loi et une \u00abna\u00efvet\u00e9\u00bb de ce technocrate chevronn\u00e9 dont d\u2019aucuns disent qu\u2019il a pr\u00eat\u00e9 le flanc. Fanta Bakayoko, install\u00e9e \u00e0 Dakar depuis cinq ans, est n\u00e9anmoins tr\u00e8s attach\u00e9e \u00e0 sa m\u00e8re patrie. Elle fait r\u00e9guli\u00e8rement des allers-retours pour s\u2019occuper de ses affaires et se ressourcer aupr\u00e8s de sa famille. Frustr\u00e9e par cette radiation, qu\u2019elle juge ill\u00e9gale, elle ne cache pas sa col\u00e8re. \u00abOn muselle un candidat, pas un citoyen\u00bb \u00abC\u2019est un mauvais signal envoy\u00e9 \u00e0 la diaspora. La radiation de M. Thiam est per\u00e7ue comme une man\u0153uvre pour verrouiller le jeu \u00e9lectoral. Nous esp\u00e9rions une \u00e9lection ouverte avec un vrai d\u00e9bat d\u2019id\u00e9es. L\u00e0, on nous enl\u00e8ve le choix\u00bb, fustige-t-elle avec rigueur. Pour elle, l\u2019Afrique doit d\u00e9passer cette mani\u00e8re malsaine de se d\u00e9barrasser de ses opposants s\u00e9rieux. M\u00eame si Mme Bakayoko d\u00e9nonce aussi la complicit\u00e9 de certains responsables du Pdci, qui ont contribu\u00e9 \u00e0 contester la candidature de M. Thiam devant les juridictions ivoiriennes. Chez les ressortissants ivoiriens \u00e9tudiants, les discussions sont vives. Nombreux sont ceux qui redoutent une d\u00e9mobilisation des \u00e9lecteurs de la diaspora, voire une rupture de confiance vis-\u00e0-vis des institutions.<\/p>\n\n\n\n<p>\u00c0 l\u2019universit\u00e9 de Dakar, les avis sont partag\u00e9s. Alassane, \u00e9tudiant en Biologie \u00e0 l\u2019Ucad, suit l\u2019actualit\u00e9 avec attention. \u00abNous sommes des jeunes, \u00e9duqu\u00e9s et engag\u00e9s. Ce qui se passe \u00e0 Abidjan nous touche profond\u00e9ment. Ce n\u2019est pas seulement Tidjane Thiam qui est vis\u00e9, c\u2019est le principe m\u00eame de participation\u00bb, s\u2019alarme-t-il. Mais, tout le monde ne partage pas cette indignation. Pour Mariam Traor\u00e9, \u00e9tudiante en Droit public, la d\u00e9cision de la justice ivoirienne est juridiquement fond\u00e9e. \u00abOn ne peut pas invoquer l\u2019\u00e9motion quand il s\u2019agit de droit. La l\u00e9gislation sur la nationalit\u00e9 est claire. S\u2019il a volontairement acquis une autre nationalit\u00e9 sans r\u00e9int\u00e9gration l\u00e9gale, alors la radiation est logique\u00bb, argumente cette jeune dame au teint clair et en mode dreads locks. M\u00eame son de cloche chez Ibrahima Kon\u00e9, doctorant en Sciences politiques. \u00abOn peut regretter la symbolique, mais la d\u00e9mocratie, c\u2019est aussi le respect des lois. On ne peut pas crier \u00e0 la manipulation \u00e0 chaque d\u00e9cision qui ne va pas dans notre sens\u00bb, rappelle-t-il. Cette diversit\u00e9 d\u2019opinions, parfois tranch\u00e9es, refl\u00e8te une diaspora instruite, impliqu\u00e9e et soucieuse de s\u2019approprier les enjeux politiques de son pays d\u2019origine.<\/p>\n\n\n\n<p><strong>\u00abOn pensait que Thiam \u00e9tait intouchable\u00bb<\/strong><\/p>\n\n\n\n<p>Du c\u00f4t\u00e9 des commer\u00e7ants ivoiriens \u00e9tablis au march\u00e9 Sandiniery, l\u2019amertume est palpable. Koffi, install\u00e9 \u00e0 Dakar depuis une d\u00e9cennie, se dit \u00abd\u00e9pit\u00e9, mais pas surpris\u00bb. \u00abThiam avait le profil id\u00e9al : comp\u00e9tence, exp\u00e9rience, int\u00e9grit\u00e9. S\u2019il est \u00e9cart\u00e9 de cette fa\u00e7on, quel message est donn\u00e9e \u00e0 la jeunesse ? Que le syst\u00e8me ne veut pas changer\u00bb, explique ce commer\u00e7ant. D\u2019apr\u00e8s Koffi, plusieurs commer\u00e7ants craignent des tensions pr\u00e9-\u00e9lectorales, voire des violences post-\u00e9lectorales comme en 2010. \u00abOn a tous des familles l\u00e0-bas, on sait ce que \u00e7a co\u00fbte\u00bb, craint-il. Selon lui, les syndromes de division ethnique et politique sommeillent encore en C\u00f4te d\u2019Ivoire et il ne faut pas r\u00e9veiller ces d\u00e9mons. D\u2019autant plus, explique-t-il, le pays est dans une bonne dynamique \u00e9conomique. Issouf, ing\u00e9nieur informaticien, partage cette inqui\u00e9tude. \u00abAu Mali, au Niger, au Burkina, c\u2019est l\u2019arm\u00e9e qui prend le pouvoir.<\/p>\n\n\n\n<p>En C\u00f4te d\u2019Ivoire, c\u2019est la justice qu\u2019on instrumentalise. Dans tous les cas, c\u2019est la d\u00e9mocratie qui trinque\u00bb, s\u2019alarme-t-il. Pour lui, cette \u00e9lection \u00e9tait un test pour la maturit\u00e9 politique ivoirienne et un signal pour l\u2019Afrique de l\u2019Ouest. \u00abCe test, on est en train de le rater\u00bb, d\u00e9plore le jeune homme. Fanta Bakayoko appelle \u00e0 l\u2019unit\u00e9. \u00abLa diaspora doit rester vigilante, inform\u00e9e, engag\u00e9e. M\u00eame si on nous retire un candidat, on ne nous retirera pas notre voix\u00bb, argumente-t-elle. La radiation de Tidjane Thiam n\u2019a pas seulement boulevers\u00e9 un calendrier \u00e9lectoral, elle a r\u00e9activ\u00e9 un profond d\u00e9bat sur la d\u00e9mocratie et la justice. Si certains saluent une d\u00e9cision de droit, d\u2019autres y voient une man\u0153uvre politique. Une chose est s\u00fbre : la diaspora ivoirienne du S\u00e9n\u00e9gal ne veut pas rester spectatrice.<\/p>\n\n\n\n<p><strong>Daouda DIOUF<\/strong><\/p>\n","protected":false},"excerpt":{"rendered":"<p>Alors qu\u2019il incarnait une alternative s\u00e9rieuse au pouvoir en place, Tidjane Thiam a \u00e9t\u00e9 radi\u00e9 des listes \u00e9lectorales par la<\/p>\n","protected":false},"author":1,"featured_media":55865,"comment_status":"open","ping_status":"open","sticky":false,"template":"","format":"standard","meta":{"footnotes":""},"categories":[51],"tags":[],"class_list":["post-55864","post","type-post","status-publish","format-standard","has-post-thumbnail","hentry","category-general"],"_links":{"self":[{"href":"https:\/\/dekkbi.com\/index.php?rest_route=\/wp\/v2\/posts\/55864","targetHints":{"allow":["GET"]}}],"collection":[{"href":"https:\/\/dekkbi.com\/index.php?rest_route=\/wp\/v2\/posts"}],"about":[{"href":"https:\/\/dekkbi.com\/index.php?rest_route=\/wp\/v2\/types\/post"}],"author":[{"embeddable":true,"href":"https:\/\/dekkbi.com\/index.php?rest_route=\/wp\/v2\/users\/1"}],"replies":[{"embeddable":true,"href":"https:\/\/dekkbi.com\/index.php?rest_route=%2Fwp%2Fv2%2Fcomments&post=55864"}],"version-history":[{"count":2,"href":"https:\/\/dekkbi.com\/index.php?rest_route=\/wp\/v2\/posts\/55864\/revisions"}],"predecessor-version":[{"id":55916,"href":"https:\/\/dekkbi.com\/index.php?rest_route=\/wp\/v2\/posts\/55864\/revisions\/55916"}],"wp:featuredmedia":[{"embeddable":true,"href":"https:\/\/dekkbi.com\/index.php?rest_route=\/wp\/v2\/media\/55865"}],"wp:attachment":[{"href":"https:\/\/dekkbi.com\/index.php?rest_route=%2Fwp%2Fv2%2Fmedia&parent=55864"}],"wp:term":[{"taxonomy":"category","embeddable":true,"href":"https:\/\/dekkbi.com\/index.php?rest_route=%2Fwp%2Fv2%2Fcategories&post=55864"},{"taxonomy":"post_tag","embeddable":true,"href":"https:\/\/dekkbi.com\/index.php?rest_route=%2Fwp%2Fv2%2Ftags&post=55864"}],"curies":[{"name":"wp","href":"https:\/\/api.w.org\/{rel}","templated":true}]}}