{"id":55859,"date":"2025-05-02T09:10:39","date_gmt":"2025-05-02T09:10:39","guid":{"rendered":"https:\/\/dekkbi.com\/?p=55859"},"modified":"2025-05-02T09:10:40","modified_gmt":"2025-05-02T09:10:40","slug":"cour-des-comptes-justice-vers-des-poursuites-contre-danciens-ministres-et-hauts-fonctionnaires","status":"publish","type":"post","link":"https:\/\/dekkbi.com\/?p=55859","title":{"rendered":"Cour des comptes \u2013 Justice: vers des poursuites contre d\u2019anciens ministres et hauts fonctionnaires"},"content":{"rendered":"\n<p>\u00c0 la suite de l\u2019audit des finances publiques portant sur la p\u00e9riode 2019\u20132024, le pr\u00e9sident de la Cour des comptes, Mamadou Faye, a officiellement saisi le ministre de la Justice, Ousmane Diagne, par voie de r\u00e9f\u00e9r\u00e9. Il demande l\u2019ouverture de poursuites p\u00e9nales sur la base de documents sensibles joints \u00e0 sa correspondance.<\/p>\n\n\n\n<p>Selon les r\u00e9v\u00e9lations du journal L\u2019Observateur, ces pi\u00e8ces incluent des documents d\u00e9classifi\u00e9s mettant en lumi\u00e8re des mouvements suspects enregistr\u00e9s sur les comptes bancaires d\u2019anciens membres du gouvernement, notamment des ministres et ministres d\u00e9l\u00e9gu\u00e9s charg\u00e9s des Finances.<\/p>\n\n\n\n<p>La m\u00eame source indique que plusieurs figures importantes du r\u00e9gime de l\u2019ancien pr\u00e9sident Macky Sall sont concern\u00e9es. Une dizaine de hauts fonctionnaires ayant travaill\u00e9 au Tr\u00e9sor public et au minist\u00e8re des Finances figureraient parmi les personnes vis\u00e9es.<\/p>\n\n\n\n<p>Pour encadrer cette proc\u00e9dure, une r\u00e9union technique s\u2019est tenue r\u00e9cemment avec la participation du procureur financier, de magistrats d\u00e9sign\u00e9s et d\u2019enqu\u00eateurs sp\u00e9cialis\u00e9s de la police judiciaire. Cette rencontre marque le lancement officiel des investigations, confi\u00e9es \u00e0 la Division des investigations criminelles (DIC).<\/p>\n\n\n\n<p>Huit dossiers jug\u00e9s particuli\u00e8rement \u00ab&nbsp;explosifs&nbsp;\u00bb seraient d\u00e9j\u00e0 finalis\u00e9s, et les premi\u00e8res auditions des personnalit\u00e9s impliqu\u00e9es devraient commencer dans les jours \u00e0 venir.<\/p>\n\n\n\n<p>SOURCE LESOLEIL<\/p>\n","protected":false},"excerpt":{"rendered":"<p>\u00c0 la suite de l\u2019audit des finances publiques portant sur la p\u00e9riode 2019\u20132024, le pr\u00e9sident de la Cour des comptes,<\/p>\n","protected":false},"author":1,"featured_media":54587,"comment_status":"open","ping_status":"open","sticky":false,"template":"","format":"standard","meta":{"footnotes":""},"categories":[3],"tags":[],"class_list":["post-55859","post","type-post","status-publish","format-standard","has-post-thumbnail","hentry","category-event-more-news"],"_links":{"self":[{"href":"https:\/\/dekkbi.com\/index.php?rest_route=\/wp\/v2\/posts\/55859","targetHints":{"allow":["GET"]}}],"collection":[{"href":"https:\/\/dekkbi.com\/index.php?rest_route=\/wp\/v2\/posts"}],"about":[{"href":"https:\/\/dekkbi.com\/index.php?rest_route=\/wp\/v2\/types\/post"}],"author":[{"embeddable":true,"href":"https:\/\/dekkbi.com\/index.php?rest_route=\/wp\/v2\/users\/1"}],"replies":[{"embeddable":true,"href":"https:\/\/dekkbi.com\/index.php?rest_route=%2Fwp%2Fv2%2Fcomments&post=55859"}],"version-history":[{"count":1,"href":"https:\/\/dekkbi.com\/index.php?rest_route=\/wp\/v2\/posts\/55859\/revisions"}],"predecessor-version":[{"id":55860,"href":"https:\/\/dekkbi.com\/index.php?rest_route=\/wp\/v2\/posts\/55859\/revisions\/55860"}],"wp:featuredmedia":[{"embeddable":true,"href":"https:\/\/dekkbi.com\/index.php?rest_route=\/wp\/v2\/media\/54587"}],"wp:attachment":[{"href":"https:\/\/dekkbi.com\/index.php?rest_route=%2Fwp%2Fv2%2Fmedia&parent=55859"}],"wp:term":[{"taxonomy":"category","embeddable":true,"href":"https:\/\/dekkbi.com\/index.php?rest_route=%2Fwp%2Fv2%2Fcategories&post=55859"},{"taxonomy":"post_tag","embeddable":true,"href":"https:\/\/dekkbi.com\/index.php?rest_route=%2Fwp%2Fv2%2Ftags&post=55859"}],"curies":[{"name":"wp","href":"https:\/\/api.w.org\/{rel}","templated":true}]}}