{"id":55850,"date":"2025-05-02T08:58:28","date_gmt":"2025-05-02T08:58:28","guid":{"rendered":"https:\/\/dekkbi.com\/?p=55850"},"modified":"2025-05-02T09:32:57","modified_gmt":"2025-05-02T09:32:57","slug":"gouvernement-et-organisations-de-travailleurs-et-demployeurs-signent-un-pacte-national-de-stabilite-sociale","status":"publish","type":"post","link":"https:\/\/dekkbi.com\/?p=55850","title":{"rendered":"Gouvernement et organisations de travailleurs et d\u2019employeurs signent un Pacte national de stabilit\u00e9 sociale"},"content":{"rendered":"\n<p>Dakar,  (APS) \u2013 Le gouvernement du S\u00e9n\u00e9gal et les organisations syndicales et patronales ont sign\u00e9, jeudi, le pacte national de stabilit\u00e9 sociale cens\u00e9 installer un climat social apais\u00e9 propice \u00e0 une \u00e9conomie comp\u00e9titive, \u00e0 la promotion du travail d\u00e9cent productif et \u00e0 l\u2019\u00e9quit\u00e9 sociale, a constat\u00e9 l\u2019APS.<\/p>\n\n\n\n<p>Cette entente tripartite a \u00e9t\u00e9 concr\u00e9tis\u00e9e au cours d\u2019une c\u00e9r\u00e9monie pr\u00e9sid\u00e9e par le Premier ministre, au si\u00e8ge de la Primature, au building administratif, \u00e0 Dakar.<\/p>\n\n\n\n<p>Quatre secr\u00e9taires g\u00e9n\u00e9raux d\u2019organisations syndicales (CNTS UNSAS, CNTS\/FC et CSA) et autant de repr\u00e9sentants d\u2019organisations d\u2019employeurs (CNP, CNES, UNACOIS et MEDES) ont appos\u00e9 leur signature sur le document du pacte national se stabilit\u00e9 sociale de m\u00eame que les ministres du Travail, de l\u2019Emploi et des Relations avec les institutions, Abass Fall, et de la Fonction publique et de la R\u00e9forme du Service public, Olivier Boucal, agissant pour le compte du gouvernement.<\/p>\n\n\n\n<p>S\u2019exprimant au nom des organisations syndicales, Mody Guiro, secr\u00e9taire g\u00e9n\u00e9ral de la Conf\u00e9d\u00e9ration nationale des travailleurs du S\u00e9n\u00e9gal, a invit\u00e9 ses camarades syndicalistes \u00e0 respecter leur engagement mat\u00e9rialis\u00e9 par la signature du pacte.<\/p>\n\n\n\n<p>\u2018\u2019Notre signature nous engage et il nous faut nous assumer. J\u2019invite tous les autres \u00e0 en faire de m\u00eame en respectant les termes de ce pacte historique, en ce sens que c\u2019est la premi\u00e8re fois que le gouvernement et les partenaires sociaux sont arrib\u00e9s \u00e0 discuter de la sorte\u2019\u2019, a-t-il soulign\u00e9.<\/p>\n\n\n\n<p>Mody Guiro fait ainsi r\u00e9f\u00e9rence \u00e0 la \u2018\u2019grande rencontre tripartite\u2019\u2019 entre le gouvernement du Premier ministre Ousmane Sonko, les organisations de travailleurs et le patronat, tenue le 27 f\u00e9vrier dernier.<\/p>\n\n\n\n<p>Cette n\u00e9gociation collective, qui a permis de recenser les pr\u00e9occupations des partenaires sociaux et au gouvernement de faire le point sur le contexte \u00e9conomique du pays et les accords en cours, avait pour objectif de baisser les tensions et r\u00e9duire les dissensions entre ces trois acteurs, afin d\u2019instaurer un climat social apais\u00e9 favorable \u00e0 la mise en \u0153uvre de la Vision S\u00e9n\u00e9gal 20250, l\u2019agenda national de transformation socio-\u00e9conomique du S\u00e9n\u00e9gal.<\/p>\n\n\n\n<figure class=\"wp-block-embed is-type-rich is-provider-prise-en-charge-des-contenus-embarqu-s wp-block-embed-prise-en-charge-des-contenus-embarqu-s wp-embed-aspect-16-9 wp-has-aspect-ratio\"><div class=\"wp-block-embed__wrapper\">\n<iframe loading=\"lazy\" title=\"Pacte de stabilit\u00e9 sociale: Gouvernement, centrales syndicales et Patronat &quot;accordent&quot; leur violon\" width=\"800\" height=\"450\" src=\"https:\/\/www.youtube.com\/embed\/HuioB8w1JUE?feature=oembed\" frameborder=\"0\" allow=\"accelerometer; autoplay; clipboard-write; encrypted-media; gyroscope; picture-in-picture; web-share\" referrerpolicy=\"strict-origin-when-cross-origin\" allowfullscreen><\/iframe>\n<\/div><\/figure>\n\n\n\n<p><strong>\u2018\u2019B\u00e2tir un vrai mod\u00e8le \u00e9conomique \u00e0 m\u00eame de cr\u00e9er et partager de la richesse\u2019\u2019 (PM)<\/strong><\/p>\n\n\n\n<p>Avec ce pacte national de stabilit\u00e9 sociale d\u2019une dur\u00e9e de trois ans (2025-2027), sign\u00e9e ce 1<sup>er<\/sup>&nbsp;mai marquant la c\u00e9l\u00e9bration de la f\u00eate du travail, le gouvernement invite ainsi les syndicats \u00e0 \u201dsursoir aux gr\u00e8ves et de ne pas descendre dans la rue le temps, pour le gouvernement, de r\u00e9gler les probl\u00e8mes expos\u00e9s par les acteurs syndicaux\u201d.<\/p>\n\n\n\n<p>Prenant la parole au nom des organisations d\u2019employeurs, le pr\u00e9sident du Conseil national du patronat (CNP) \u00e0 rappeler que la \u2018\u2019construction de la souverainet\u00e9 \u00e9conomique\u2019\u2019 signifie la \u2018\u2019r\u00e9duction de la d\u00e9pendance \u00e0 l\u2019ext\u00e9rieur sans nuire \u00e0 l\u2019attractivit\u00e9 du pays\u2019\u2019.<\/p>\n\n\n\n<p>Ba\u00efdy Agne a, en plus, rappel\u00e9 plusieurs attentes vis-\u00e0-vis du gouvernement, parmi lesquels figurent, entre autres, la \u2018\u2019r\u00e9sorption de la dette int\u00e9rieure\u2019\u2019, le \u2018\u2019renforcement du dialogue public-priv\u00e9 notamment par la loi sur le contenu local\u2019\u2019, \u2018\u2019l\u2019acc\u00e9l\u00e9ration du projet de loi sur le patriotisme \u00e9conomique avec un acc\u00e8s pr\u00e9f\u00e9rentiel \u00e0, la commande publique\u2019\u2019.<\/p>\n\n\n\n<p><sup>De gauche \u00e0 droite, Marie Yvette Ke\u00efta, Cheikh Diop et Elimane Diouf, respectivement secr\u00e9taire g\u00e9n\u00e9ral de l\u2019Union nationale des syndicats autonomes du S\u00e9n\u00e9gal (UNSAS) ; de la Conf\u00e9d\u00e9ration nationale des travailleurs \/ Force du changement (CNTS\/FC) et de la Conf\u00e9d\u00e9ration des syndicats autonomes du S\u00e9n\u00e9gal (CSA), signant le Pacte national de stabilit\u00e9 sociale&nbsp;<\/sup><\/p>\n\n\n\n<p>A son tour, le Premier ministre, Ousmane Sonko, a r\u00e9it\u00e9r\u00e9 en wolof, la d\u00e9marche du gouvernement ax\u00e9e sur le dialogue, la solidarit\u00e9 et la transparence envers les organisations de travailleurs et celles des employeurs afin de favoriser la cr\u00e9ation de richesse et son partage \u00e9quitable entre tous les segments de la population.<\/p>\n\n\n\n<p>\u2018\u2019Il faut d\u2019abord cr\u00e9er de la richesse pour la partager. C\u2019est pourquoi nous avons ce pacte, dont la signature constitue un tournant historique, pour enfin construire un vrai mod\u00e8le \u00e9conomique\u2019\u2019, a d\u00e9clar\u00e9 le chef du gouvernement.<\/p>\n\n\n\n<p>ABB\/OID<\/p>\n","protected":false},"excerpt":{"rendered":"<p>Dakar, (APS) \u2013 Le gouvernement du S\u00e9n\u00e9gal et les organisations syndicales et patronales ont sign\u00e9, jeudi, le pacte national de<\/p>\n","protected":false},"author":1,"featured_media":55853,"comment_status":"open","ping_status":"open","sticky":false,"template":"","format":"standard","meta":{"footnotes":""},"categories":[6],"tags":[],"class_list":["post-55850","post","type-post","status-publish","format-standard","has-post-thumbnail","hentry","category-politics"],"_links":{"self":[{"href":"https:\/\/dekkbi.com\/index.php?rest_route=\/wp\/v2\/posts\/55850","targetHints":{"allow":["GET"]}}],"collection":[{"href":"https:\/\/dekkbi.com\/index.php?rest_route=\/wp\/v2\/posts"}],"about":[{"href":"https:\/\/dekkbi.com\/index.php?rest_route=\/wp\/v2\/types\/post"}],"author":[{"embeddable":true,"href":"https:\/\/dekkbi.com\/index.php?rest_route=\/wp\/v2\/users\/1"}],"replies":[{"embeddable":true,"href":"https:\/\/dekkbi.com\/index.php?rest_route=%2Fwp%2Fv2%2Fcomments&post=55850"}],"version-history":[{"count":2,"href":"https:\/\/dekkbi.com\/index.php?rest_route=\/wp\/v2\/posts\/55850\/revisions"}],"predecessor-version":[{"id":55873,"href":"https:\/\/dekkbi.com\/index.php?rest_route=\/wp\/v2\/posts\/55850\/revisions\/55873"}],"wp:featuredmedia":[{"embeddable":true,"href":"https:\/\/dekkbi.com\/index.php?rest_route=\/wp\/v2\/media\/55853"}],"wp:attachment":[{"href":"https:\/\/dekkbi.com\/index.php?rest_route=%2Fwp%2Fv2%2Fmedia&parent=55850"}],"wp:term":[{"taxonomy":"category","embeddable":true,"href":"https:\/\/dekkbi.com\/index.php?rest_route=%2Fwp%2Fv2%2Fcategories&post=55850"},{"taxonomy":"post_tag","embeddable":true,"href":"https:\/\/dekkbi.com\/index.php?rest_route=%2Fwp%2Fv2%2Ftags&post=55850"}],"curies":[{"name":"wp","href":"https:\/\/api.w.org\/{rel}","templated":true}]}}