{"id":5585,"date":"2022-12-30T11:40:34","date_gmt":"2022-12-30T11:40:34","guid":{"rendered":"https:\/\/dekkbi.com\/?p=5585"},"modified":"2022-12-30T11:40:35","modified_gmt":"2022-12-30T11:40:35","slug":"journee-nationale-de-lelevage-un-cahier-de-doleances-soumis-a-macky","status":"publish","type":"post","link":"https:\/\/dekkbi.com\/?p=5585","title":{"rendered":"Journ\u00e9e nationale de l\u2019\u00e9levage : Un cahier de dol\u00e9ances soumis \u00e0 Macky"},"content":{"rendered":"\n<p><strong>La r\u00e9gion de Tambacounda a abrit\u00e9 ce jeudi, la 8\u00e8me \u00e9dition de la Journ\u00e9e nationale de l\u2019\u00e9levage (Jne), qui a pour th\u00e8me\u00a0: \u00abLa modernisation et l\u2019intensification des syst\u00e8mes d\u2019\u00e9levage pour une comp\u00e9titivit\u00e9 des cha\u00eenes de valeur animale et la souverainet\u00e9 alimentaire.\u00bb Les acteurs en ont profit\u00e9 pour soumettre au Pr\u00e9sident Macky Sall, leurs dol\u00e9ances, tout en lui rendant un vibrant hommage pour les efforts consentis pour le d\u00e9veloppement du secteur.<\/strong><\/p>\n\n\n\n<p>\u00abLa modernisation et l\u2019intensification des syst\u00e8mes d\u2019\u00e9levage pour une comp\u00e9titivit\u00e9 des cha\u00eenes de valeur animale et la souverainet\u00e9 alimentaire\u00bb, tel est le th\u00e8me de la 8e Journ\u00e9e nationale de l\u2019\u00e9levage qui a \u00e9t\u00e9 c\u00e9l\u00e9br\u00e9e hier \u00e0 Tambacounda, en pr\u00e9sence du Pr\u00e9sident Macky Sall. Un th\u00e8me dont tous les acteurs ont salu\u00e9 la pertinence.<\/p>\n\n\n\n<p>Mais selon le maire de Tamba, pour \u00eatre en phase avec le th\u00e8me, il va falloir mieux prendre en charge certaines questions, notamment les maladies du cheptel. Pour Papa Banda Di\u00e8ye, les conflits entre agriculteurs et \u00e9leveurs m\u00e9ritent d\u2019\u00eatre r\u00e9solus, ainsi que la persistance du vol de b\u00e9tail. \u00abMalgr\u00e9 sa criminalisation, le vol de b\u00e9tail persiste encore. Il faut encore des mesures beaucoup plus ardues. La raret\u00e9 des p\u00e2turages, due \u00e0 la pouss\u00e9e d\u00e9mographique et agricole, est aussi un frein pour le d\u00e9veloppement du secteur. Il faut y trouver une solution\u00bb, plaide le maire de la capitale du S\u00e9n\u00e9gal Oriental.&nbsp;Et d\u2019encourager la cr\u00e9ation d\u2019am\u00e9nagements pastoraux avec une bonne gestion du foncier. Ce qui va, d\u2019apr\u00e8s lui, contribuer au d\u00e9veloppement de l\u2019\u00e9levage dans la r\u00e9gion et m\u00eame dans le pays.<\/p>\n\n\n\n<p>Le pr\u00e9sident de l\u2019Union nationale des organisations d\u2019\u00e9leveurs du S\u00e9n\u00e9gal (Unoes) lui embo\u00eete le pas. \u00abLe th\u00e8me de cette ann\u00e9e est venu \u00e0 son heure\u00bb, indique Harouna Gallo B\u00e2. Ce qui, \u00e0 son avis, t\u00e9moigne de tout l\u2019int\u00e9r\u00eat que le pr\u00e9sident de la R\u00e9publique porte au sous-secteur de l\u2019\u00e9levage. M. B\u00e2 \u00e9voque aussi les efforts consentis dans le secteur. \u00abVous \u00eates le 1e Pr\u00e9sident \u00e0 accorder une subvention de 12 milliards de francs Cfa pour la sauvegarde du b\u00e9tail, en 2012. Vous avez accord\u00e9 une subvention de 50% \u00e0 l\u2019importation des vaches laiti\u00e8res. Vous avez instruit les banques \u00e0 mieux accompagner les \u00e9leveurs. Les routes r\u00e9alis\u00e9es dans le Fouta sont en train d\u2019impacter positivement les productions animales dans le pays. Hier (mercredi), en Conseil des ministres d\u00e9centralis\u00e9 \u00e0 Tamba, vous avez adopt\u00e9 le projet de loi du Code pastoral\u00bb, a dit le patron de &nbsp;l\u2019Unoes au chef de l\u2019Etat. Avant d\u2019attirer son attention sur un certain nombre de d\u00e9fis qui restent \u00e0 relever, pour une meilleure modernisation de l\u2019\u00e9levage. Entre autres, M. B\u00e2 a cit\u00e9 le probl\u00e8me des feux de brousse. \u00abLes feux de brousse ont des cons\u00e9quences \u00e9normes sur le b\u00e9tail et m\u00eame chez les populations. Souvent, il est not\u00e9 des morts d\u2019hommes et d\u2019animaux du fait des feux de brousse\u00bb, renseigne le pr\u00e9sident de l\u2019Unoes. Et de pr\u00e9coniser la mise en place d\u2019un budget de 6 milliards vot\u00e9 par l\u2019As\u00adsembl\u00e9e nationale, pour lutter contre le ph\u00e9nom\u00e8ne. La revalorisation des vall\u00e9es fossiles fait aussi partie de ses attentes, pour mieux rentabiliser les cultures fourrag\u00e8res au grand bonheur des \u00e9leveurs et du cheptel.<\/p>\n\n\n\n<p>Saluant la validation du projet de loi relatif au Code pastoral par le gouvernement, Isma\u00efla Sow de la Maison des \u00e9leveurs invite les autorit\u00e9s \u00e0 aller vers l\u2019harmonisation des Codes de l\u2019environnement, des collectivit\u00e9s territoriales\u2026 afin de favoriser la coh\u00e9sion entre les \u00e9leveurs et tous les autres acteurs.<\/p>\n\n\n\n<p><strong>Malgr\u00e9 ces d\u00e9fis, souligne le pr\u00e9sident&nbsp;de l\u2019Association<\/strong>&nbsp;nationale&nbsp;pour&nbsp;l\u2019intensification&nbsp;de la&nbsp;production laiti\u00e8re, la production laiti\u00e8re a atteint 30 millions de litres. Et pour mieux intensifier la production, informe Mamadou B\u00e2, 1200 g\u00e9nisses seront import\u00e9es en janvier 2023. Il rappelle que gr\u00e2ce aux trois derni\u00e8res importations de races de vaches laiti\u00e8res, la facture laiti\u00e8re est pass\u00e9e de 60 \u00e0 37 milliards de francs Cfa.<\/p>\n","protected":false},"excerpt":{"rendered":"<p>La r\u00e9gion de Tambacounda a abrit\u00e9 ce jeudi, la 8\u00e8me \u00e9dition de la Journ\u00e9e nationale de l\u2019\u00e9levage (Jne), qui a<\/p>\n","protected":false},"author":1,"featured_media":5491,"comment_status":"open","ping_status":"open","sticky":false,"template":"","format":"standard","meta":{"footnotes":""},"categories":[21],"tags":[],"class_list":["post-5585","post","type-post","status-publish","format-standard","has-post-thumbnail","hentry","category-societe"],"_links":{"self":[{"href":"https:\/\/dekkbi.com\/index.php?rest_route=\/wp\/v2\/posts\/5585","targetHints":{"allow":["GET"]}}],"collection":[{"href":"https:\/\/dekkbi.com\/index.php?rest_route=\/wp\/v2\/posts"}],"about":[{"href":"https:\/\/dekkbi.com\/index.php?rest_route=\/wp\/v2\/types\/post"}],"author":[{"embeddable":true,"href":"https:\/\/dekkbi.com\/index.php?rest_route=\/wp\/v2\/users\/1"}],"replies":[{"embeddable":true,"href":"https:\/\/dekkbi.com\/index.php?rest_route=%2Fwp%2Fv2%2Fcomments&post=5585"}],"version-history":[{"count":1,"href":"https:\/\/dekkbi.com\/index.php?rest_route=\/wp\/v2\/posts\/5585\/revisions"}],"predecessor-version":[{"id":5586,"href":"https:\/\/dekkbi.com\/index.php?rest_route=\/wp\/v2\/posts\/5585\/revisions\/5586"}],"wp:featuredmedia":[{"embeddable":true,"href":"https:\/\/dekkbi.com\/index.php?rest_route=\/wp\/v2\/media\/5491"}],"wp:attachment":[{"href":"https:\/\/dekkbi.com\/index.php?rest_route=%2Fwp%2Fv2%2Fmedia&parent=5585"}],"wp:term":[{"taxonomy":"category","embeddable":true,"href":"https:\/\/dekkbi.com\/index.php?rest_route=%2Fwp%2Fv2%2Fcategories&post=5585"},{"taxonomy":"post_tag","embeddable":true,"href":"https:\/\/dekkbi.com\/index.php?rest_route=%2Fwp%2Fv2%2Ftags&post=5585"}],"curies":[{"name":"wp","href":"https:\/\/api.w.org\/{rel}","templated":true}]}}