{"id":55845,"date":"2025-05-02T08:51:42","date_gmt":"2025-05-02T08:51:42","guid":{"rendered":"https:\/\/dekkbi.com\/?p=55845"},"modified":"2025-05-02T09:02:29","modified_gmt":"2025-05-02T09:02:29","slug":"bassirou-diomaye-faye-le-dialogue-social-est-un-levier-essentiel-de-la-stabilite-nationale-et-du-progres-socioeconomique","status":"publish","type":"post","link":"https:\/\/dekkbi.com\/?p=55845","title":{"rendered":"Bassirou Diomaye Faye\u00a0: \u2018\u2019le dialogue social est un levier essentiel de la stabilit\u00e9 nationale et du progr\u00e8s socio\u00e9conomique\u2019\u2019"},"content":{"rendered":"\n<p>Dakar, (APS) \u2013 Le pr\u00e9sident de la R\u00e9publique, Bassirou Diomaye Diakhar Faye, a estim\u00e9, jeudi, que le dialogue social est un levier essentiel de la stabilit\u00e9 nationale et du progr\u00e8s socio\u00e9conomique.<\/p>\n\n\n\n<p>\u2018\u2019Le gouvernement attache une importance capitale au dialogue social. Nous le consid\u00e9rons comme l\u2019un des piliers fondamentaux de la stabilit\u00e9 de notre pays et du progr\u00e8s \u00e9conomique et social\u2018\u2019, a d\u00e9clar\u00e9 le chef de l\u2019\u00c9tat, \u00e0 l\u2019occasion de la c\u00e9r\u00e9monie officielle de remise des cahiers de dol\u00e9ances des centrales syndicales dans le cadre de la f\u00eate du travail.<\/p>\n\n\n\n<p>Cette rencontre, qui s\u2019est d\u00e9roul\u00e9e en pr\u00e9sence du Premier ministre Ousmane Sonko et de plusieurs membres du gouvernement, avait pour cadre la salle des banquets du palais pr\u00e9sidentiel.<\/p>\n\n\n\n<p>S\u2019adressant aux repr\u00e9sentants syndicaux, le pr\u00e9sident Faye a salu\u00e9 \u2018\u2019l\u2019expression sinc\u00e8re des aspirations\u2018\u2019 des travailleurs \u00e0 des conditions de travail plus dignes, une r\u00e9mun\u00e9ration plus juste et une protection sociale renforc\u00e9e.<\/p>\n\n\n\n<p>\u2018\u2019Les attentes que vous avez formul\u00e9es ne sont pas de simples professions de foi. Elles seront examin\u00e9es avec la plus grande attention\u2018\u2019, a-t-il assur\u00e9, tout en reconnaissant les contraintes \u00e9conomiques actuelles qui appellent \u00e0 des choix responsables, sans pour autant remettre en cause l\u2019imp\u00e9ratif de justice sociale.<\/p>\n\n\n\n<p>Le chef de l\u2019\u00c9tat a salu\u00e9 les r\u00e9centes mesures prises par le ministre du Travail, de l\u2019Emploi et des Relations avec les institutions, Abass Fall, dans le sens notamment de la valorisation des salaires des travailleurs domestiques et des gens de maison, et des professions agricoles.<\/p>\n\n\n\n<p>Bassirou Diomaye Faye a ainsi mis en avant le nouveau Pacte national de stabilit\u00e9 sociale pour une croissance inclusive et durable, sign\u00e9e ce 1<sup>er<\/sup>&nbsp;mai entre le gouvernement et les organisations des travailleurs et d\u2019employeurs, au terme de concertations men\u00e9es sous l\u2019\u00e9gide du minist\u00e8re du Travail.<\/p>\n\n\n\n<p>Ce document, qui vise \u00e0 promouvoir une \u00e9conomie comp\u00e9titive, le travail d\u00e9cent et l\u2019\u00e9quit\u00e9, s\u2019inscrit dans le cadre de la strat\u00e9gie nationale de d\u00e9veloppement 2025-2029.<\/p>\n\n\n\n<p>\u2018\u2019De mani\u00e8re claire et sans \u00e9quivoque, j\u2019engage le gouvernement au respect strict des accords et engagements pris dans le cadre de ce nouveau pacte\u2018\u2019, a insist\u00e9 le chef de l\u2019\u00c9tat.<\/p>\n\n\n\n<p>Il a en ce sens exhort\u00e9 le ministre du Travail \u00e0 r\u00e9unir sans d\u00e9lai les partenaires sociaux pour d\u00e9finir un plan de mise en \u0153uvre.<\/p>\n\n\n\n<p>Bassirou Diomaye Faye a, par ailleurs, re\u00e7u \u00e0 cette occasion le document du nouveau Pacte, sign\u00e9 dans l\u2019apr\u00e8s-midi par plus d\u2019une vingtaine d\u2019organisations syndicales, \u00e0 la primature, en pr\u00e9sence du Premier ministre Ousmane Sonko.<\/p>\n\n\n\n<p>AN\/SKS\/ABB\/OID&nbsp;<\/p>\n","protected":false},"excerpt":{"rendered":"<p>Dakar, (APS) \u2013 Le pr\u00e9sident de la R\u00e9publique, Bassirou Diomaye Diakhar Faye, a estim\u00e9, jeudi, que le dialogue social est<\/p>\n","protected":false},"author":1,"featured_media":43522,"comment_status":"open","ping_status":"open","sticky":false,"template":"","format":"standard","meta":{"footnotes":""},"categories":[6],"tags":[],"class_list":["post-55845","post","type-post","status-publish","format-standard","has-post-thumbnail","hentry","category-politics"],"_links":{"self":[{"href":"https:\/\/dekkbi.com\/index.php?rest_route=\/wp\/v2\/posts\/55845","targetHints":{"allow":["GET"]}}],"collection":[{"href":"https:\/\/dekkbi.com\/index.php?rest_route=\/wp\/v2\/posts"}],"about":[{"href":"https:\/\/dekkbi.com\/index.php?rest_route=\/wp\/v2\/types\/post"}],"author":[{"embeddable":true,"href":"https:\/\/dekkbi.com\/index.php?rest_route=\/wp\/v2\/users\/1"}],"replies":[{"embeddable":true,"href":"https:\/\/dekkbi.com\/index.php?rest_route=%2Fwp%2Fv2%2Fcomments&post=55845"}],"version-history":[{"count":1,"href":"https:\/\/dekkbi.com\/index.php?rest_route=\/wp\/v2\/posts\/55845\/revisions"}],"predecessor-version":[{"id":55846,"href":"https:\/\/dekkbi.com\/index.php?rest_route=\/wp\/v2\/posts\/55845\/revisions\/55846"}],"wp:featuredmedia":[{"embeddable":true,"href":"https:\/\/dekkbi.com\/index.php?rest_route=\/wp\/v2\/media\/43522"}],"wp:attachment":[{"href":"https:\/\/dekkbi.com\/index.php?rest_route=%2Fwp%2Fv2%2Fmedia&parent=55845"}],"wp:term":[{"taxonomy":"category","embeddable":true,"href":"https:\/\/dekkbi.com\/index.php?rest_route=%2Fwp%2Fv2%2Fcategories&post=55845"},{"taxonomy":"post_tag","embeddable":true,"href":"https:\/\/dekkbi.com\/index.php?rest_route=%2Fwp%2Fv2%2Ftags&post=55845"}],"curies":[{"name":"wp","href":"https:\/\/api.w.org\/{rel}","templated":true}]}}